{"id":668168,"date":"2026-09-05T01:25:46","date_gmt":"2026-09-05T01:25:46","guid":{"rendered":"https:\/\/www.europesays.com\/pl\/668168\/"},"modified":"2026-09-05T01:25:46","modified_gmt":"2026-09-05T01:25:46","slug":"jeremy-guillemenot-zapowiada-piekne-bramki-dla-wisly-krakow-ma-ciekawe-cv","status":"publish","type":"post","link":"https:\/\/www.europesays.com\/pl\/668168\/","title":{"rendered":"Jeremy Guillemenot zapowiada pi\u0119kne bramki dla Wis\u0142y Krak\u00f3w. Ma ciekawe CV"},"content":{"rendered":"<p>Tak pi\u0119kne gole, jak ten strzelony w sobotnich derbach z Wieczyst\u0105 (2:0), kibice futbolu w krajach hiszpa\u0144skoj\u0119zycznych nazywaj\u0105 &#8222;golazo&#8221;.<\/p>\n<p>\u2014 Zdarza\u0142o mi si\u0119 ju\u017c takie bramki zdobywa\u0107 i mam nadziej\u0119, \u017ce w Wi\u015ble b\u0119dzie wi\u0119cej golazo. Cho\u0107 niech b\u0119d\u0105 i zwyczajne gole, one te\u017c s\u0105 ca\u0142kiem fajne \u2014 m\u00f3wi nam Jeremy Guillemenot.<\/p>\n<p>Nowy napastnik Bia\u0142ej Gwiazdy wypowiada te s\u0142owa po angielsku, chwil\u0119 wcze\u015bniej zako\u0144czy\u0142 rozmow\u0119 po hiszpa\u0144sku.<\/p>\n<p>\u2014 Znam kilka j\u0119zyk\u00f3w, tak\u017ce francuski, niemiecki, portugalski&#8230; Poznawanie kolejnych nie sprawia mi k\u0142opotu, hiszpa\u0144ski &#8222;z\u0142apa\u0142em&#8221; po trzech tygodniach. J\u0119zyk polski? Jest trudniejszy, na razie mog\u0119 tylko powiedzie\u0107 &#8222;dzie\u0144 dobry&#8221; i &#8222;dzi\u0119kuj\u0119&#8221;. Zajmie mi to wi\u0119cej czasu, ale spr\u00f3buj\u0119 si\u0119 nauczy\u0107 \u2014 obiecuje 28-latek.<\/p>\n<p>Kosmopolityzm wyni\u00f3s\u0142 z domu \u2014 mama Dina pochodzi z Portugalii, ojciec Franck z Francji, a on, podobnie jak starsze siostry Jessica i Rebekka, na \u015bwiat przyszed\u0142 w Genewie.<\/p>\n<p>Cudownym dzieckiem futbolu okrzykni\u0119to go w Servette FC, cho\u0107 musia\u0142 na to nieco zaczeka\u0107. W rozmowie z reporterem serwisu tdg.ch mama Jeremy\u2019ego wspomina\u0142a, jak po raz pierwszy pojawi\u0142a si\u0119 z czterolatkiem w centrum sportowym Balexert. \u2014 Mieszkali\u015bmy wtedy nieopodal starego stadionu Stade des Charmilles. Syn by\u0142 bardzo rozczarowany, gdy powiedziano mu, \u017ce jest jeszcze za ma\u0142y i mo\u017ce wr\u00f3ci\u0107, gdy sko\u0144czy sze\u015b\u0107 lat \u2014 opowiada\u0142a Dina Guillemenot.<\/p>\n<p><img class=\"ods-a-photo ods-a-photo--background\" src=\"https:\/\/www.europesays.com\/pl\/wp-content\/uploads\/2026\/09\/QLpk9lBaHR0cHM6Ly9vY2RuLmV1L3B1bHNjbXMvTURBXy8zZTE1YzMwNTAxNmMyNDU4N2U0ZmVkNTNmZDRjMTNjOS5qcGeRkwXNB.jpeg\" height=\"627\" width=\"940\" alt=\"J\u00e9r\u00e9my Guillemenot\" loading=\"lazy\" fetchpriority=\"auto\" decoding=\"auto\" url=\"https:\/\/ocdn.eu\/pulscms\/MDA_\/3e15c305016c24587e4fed53fd4c13c9.jpg\" description=\"J\u00e9r\u00e9my Guillemenot\" author=\"SIPAUSA\/NEWSPIX.PL \/ newspix.pl\" source=\"\" link=\"\"\/><\/p>\n<p>SIPAUSA\/NEWSPIX.PL \/ newspix.pl<\/p>\n<p>J\u00e9r\u00e9my Guillemenot<\/p>\n<p>Co ciekawe, nie by\u0142o takich ogranicze\u0144 w klubie hokejowym Geneve-Servette HC. Szybko jednak musia\u0142 przerwa\u0107 treningi, bo skacz\u0105c ze schod\u00f3w z\u0142ama\u0142 ko\u015b\u0107 stopy. Gdy wr\u00f3ci\u0142 do zaj\u0119\u0107 po d\u0142u\u017cszej nieobecno\u015bci, r\u00f3wie\u015bnicy znacznie lepiej radzili sobie z jazd\u0105 na \u0142y\u017cwach, co okaza\u0142o si\u0119 bardzo zniech\u0119caj\u0105ce. Wkr\u00f3tce rodzina przeprowadzi\u0142a si\u0119 do podmiejskiego Eaux-Vives i to tam, w klubie Urania Geneve Sport, Jeremy stawia\u0142 pierwsze pi\u0142karskie kroki.<\/p>\n<p>O wiele lepsze warunki oferowa\u0142 jednak Servette, po przenosinach kariera nabra\u0142a rozp\u0119du. Zdoby\u0142 mistrzostwo kraju do lat 18, zagra\u0142 w Lidze M\u0142odzie\u017cowej UEFA, wyst\u0105pi\u0142 w Euro U-17 i znalaz\u0142 si\u0119 na radarze bogatszych klub\u00f3w z Zurychu i Bazylei. Do domu przysz\u0142o te\u017c zaproszenie na testy, wystosowane na papierze firmowym Barcelony. W sparingu katalo\u0144skiej dru\u017cyny U-19 strzeli\u0142 dwa gole i wkr\u00f3tce na stole wyl\u0105dowa\u0142 kontrakt do podpisu.<\/p>\n<p>Zaczyna\u0142 w Barcy z Marcem Cucurell\u0105<\/p>\n<p>Nie mia\u0142 agenta, po rad\u0119 zwr\u00f3ci\u0142 si\u0119 do rodzic\u00f3w i po\u015brednik\u00f3w. \u2014 Jest kilka \u015bcie\u017cek, kt\u00f3rymi mo\u017ce pod\u0105\u017cy\u0107, ale jak przewidzie\u0107, kt\u00f3ra jest w\u0142a\u015bciwa? Rozwa\u017camy je, doradzamy mu, ale ostatecznie decyzja nale\u017cy do niego \u2014 t\u0142umaczy\u0142 w mediach Franck Guillemenot, by\u0142y pi\u0142karz dru\u017cyn czwartej ligi francuskiej. \u2014 No tak, ale kto by odm\u00f3wi\u0142 Barcelonie? \u2014 pyta\u0142 retorycznie 18-latek.<\/p>\n<p><img class=\"ods-a-photo ods-a-photo--background\" src=\"https:\/\/www.europesays.com\/pl\/wp-content\/uploads\/2026\/09\/znHk9lBaHR0cHM6Ly9vY2RuLmV1L3B1bHNjbXMvTURBXy8xZWE4ZTYwMDM5NTk3ZTRjM2Q0YTY2MTNkMzQ4YjQyZC5qcGeRkwXNB.jpeg\" height=\"628\" width=\"940\" alt=\" Angel Rodado, Jeremy Guillemenot i Maciej Kuziemka\" loading=\"lazy\" fetchpriority=\"auto\" decoding=\"auto\" url=\"https:\/\/ocdn.eu\/pulscms\/MDA_\/1ea8e60039597e4c3d4a6613d348b42d.jpg\" description=\" Angel Rodado, Jeremy Guillemenot i Maciej Kuziemka\" author=\"Krzysztof Por\u0119bski \/ newspix.pl\" source=\"\" link=\"\"\/><\/p>\n<p>Krzysztof Por\u0119bski \/ newspix.pl<\/p>\n<p> Angel Rodado, Jeremy Guillemenot i Maciej Kuziemka<\/p>\n<p>W sezonie 2016\/17 debiut w zespole Barcy B, prowadzonym przez Gerarda Lopeza, zaliczy\u0142o dw\u00f3ch pi\u0142karzy. Tym drugim by\u0142 Marc Cucurella. W mediach spo\u0142eczno\u015bciowych zachowa\u0142o si\u0119 zdj\u0119cie, przedstawiaj\u0105ce Guillemenota wraz z czterema innymi zawodnikami Blaugrany obok aktualnego mistrza \u015bwiata z Realu Madryt.<\/p>\n<p>\u2014 Bardzo mi\u0142o wspominam pobyt w Barcelonie, to by\u0142a pi\u0119kna historia. Konkurencja jest tam jednak pot\u0119\u017cna, ci\u0119\u017cko si\u0119 by\u0142o przebi\u0107. Rywalizowa\u0142em z pi\u0142karzami, kt\u00f3rzy p\u00f3\u017aniej zaistnieli w La Lidze i Lidze Mistrz\u00f3w \u2014 opowiada.<\/p>\n<p>Dwuletni okres w La Masii nie poszed\u0142 jednak na marne, notka w CV zrobi\u0142a swoje. Najpierw si\u0119gn\u0105\u0142 po niego Rapid Wiede\u0144, a gdy tam zawi\u00f3d\u0142, znalaz\u0142 prac\u0119 w St. Gallen. Tam rozkwit\u0142, zdoby\u0142 wicemistrzostwo Szwajcarii, a w najlepszym sezonie 2022\/23 strzeli\u0142 14 goli (11 w lidze i trzy w krajowym pucharze), dok\u0142adaj\u0105c siedem asyst. Nie usz\u0142o to uwadze dzia\u0142aczy Servette, kt\u00f3rzy wykupili swojego wychowanka za 500 tys. euro. Po roku si\u0119gn\u0105\u0142 po Puchar Szwajcarii, a nast\u0119pnie strzeli\u0142 gola Chelsea w kwalifikacjach Ligi Konferencji.<\/p>\n<p><img class=\"ods-a-photo ods-a-photo--background\" src=\"https:\/\/www.europesays.com\/pl\/wp-content\/uploads\/2026\/09\/efjk9lBaHR0cHM6Ly9vY2RuLmV1L3B1bHNjbXMvTURBXy9iOTQwZDIwZWUyZTYyZDI2NGQ1MDk0YTdhMjA5MDkyNS5qcGeRkwXNB.jpeg\" height=\"627\" width=\"940\" alt=\"Jeremy Guillemenot jako pi\u0142karz Servette FC\" loading=\"lazy\" fetchpriority=\"auto\" decoding=\"auto\" url=\"https:\/\/ocdn.eu\/pulscms\/MDA_\/b940d20ee2e62d264d5094a7a2090925.jpg\" description=\"Jeremy Guillemenot jako pi\u0142karz Servette FC\" author=\"FOT.IMAGO\/NEWSPIX.PL \/ newspix.pl\" source=\"\" link=\"\"\/><\/p>\n<p>FOT.IMAGO\/NEWSPIX.PL \/ newspix.pl<\/p>\n<p>Jeremy Guillemenot jako pi\u0142karz Servette FC<\/p>\n<p>W przedsionku wielkiego futbolu znalaz\u0142 si\u0119 tak\u017ce za spraw\u0105 wyst\u0119p\u00f3w w kadrze U-21. Takie powo\u0142anie daje wchodz\u0105cemu w doros\u0142o\u015b\u0107 pi\u0142karzowi przekonanie, \u017ce otwieraj\u0105 si\u0119 przed nim bramy nieba. \u017bycie pokazuje jednak, jak mo\u017ce to by\u0107 z\u0142udne. Za przyk\u0142ad niech pos\u0142u\u017cy mecz na stadionie Neuchatel Xamax z listopada 2019 r. Na \u015brodku obrony Francji zagra\u0142 Dayot Upamecano, a w sk\u0142adzie Szwajcarii zdobywca pierwszej bramki Guillemenot, strzelec dw\u00f3ch kolejnych goli Andi Zeqiri oraz pomocnik Petar Pu\u0161i\u0107, a na \u0142awce usiad\u0142 Filip Stojilkovi\u0107. Francuz trzy lata p\u00f3\u017aniej jako gracz Bayernu zosta\u0142 wicemistrzem \u015bwiata, natomiast czw\u00f3rka Szwajcar\u00f3w, kt\u00f3ra w\u00f3wczas triumfowa\u0142a 3:1, znalaz\u0142a swoj\u0105 ziemi\u0119 obiecan\u0105 w Ekstraklasie (Wis\u0142a, Widzew, Wieczysta i Cracovia).<\/p>\n<p>Guillemenot nie jest pierwszym zawodnikiem Bia\u0142ej Gwiazdy, kt\u00f3ry reprezentowa\u0142 rezerwy Barcy. Gra\u0142 w niej bowiem tak\u017ce jego dawny kolega z szatni \u2014 Jesus Alfaro oraz inny z Hiszpan\u00f3w, Angel Rodado. Gdy jednak dyrektor sportowy Wis\u0142y Vullnet Basha wys\u0142a\u0142 ofert\u0119 do Szwajcara, ten zadzwoni\u0142 do Maxime\u2019a Domingueza, rodaka, kt\u00f3ry szkoli\u0142 si\u0119 w starszym roczniku akademii Servette, a w ubieg\u0142ym sezonie reprezentowa\u0142 barwy Pas\u00f3w. 30-letni pomocnik, obecnie gracz Maritimo, doradzi\u0142 mu przenosiny do Krakowa, cho\u0107 sam nie zagrza\u0142 tu d\u0142ugo miejsca.<\/p>\n<p><img class=\"ods-a-photo ods-a-photo--background\" src=\"https:\/\/www.europesays.com\/pl\/wp-content\/uploads\/2026\/09\/WVZk9lBaHR0cHM6Ly9vY2RuLmV1L3B1bHNjbXMvTURBXy9mYjE1YjViM2ExMGZmZmEyOTNhNjRiOThjZTYxMTI0Zi5qcGeRkwXNB.jpeg\" height=\"627\" width=\"940\" alt=\"Jeremy Guillemenot zdoby\u0142 bramk\u0119 w swoim pierwszym wyst\u0119pie na stadionie w Krakowie\" loading=\"lazy\" fetchpriority=\"auto\" decoding=\"auto\" url=\"https:\/\/ocdn.eu\/pulscms\/MDA_\/fb15b5b3a10fffa293a64b98ce61124f.jpg\" description=\"Jeremy Guillemenot zdoby\u0142 bramk\u0119 w swoim pierwszym wyst\u0119pie na stadionie w Krakowie\" author=\"FOTO BARTEK ZIOLKOWSKI \/ CYFRASPORT\/NEWSPIX.PL \/ newspix.pl\" source=\"\" link=\"\"\/><\/p>\n<p>FOTO BARTEK ZIOLKOWSKI \/ CYFRASPORT\/NEWSPIX.PL \/ newspix.pl<\/p>\n<p>Jeremy Guillemenot zdoby\u0142 bramk\u0119 w swoim pierwszym wyst\u0119pie na stadionie w Krakowie<\/p>\n<p>Jeremy Guillemenot: by\u0142o jak we \u015bnie<\/p>\n<p>Guillemenot potrzebowa\u0142 kilku tygodni, by nadrobi\u0107 braki treningowe. Zacz\u0105\u0142 od debiutu na boiskach III ligi, wychodz\u0105c na boisko jako gracz wi\u015blackich rezerw w meczu z Koron\u0105 II w Kielcach. P\u00f3\u017aniej by\u0142y minuty na stadionie Pogoni Szczecin i wreszcie wyst\u0119p okraszony pierwszym golem przy Reymonta.<\/p>\n<p>\u2014 Krzykn\u0105\u0142em Mikiemu [Rafa\u0142owi Mikulcowi], \u017ceby poda\u0142 mi pi\u0142k\u0119 i ju\u017c w momencie jej uderzania mia\u0142em przeczucie, \u017ce poleci prosto do bramki \u2014 opowiada.<\/p>\n<p>Ten gol mia\u0142 dla niego wyj\u0105tkowy smak. Nie ka\u017cdemu jest dane wcieli\u0107 si\u0119 w rol\u0119 bohatera w derbach, przy pe\u0142nym stadionie, na dodatek trafiaj\u0105c zza pola karnego w samo okienko.<\/p>\n<p>\u2014 Jako pi\u0142karz zawsze wyobra\u017casz sobie takie chwile, ale kiedy naprawd\u0119 si\u0119 wydarz\u0105, czujesz si\u0119 troch\u0119 jak we \u015bnie \u2014 m\u00f3wi.<\/p>\n<p>Gola zadedykowa\u0142 zmar\u0142ej w lipcu babci. Z rodzin\u0105 jest bardzo z\u017cyty. W najtrudniejszych chwilach, gdy po serii s\u0142abych wyst\u0119p\u00f3w w Servette kibice atakowali go bez pardonu, stara\u0142 si\u0119 w pierwszym rz\u0119dzie chroni\u0107 rodzic\u00f3w, kt\u00f3rzy to bardzo prze\u017cywali.<\/p>\n<p>\u2014 Wiem, \u017ce krytyka jest cz\u0119\u015bci\u0105 gry, ale trudno by\u0142o sobie z ni\u0105 poradzi\u0107. Widzia\u0142em r\u00f3\u017cne rzeczy w mediach spo\u0142eczno\u015bciowych, to by\u0142o dla mnie trudne. Ale my\u015bl\u0119, \u017ce jeszcze trudniej by\u0142o mojej rodzinie. To dlatego zamiast z rodzicami, wola\u0142em o tym rozmawia\u0107 z moj\u0105 dziewczyn\u0105 Marin\u0105 \u2014 t\u0142umaczy\u0142 w rozmowie z serwisem tdg.ch, kt\u00f3ry opisa\u0142 jego histori\u0119.<\/p>\n<p><img class=\"ods-a-photo ods-a-photo--background\" src=\"https:\/\/www.europesays.com\/pl\/wp-content\/uploads\/2026\/09\/oV7k9lBaHR0cHM6Ly9vY2RuLmV1L3B1bHNjbXMvTURBXy8wMDZiNTI3OWZmMTEzNjc1MjQyOTFlOWNlNTIzMTJiNi5qcGeRkwXNB.jpeg\" height=\"627\" width=\"940\" alt=\"Jeremy Guillemenot\" loading=\"lazy\" fetchpriority=\"auto\" decoding=\"auto\" url=\"https:\/\/ocdn.eu\/pulscms\/MDA_\/006b5279ff11367524291e9ce52312b6.jpg\" description=\"Jeremy Guillemenot\" author=\"Bartek Zi\u00f3\u0142kowski \/ newspix.pl\" source=\"\" link=\"\"\/><\/p>\n<p>Bartek Zi\u00f3\u0142kowski \/ newspix.pl<\/p>\n<p>Jeremy Guillemenot<\/p>\n<p>Cho\u0107 zawodzi\u0142, nowy trener Jocelyn Gourvennec wci\u0105\u017c dawa\u0142 mu szanse. Za kadencji poprzednik\u00f3w \u2014 Rene Weilera i Thomasa H\u00e4berlego r\u00f3\u017cnie bywa\u0142o, cz\u0119sto by\u0142 ustawiany na boisku wsz\u0119dzie, tylko nie tam, gdzie czuje si\u0119 najlepiej. \u2014 Jestem \u015brodkowym napastnikiem, ale odpowiada mi te\u017c gra na pozycji numer 10 \u2014 podkre\u015bla.<\/p>\n<p>Po wyga\u015bni\u0119ciu trzyletniego kontraktu z Servette, oferty przed\u0142u\u017cenia nie by\u0142o. W\u0142adze klubu po\u017cegna\u0142y go godnie, co nie znaczy, \u017ce przykre wspomnienia, obelgi i szyderstwa posz\u0142y zupe\u0142nie w niepami\u0119\u0107. To dlatego aplauz, jakiego do\u015bwiadczy\u0142 po golu dla Wis\u0142y ze strony krakowskich kibic\u00f3w, by\u0142 dla niego tak wa\u017cny.<\/p>\n<p>\u2014 Czu\u0142em si\u0119 niesamowicie, gdy kibice skandowali moje imi\u0119. Poczu\u0142em z ich strony ogromne wsparcie. Wierz\u0119, \u017ce si\u0119 odwdzi\u0119cz\u0119 kolejnymi golami \u2014 m\u00f3wi.<\/p>\n<p>O tym, \u017ce nie b\u0119dzie \u0142atwo spe\u0142ni\u0107 tak\u0105 obietnic\u0119, przekona\u0142 si\u0119 we wtorkowym (1 wrze\u015bnia) meczu Pucharu Polski. Z Odr\u0105 Opole zagra\u0142 s\u0142abo, a Wis\u0142a odpad\u0142a z rozgrywek. O kolejne wyst\u0119py w sk\u0142adzie, w kt\u00f3rym zadomowili si\u0119 Rodado i Jordi Sanchez, b\u0119dzie musia\u0142 stoczy\u0107 ci\u0119\u017ck\u0105 walk\u0119.<\/p>\n","protected":false},"excerpt":{"rendered":"Tak pi\u0119kne gole, jak ten strzelony w sobotnich derbach z Wieczyst\u0105 (2:0), kibice futbolu w krajach hiszpa\u0144skoj\u0119zycznych nazywaj\u0105&hellip;\n","protected":false},"author":2,"featured_media":668169,"comment_status":"","ping_status":"","sticky":false,"template":"","format":"standard","meta":{"footnotes":"","_share_on_mastodon":"0"},"categories":[51606],"tags":[56,61195,3106,274,1304,48,46,948,42,38,40,39,41,47,2354],"class_list":["post-668168","post","type-post","status-publish","format-standard","has-post-thumbnail","category-krakow","tag-article_premium","tag-bottomfeed_styl","tag-dzis_pisza_dla_was","tag-ekstraklasa","tag-krakow","tag-nat_styl","tag-omp","tag-pilka_nozna","tag-pl","tag-poland","tag-polish","tag-polska","tag-polski","tag-screening_general","tag-wisla_krakow"],"share_on_mastodon":{"url":"https:\/\/pubeurope.com\/@pl\/117215831357161301","error":""},"_links":{"self":[{"href":"https:\/\/www.europesays.com\/pl\/wp-json\/wp\/v2\/posts\/668168","targetHints":{"allow":["GET"]}}],"collection":[{"href":"https:\/\/www.europesays.com\/pl\/wp-json\/wp\/v2\/posts"}],"about":[{"href":"https:\/\/www.europesays.com\/pl\/wp-json\/wp\/v2\/types\/post"}],"author":[{"embeddable":true,"href":"https:\/\/www.europesays.com\/pl\/wp-json\/wp\/v2\/users\/2"}],"replies":[{"embeddable":true,"href":"https:\/\/www.europesays.com\/pl\/wp-json\/wp\/v2\/comments?post=668168"}],"version-history":[{"count":0,"href":"https:\/\/www.europesays.com\/pl\/wp-json\/wp\/v2\/posts\/668168\/revisions"}],"wp:featuredmedia":[{"embeddable":true,"href":"https:\/\/www.europesays.com\/pl\/wp-json\/wp\/v2\/media\/668169"}],"wp:attachment":[{"href":"https:\/\/www.europesays.com\/pl\/wp-json\/wp\/v2\/media?parent=668168"}],"wp:term":[{"taxonomy":"category","embeddable":true,"href":"https:\/\/www.europesays.com\/pl\/wp-json\/wp\/v2\/categories?post=668168"},{"taxonomy":"post_tag","embeddable":true,"href":"https:\/\/www.europesays.com\/pl\/wp-json\/wp\/v2\/tags?post=668168"}],"curies":[{"name":"wp","href":"https:\/\/api.w.org\/{rel}","templated":true}]}}