{"id":668182,"date":"2026-09-05T01:34:20","date_gmt":"2026-09-05T01:34:20","guid":{"rendered":"https:\/\/www.europesays.com\/pl\/668182\/"},"modified":"2026-09-05T01:34:20","modified_gmt":"2026-09-05T01:34:20","slug":"iphone-18-pro-w-trzech-opcjach-kolorystycznych","status":"publish","type":"post","link":"https:\/\/www.europesays.com\/pl\/668182\/","title":{"rendered":"iPhone 18 Pro w trzech opcjach kolorystycznych"},"content":{"rendered":"<p class=\"lead\">Wraz z corocznym cyklem wydawniczym Apple mo\u017cna si\u0119 spodziewa\u0107, \u017ce zostanie wypuszczona pierwsza cz\u0119\u015b\u0107 urz\u0105dze\u0144. Mi\u0119dzy innymi b\u0119dzie to iPhone 18 Pro i Pro Max. Wiadomo, jakiej specyfikacji si\u0119 spodziewa\u0107, a w dodatku w sieci znalaz\u0142y si\u0119 informacje o faktycznych kolorach iPhone\u2019\u00f3w.<\/p>\n<ul>\n<li>Apple przygotowuje kolejn\u0105 generacj\u0119 iPhone\u2019\u00f3w, w tym iPhone 18 Pro i 18 Pro Max.<\/li>\n<li>Pojawi\u0142y si\u0119 informacje o faktycznych kolorach nowych iPhone\u2019\u00f3w.<\/li>\n<li>R\u00f3\u017cne kolory w telefonach nadal maj\u0105 sens.<\/li>\n<\/ul>\n<p>Za kilka dni portfolio Apple poszerzy si\u0119 o modele Pro i Pro Max. iPhone 18 Pro mo\u017ce pojawi\u0107 si\u0119 w trzech kolorach, co nie jest tak oczywiste na pierwszy rzut oka.<\/p>\n<p>iPhone 18 Pro w trzech opcjach kolorystycznych<\/p>\n<p>Jeszcze niedawno m\u00f3wi\u0142o si\u0119 o nowym kolorze \u2014 Silver. Jednak z przeciek\u00f3w zaufanego leakstera, jakim jest Instant Digital, wynika, \u017ce nowy iPhone 18 Pro zyska jedynie trzy kolory, jakimi b\u0119d\u0105 Dark Cherry, Sky Blue oraz Black.<\/p>\n<p><img loading=\"lazy\" decoding=\"async\" aria-describedby=\"caption-attachment-1663309\" data-attachment-id=\"1663309\" data-permalink=\"https:\/\/www.gsmmaniak.pl\/1663290\/iphone-18-pro-przylapany-na-zdjeciach-wiemy-wszystko\/attachment\/4-kjoloey\/\" data-orig-file=\"https:\/\/www.gsmmaniak.pl\/wp-content\/uploads\/gsmmaniak\/2026\/06\/4-kjoloey-.png\" data-orig-size=\"590,328\" data-comments-opened=\"0\" data-image-meta=\"[]\" data-image-title=\"4 kjoloey\" data-image-description=\"\" data-image-caption=\"&lt;p&gt;iPhone 18 Pro \/ fot. @LusiRoy8, via x.com&lt;\/p&gt;&#10;\" data-medium-file=\"https:\/\/www.europesays.com\/pl\/wp-content\/uploads\/2026\/09\/1788572060_514_4-kjoloey--medium.png\" data-large-file=\"https:\/\/www.gsmmaniak.pl\/wp-content\/uploads\/gsmmaniak\/2026\/06\/4-kjoloey-.png\" class=\"size-medium wp-image-1663309\" src=\"https:\/\/www.europesays.com\/pl\/wp-content\/uploads\/2026\/09\/1788572060_514_4-kjoloey--medium.png\" alt=\"\" width=\"500\" height=\"278\"   itemprop=\"image\" \/><\/p>\n<p id=\"caption-attachment-1663309\" class=\"wp-caption-text\">iPhone 18 Pro \/ fot. @LusiRoy8, via x.com<\/p>\n<p>Co ciekawe, to samo \u017ar\u00f3d\u0142o Instant Digital, twierdzi, \u017ce \u2014 m\u00f3j faworyt, czyli czarny \u2014 mo\u017ce zosta\u0107 pomini\u0119ty. Co mog\u0142oby oznacza\u0107 do\u015b\u0107 ubog\u0105 palet\u0119 kolorystyczn\u0105 nowego iPhone\u2019a.<\/p>\n<p>M\u00f3wi si\u0119, \u017ce dominuj\u0105cym kolorem ma by\u0107 Dark Cherry i mo\u017ce odgrywa\u0107 podobn\u0105 rol\u0119 jak w przypadku Cosmic Orange znanego z iPhone\u2019a 17 Pro. Z kolei cieszy mnie fakt, \u017ce Apple postanowi\u0142 zrezygnowa\u0107 z tego koloru. Podsumowuj\u0105c, mo\u017cemy by\u0107 pewni co najmniej dw\u00f3ch kolor\u00f3w: Dark Cherry i Sky Blue, natomiast Black wci\u0105\u017c jest owiany niepewno\u015bci\u0105.<\/p>\n<p>Co ciekawe, kolor w przypadku nowych iPhone\u2019\u00f3w ma szczeg\u00f3lne znaczenie<\/p>\n<p>Osobi\u015bcie nie znam nikogo, kto nie u\u017cywa\u0142by etui na sw\u00f3j telefon. Pokrowiec chroni urz\u0105dzenie i tym samym zas\u0142ania praktycznie ca\u0142\u0105 cz\u0119\u015b\u0107 obudowy, przez co nie wida\u0107, jakiego koloru jest urz\u0105dzenie. Na tym etapie wiedza o tym, jakiego koloru jest smartfon, jest drugorz\u0119dn\u0105 kwesti\u0105.<\/p>\n<p>Nie w przypadku iPhone\u2019\u00f3w z now\u0105 wysp\u0105. iPhone 18 Pro b\u0119dzie mia\u0142 ten sam wystaj\u0105cy modu\u0142. Co znaczy, \u017ce oko\u0142o 1\/4 jego pleck\u00f3w b\u0119dzie widoczna. Natomiast wielko\u015b\u0107 tej wyspy, jak i og\u00f3lnych gabaryt\u00f3w iPhone\u2019a, <a href=\"https:\/\/www.gsmmaniak.pl\/1662273\/iphone-18-ze-zmienna-przyslona-trudno-sie-nie-cieszyc\/\" rel=\"nofollow noopener\" target=\"_blank\">ma by\u0107 uwarunkowana zmienn\u0105 przys\u0142on\u0105<\/a> \u2014 co jest nowym rozwi\u0105zaniem w przypadku Apple.<\/p>\n<p>\u0179r\u00f3d\u0142o; Instant Digital, via <a href=\"https:\/\/www.macrumors.com\/2026\/09\/01\/iphone-18-pro-colors-include-black-but-skip-silver\/\" rel=\"nofollow noopener\" target=\"_blank\">macrumors.com<\/a>, opracowanie w\u0142asne\u00a0<\/p>\n","protected":false},"excerpt":{"rendered":"Wraz z corocznym cyklem wydawniczym Apple mo\u017cna si\u0119 spodziewa\u0107, \u017ce zostanie wypuszczona pierwsza cz\u0119\u015b\u0107 urz\u0105dze\u0144. Mi\u0119dzy innymi b\u0119dzie&hellip;\n","protected":false},"author":2,"featured_media":668183,"comment_status":"","ping_status":"","sticky":false,"template":"","format":"standard","meta":{"footnotes":"","_share_on_mastodon":"0"},"categories":[20],"tags":[120,118,119,42,38,40,39,41,116,114,115,121,117],"class_list":["post-668182","post","type-post","status-publish","format-standard","has-post-thumbnail","category-nauka-i-technika","tag-nauka","tag-nauka-i-technika","tag-naukatechnika","tag-pl","tag-poland","tag-polish","tag-polska","tag-polski","tag-science","tag-science-and-technology","tag-sciencetechnology","tag-technika","tag-technology"],"share_on_mastodon":{"url":"https:\/\/pubeurope.com\/@pl\/117215866522138450","error":""},"_links":{"self":[{"href":"https:\/\/www.europesays.com\/pl\/wp-json\/wp\/v2\/posts\/668182","targetHints":{"allow":["GET"]}}],"collection":[{"href":"https:\/\/www.europesays.com\/pl\/wp-json\/wp\/v2\/posts"}],"about":[{"href":"https:\/\/www.europesays.com\/pl\/wp-json\/wp\/v2\/types\/post"}],"author":[{"embeddable":true,"href":"https:\/\/www.europesays.com\/pl\/wp-json\/wp\/v2\/users\/2"}],"replies":[{"embeddable":true,"href":"https:\/\/www.europesays.com\/pl\/wp-json\/wp\/v2\/comments?post=668182"}],"version-history":[{"count":0,"href":"https:\/\/www.europesays.com\/pl\/wp-json\/wp\/v2\/posts\/668182\/revisions"}],"wp:featuredmedia":[{"embeddable":true,"href":"https:\/\/www.europesays.com\/pl\/wp-json\/wp\/v2\/media\/668183"}],"wp:attachment":[{"href":"https:\/\/www.europesays.com\/pl\/wp-json\/wp\/v2\/media?parent=668182"}],"wp:term":[{"taxonomy":"category","embeddable":true,"href":"https:\/\/www.europesays.com\/pl\/wp-json\/wp\/v2\/categories?post=668182"},{"taxonomy":"post_tag","embeddable":true,"href":"https:\/\/www.europesays.com\/pl\/wp-json\/wp\/v2\/tags?post=668182"}],"curies":[{"name":"wp","href":"https:\/\/api.w.org\/{rel}","templated":true}]}}