{"id":668188,"date":"2026-09-05T01:37:13","date_gmt":"2026-09-05T01:37:13","guid":{"rendered":"https:\/\/www.europesays.com\/pl\/668188\/"},"modified":"2026-09-05T01:37:13","modified_gmt":"2026-09-05T01:37:13","slug":"afera-zondacrypto-bedzie-komisja-sledcza-strata-dla-sledztwa","status":"publish","type":"post","link":"https:\/\/www.europesays.com\/pl\/668188\/","title":{"rendered":"Afera Zondacrypto. B\u0119dzie komisja \u015bledcza? &#8222;Strata dla \u015bledztwa&#8221;"},"content":{"rendered":"<p>W pi\u0105tek 4 wrze\u015bnia pos\u0142owie Rozwoju Plus z\u0142o\u017cyli projekt uchwa\u0142y w sprawie powo\u0142ania sejmowej komisji \u015bledczej do sprawy gie\u0142d kryptowalut BitBay i Zondacrypto. Pod projektem podpisali si\u0119 te\u017c m.in. pos\u0142owie partii Razem, Konfederacji, Demokracji Bezpo\u015bredniej oraz kilkoro niezrzeszonych parlamentarzyst\u00f3w.<\/p>\n<p>Dalszy ci\u0105g artyku\u0142u pod materia\u0142em wideoChc\u0105 komisji \u015bledczej ws. Zondacrypto. Prof. Na\u0142\u0119cz: dopuszczenie pos\u0142\u00f3w do tej dokumentacji zaszkodzi\u0142oby \u015bledztwu<a href=\"https:\/\/www.fakt.pl\/\" title=\"Strona G\u0142\u00f3wna\" aria-label=\"Strona G\u0142\u00f3wna\" data-astro-prefetch=\"tap\" class=\"ods-a-logo-main-desktop\" rel=\"nofollow noopener\" target=\"_blank\"><img src=\"https:\/\/cdn.fakt.pl\/img\/Logo_desktop_Fakt.svg\" class=\"ods-a-logo-main-desktop__image\" alt=\"Logo\" width=\"107\" height=\"86\" fetchpriority=\"high\" decoding=\"sync\" style=\"height:86px\"\/><\/a><\/p>\n<p class=\"ods-m-google-article__text\">Czytaj nas cz\u0119\u015bciej w Google<\/p>\n<p><a href=\"https:\/\/google.com\/preferences\/source?q=fakt.pl\" target=\"_blank\" rel=\"noopener noreferrer nofollow\" aria-label=\"Dodaj w Google\" title=\"Dodaj w Google\" class=\"ods-a-button ods-a-button__primary ods-a-button__default ods-a-button-l\">Dodaj w Google<\/a><\/p>\n<p>Jest to uchwa\u0142a &#8222;w sprawie powo\u0142ania Komisji \u015aledczej do zbadania prawid\u0142owo\u015bci, legalno\u015bci, terminowo\u015bci i skuteczno\u015bci dzia\u0142a\u0144 oraz zaniecha\u0144 organ\u00f3w w\u0142adzy publicznej wobec dzia\u0142alno\u015bci platform wymiany kryptoaktyw\u00f3w prowadzonych pod nazwami BitBay i Zondacrypto, w tym w zakresie ochrony \u015brodk\u00f3w ich klient\u00f3w oraz dzia\u0142a\u0144 podejmowanych na rzecz os\u00f3b poszkodowanych&#8221;.<\/p>\n<p>\u2014 Cieszymy si\u0119 z poparcia tego wniosku tak\u017ce przez inne \u015brodowiska polityczne \u2014 powiedzia\u0142 pose\u0142 \u0141ukasz Schreiber (Rozw\u00f3j Plus).<\/p>\n<p><a href=\"https:\/\/www.fakt.pl\/polityka\/afera-zondacrypto-roman-giertych-politycy-prawicy-mogli-ukrywac-majatek\/w38r52y\" id=\"e9ce34eb-a49a-4654-9ac4-175820337d83\" rel=\"nofollow noopener\" target=\"_blank\">Politycy prawicy ukrywali maj\u0105tek na kontach Zondy? &#8222;Czekam na ruch prokurator\u00f3w&#8221;<\/a><\/p>\n<p>\u2014 Bardzo uwa\u017cnie obserwowa\u0142em komisje \u015bledcze powo\u0142ane przez Sejm tej kadencji. Efekty ich dzia\u0142alno\u015bci, nie s\u0105 buduj\u0105ce. Je\u015bli chodzi o sam przebieg prac, ale te\u017c je\u015bli chodzi o ich fina\u0142. W sprawie Zondacrypto bardzo skutecznie i zdecydowanie dzia\u0142a prokuratura, wykorzystuj\u0105c swoj\u0105 przewag\u0119, jak\u0105 w tej sprawie ma nad potencjaln\u0105 komisj\u0105 \u015bledcz\u0105. W postaci znajomo\u015bci poufnej dokumentacji \u2014 komentuje w rozmowie z &#8222;Faktem&#8221; prof. Tomasz Na\u0142\u0119cz.<\/p>\n<blockquote class=\"ods-o-quote\">\n<p class=\"ods-o-quote__paragraph\">Powo\u0142anie komisji \u015bledczej moim zdaniem niczego by w tej sprawie nie przynios\u0142o, poza rozszczelnieniem tej dokumentacji, co by\u0142oby niepowetowan\u0105 strat\u0105 dla \u015bledztwa. Uwa\u017cam wi\u0119c, \u017ce powo\u0142ywanie komisji \u015bledczej w tej sprawie jest przeciwskuteczne. Moim zdaniem dopuszczenie pos\u0142\u00f3w do tej dokumentacji zaszkodzi\u0142oby \u015bledztwu<\/p>\n<\/blockquote>\n<p>\u2014 dodaje.<\/p>\n<p><a href=\"https:\/\/www.fakt.pl\/polityka\/afera-zondacrypto-karol-nawrocki-odpowiedzial-donaldowi-tuskowi\/kr2njqr\" id=\"45389993-9c8d-4796-971a-64ac16d0f455\" rel=\"nofollow noopener\" target=\"_blank\">Nawrocki odpowiedzia\u0142 Tuskowi. &#8222;Prosz\u0119 zg\u0142osi\u0107 do prokuratury&#8221;<\/a><\/p>\n<p>Jak m\u00f3wi prof. Na\u0142\u0119cz &#8222;od czasu pierwszych komisji \u015bledczych zmieni\u0142a si\u0119 polska polityka, zmieni\u0142o si\u0119 polskie spo\u0142ecze\u0144stwo&#8221;. \u2014 W komisjach \u015bledczych, kt\u00f3re dzia\u0142a\u0142y w tej kadencji, pos\u0142owie koalicji \u2014 w mniejszym stopniu \u2014 oraz pos\u0142owie opozycji, g\u0142\u00f3wnie chcieli wzbudzi\u0107 akceptacj\u0119 swoich wyborc\u00f3w. Pos\u0142owie opozycji przede wszystkim poprzez torpedowanie tych prac i o\u015bmieszanie ich r\u00f3\u017cnymi tego typu technikami. Taka dzia\u0142alno\u015b\u0107 wywo\u0142ywa\u0142a zgorszenie u komentator\u00f3w i obserwator\u00f3w, ale w\u015br\u00f3d wyborc\u00f3w niespecjalnie. A wi\u0119c dop\u00f3ki to si\u0119 nie zmieni, to r\u00f3wnie\u017c trzeba bardzo ostro\u017cnie powo\u0142ywa\u0107 komisje \u015bledcze \u2014 podkre\u015bla.<\/p>\n<blockquote class=\"ods-o-quote\">\n<p class=\"ods-o-quote__paragraph\">Warunkiem powo\u0142ywania takiej komisji powinny by\u0107 budz\u0105ce zastrze\u017cenia co do dzia\u0142ania prokuratury w kwestii intensywno\u015bci \u015bledztwa, co do jej obiektywizmu, co do woli i determinacji, wyja\u015bniania sprawy. A w sprawie Zondacrypto jest determinacja organ\u00f3w wymiaru sprawiedliwo\u015bci i s\u0105 efekty. \u017badn\u0105 miar\u0105 bym si\u0119 nie zgodzi\u0142 do takiej komisji dzisiaj wej\u015b\u0107 i nie wyobra\u017cam sobie, \u017cebym za tym zag\u0142osowa\u0142<\/p>\n<\/blockquote>\n<p>\u2014 m\u00f3wi prof. Na\u0142\u0119cz.<\/p>\n<p>Przypomnijmy, \u017ce we wtorek prezes PiS Jaros\u0142aw Kaczy\u0144ski przedstawi\u0142 pomys\u0142 powo\u0142ania Komisji Zaufania Publicznego, kt\u00f3ra mia\u0142aby zaj\u0105\u0107 si\u0119 wyja\u015bnieniem sprawy Zondacrypto. Zapowiedzia\u0142 projekt ustawy w tej sprawie.<\/p>\n<p><a href=\"https:\/\/www.fakt.pl\/polityka\/karol-nawrocki-nie-przyjmie-slubowania-berka-jest-sygnal-z-palacu\/tjwywym\" id=\"b51e1d92-4fac-4804-9ce7-b2f2e4e8954a\" rel=\"nofollow noopener\" target=\"_blank\">Prezydent mo\u017ce nie przyj\u0105\u0107 \u015blubowania Berka? Ludzie Nawrockiego wys\u0142ali sygna\u0142<\/a><\/p>\n","protected":false},"excerpt":{"rendered":"W pi\u0105tek 4 wrze\u015bnia pos\u0142owie Rozwoju Plus z\u0142o\u017cyli projekt uchwa\u0142y w sprawie powo\u0142ania sejmowej komisji \u015bledczej do sprawy&hellip;\n","protected":false},"author":2,"featured_media":668189,"comment_status":"","ping_status":"","sticky":false,"template":"","format":"standard","meta":{"footnotes":"","_share_on_mastodon":"0"},"categories":[12],"tags":[61195,32,33,36,37,27,5506,34,35,28,31,25,46,129559,42,38,40,907,39,41,47,423,29,111182,30,26],"class_list":["post-668188","post","type-post","status-publish","format-standard","has-post-thumbnail","category-polska","tag-bottomfeed_styl","tag-breaking-news","tag-breakingnews","tag-featured-news","tag-featurednews","tag-headlines","tag-komisja_sledcza","tag-latest-news","tag-latestnews","tag-naglowki","tag-najwazniejsze-artykuly","tag-news","tag-omp","tag-omp_tst3","tag-pl","tag-poland","tag-polish","tag-polityka","tag-polska","tag-polski","tag-screening_general","tag-sejm","tag-top-stories","tag-topbar_tst1","tag-topstories","tag-wiadomosci"],"share_on_mastodon":{"url":"","error":""},"_links":{"self":[{"href":"https:\/\/www.europesays.com\/pl\/wp-json\/wp\/v2\/posts\/668188","targetHints":{"allow":["GET"]}}],"collection":[{"href":"https:\/\/www.europesays.com\/pl\/wp-json\/wp\/v2\/posts"}],"about":[{"href":"https:\/\/www.europesays.com\/pl\/wp-json\/wp\/v2\/types\/post"}],"author":[{"embeddable":true,"href":"https:\/\/www.europesays.com\/pl\/wp-json\/wp\/v2\/users\/2"}],"replies":[{"embeddable":true,"href":"https:\/\/www.europesays.com\/pl\/wp-json\/wp\/v2\/comments?post=668188"}],"version-history":[{"count":0,"href":"https:\/\/www.europesays.com\/pl\/wp-json\/wp\/v2\/posts\/668188\/revisions"}],"wp:featuredmedia":[{"embeddable":true,"href":"https:\/\/www.europesays.com\/pl\/wp-json\/wp\/v2\/media\/668189"}],"wp:attachment":[{"href":"https:\/\/www.europesays.com\/pl\/wp-json\/wp\/v2\/media?parent=668188"}],"wp:term":[{"taxonomy":"category","embeddable":true,"href":"https:\/\/www.europesays.com\/pl\/wp-json\/wp\/v2\/categories?post=668188"},{"taxonomy":"post_tag","embeddable":true,"href":"https:\/\/www.europesays.com\/pl\/wp-json\/wp\/v2\/tags?post=668188"}],"curies":[{"name":"wp","href":"https:\/\/api.w.org\/{rel}","templated":true}]}}