{"id":668192,"date":"2026-09-05T01:39:28","date_gmt":"2026-09-05T01:39:28","guid":{"rendered":"https:\/\/www.europesays.com\/pl\/668192\/"},"modified":"2026-09-05T01:39:28","modified_gmt":"2026-09-05T01:39:28","slug":"donald-tusk-ujawnil-fragmenty-akt-zondacrypto-posel-pawel-jablonski-komentuje","status":"publish","type":"post","link":"https:\/\/www.europesays.com\/pl\/668192\/","title":{"rendered":"Donald Tusk ujawni\u0142 fragmenty akt Zondacrypto. Pose\u0142 Pawe\u0142 Jab\u0142o\u0144ski komentuje"},"content":{"rendered":"<p><img decoding=\"async\" data-nuxt-img=\"\"   onerror=\"this.setAttribute('data-error', 1)\" alt=\"Pawe\u0142 Jab\u0142o\u0144ski\" fetchpriority=\"high\" src=\"https:\/\/www.europesays.com\/pl\/wp-content\/uploads\/2026\/09\/26904053-ratio-3x2-1.jpg\" data-v-f60c0091=\"\"\/>Pose\u0142 KP Rozw\u00f3j Plus Pawe\u0142 Jab\u0142o\u0144ski na sali obrad Sejmu, 4 bm. W trzecim, ostatnim dniu posiedzenia izba ma m.in. dokona\u0107 wyboru nowego s\u0119dziego Trybuna\u0142u Konstytucyjnego. (fot. Albert Zawada)<\/p>\n<p class=\"post-excerpt desktop:order-1 desktop:font-bold my-0!\" data-v-99641e1f=\"\">Pawe\u0142 Jab\u0142o\u0144ski krytycznie ocenia spos\u00f3b, w jaki Donald Tusk przedstawi\u0142 w Sejmie fragmenty protoko\u0142u ze \u015bledztwa dotycz\u0105cego Zondacrypto. \u2013 Nie mo\u017ce by\u0107 tak, \u017ce premier, minister sprawiedliwo\u015bci, adwokat czy pose\u0142 Roman Giertych maj\u0105 dost\u0119p do materia\u0142\u00f3w \u015bledztwa i wybieraj\u0105 z nich pojedyncze zdania, kt\u00f3re nast\u0119pnie przedstawiaj\u0105 opinii publicznej \u2013 m\u00f3wi w rozmowie z Zero.pl pose\u0142 Rozwoju Plus.<\/p>\n<p>Donald Tusk ujawni\u0142 w Sejmie fragmenty protoko\u0142u ze \u015bledztwa dotycz\u0105cego Zondacrypto. Premier odczyta\u0142 zeznania osoby, kt\u00f3ra mia\u0142a po\u015bredniczy\u0107 w kontaktach Zbigniewa Ziobry z osob\u0105 zwi\u0105zan\u0105 z gie\u0142d\u0105. Wed\u0142ug przytoczonej relacji mia\u0142o chodzi\u0107 o 2 mln z\u0142, a cz\u0119\u015b\u0107 pieni\u0119dzy mia\u0142a by\u0107 przekazywana za po\u015brednictwem Fundacji Suwerennej Polski. W materiale pojawi\u0142 si\u0119 tak\u017ce w\u0105tek potencjalnego u\u0142askawienia. Dla Zero.pl spraw\u0119 komentuje Pawe\u0142 Jab\u0142o\u0144ski. Pose\u0142 przekonuje, \u017ce ujawnienie pojedynczych fragment\u00f3w protoko\u0142u powinno by\u0107 impulsem do powo\u0142ania komisji \u015bledczej. <\/p>\n<p><a href=\"https:\/\/zero.pl\/news\/tusk-ujawnil-fragmenty-zeznan-w-sprawie-zondacrypto-padlo-nazwisko-ziobry\" class=\"\" rel=\"nofollow noopener\" target=\"_blank\">Donald Tusk podczas pi\u0105tkowego posiedzenia Sejmu przedstawi\u0142 fragmenty materia\u0142u, kt\u00f3ry \u2013 jak przekaza\u0142 \u2013 pochodzi ze \u015bledztwa dotycz\u0105cego Zondacrypto.<\/a><\/p>\n<p>Premier odczyta\u0142 fragmenty zezna\u0144 osoby, kt\u00f3ra mia\u0142a po\u015bredniczy\u0107 w kontaktach pomi\u0119dzy Zbigniewem Ziobr\u0105 a osob\u0105 kieruj\u0105c\u0105 przedsi\u0119wzi\u0119ciem zwi\u0105zanym z gie\u0142d\u0105 Zondacrypto. Wed\u0142ug przytoczonej przez Tuska relacji Ziobro mia\u0142 deklarowa\u0107, \u017ce po powrocie do Ministerstwa Sprawiedliwo\u015bci doprowadzi do zako\u0144czenia post\u0119powa\u0144 dotycz\u0105cych gie\u0142dy.<\/p>\n<p>W wyst\u0105pieniu premiera pojawi\u0142 si\u0119 r\u00f3wnie\u017c w\u0105tek korzy\u015bci finansowych. Wed\u0142ug przytoczonych zezna\u0144 mia\u0142o chodzi\u0107 \u0142\u0105cznie o 2 mln z\u0142, a cz\u0119\u015b\u0107 pieni\u0119dzy mia\u0142a by\u0107 przekazywana za po\u015brednictwem Fundacji Suwerennej Polski. Tusk m\u00f3wi\u0142 tak\u017ce o relacji dotycz\u0105cej potencjalnego u\u0142askawienia osoby zwi\u0105zanej ze spraw\u0105 w przypadku zwyci\u0119stwa Karola Nawrockiego w wyborach prezydenckich.<\/p>\n<p>Pose\u0142 Rozwoju Plus Pawe\u0142 Jab\u0142o\u0144ski uwa\u017ca, \u017ce przedstawienie wybranych fragment\u00f3w materia\u0142u ze \u015bledztwa powinno by\u0107 impulsem do szerszego wyja\u015bnienia sprawy.<\/p>\n<p>\u2013 To, co wydarzy\u0142o si\u0119 dzisiaj w Sejmie, jest najlepszym uzasadnieniem naszego wniosku o powo\u0142anie komisji \u015bledczej. Nie mo\u017ce by\u0107 tak, \u017ce premier, minister sprawiedliwo\u015bci, adwokat czy pose\u0142 Roman Giertych maj\u0105 dost\u0119p do materia\u0142\u00f3w \u015bledztwa i wybieraj\u0105 z nich pojedyncze zdania, kt\u00f3re nast\u0119pnie przedstawiaj\u0105 opinii publicznej \u2013 m\u00f3wi Pawe\u0142 Jab\u0142o\u0144ski.<\/p>\n<p>Jab\u0142o\u0144ski: \u201ePe\u0142na skala tej afery nie jest wyja\u015bniana\u201d<\/p>\n<p>Pose\u0142 podkre\u015bla, \u017ce jego zdaniem dotychczasowa debata nie obejmuje wszystkich okoliczno\u015bci sprawy.<\/p>\n<p>\u2013 Pe\u0142na skala tej afery nie jest wyja\u015bniana. Z\u0142o\u017cyli\u015bmy wniosek o powo\u0142anie komisji \u015bledczej, poniewa\u017c uwa\u017camy, \u017ce wszystkie okoliczno\u015bci powinny zosta\u0107 publicznie przedstawione, z udzia\u0142em wszystkich si\u0142 politycznych. W\u0142a\u015bnie do tego s\u0142u\u017cy komisja \u015bledcza \u2013 m\u00f3wi w rozmowie z Zero.pl<\/p>\n<p>Czytaj r\u00f3wnie\u017c: <a href=\"https:\/\/zero.pl\/news\/prezydent-nawrocki-zawetowal-ustawe-o-kryptowalutach-sejm-zadecydowal-w-sprawie-weta\" class=\"\" rel=\"nofollow noopener\" target=\"_blank\">Sejm o kryptowalutach. Pos\u0142owie zadecydowali w sprawie prezydenckiego weta<\/a><\/p>\n<p>Zdaniem pos\u0142a kluczowe w sprawie nie s\u0105 jednak same kontakty os\u00f3b zwi\u0105zanych ze \u015bwiatem kryptowalut z politykami, ale spos\u00f3b dzia\u0142ania pa\u0144stwa i instytucji, kt\u00f3re mia\u0142y zajmowa\u0107 si\u0119 spraw\u0105.<\/p>\n<p>\u2013 Nasz wniosek poparli pos\u0142owie Konfederacji, ko\u0142a Razem oraz kilku parlamentarzyst\u00f3w niezrzeszonych. \u0141\u0105cznie zebrali\u015bmy ponad 60 podpis\u00f3w. Zobaczymy, co dalej stanie si\u0119 z tym wnioskiem, ale uwa\u017camy, \u017ce Polacy maj\u0105 prawo dowiedzie\u0107 si\u0119, dlaczego pa\u0144stwo pozwoli\u0142o na to, by te pieni\u0105dze zosta\u0142y ukradzione. To jest najwa\u017cniejsze pytanie w tej aferze. Nie chodzi o to, kto z kim si\u0119 spotyka\u0142, ale dlaczego s\u0142u\u017cby pa\u0144stwa dopu\u015bci\u0142y do sytuacji, w kt\u00f3rej Kral uciek\u0142 z tymi pieni\u0119dzmi \u2013 m\u00f3wi Pawe\u0142 Jab\u0142o\u0144ski.<\/p>\n<p>Czy Donald Tusk m\u00f3g\u0142 upubliczni\u0107 protok\u00f3\u0142?<\/p>\n<p>Po wyst\u0105pieniu Tuska pojawi\u0142y si\u0119 r\u00f3wnie\u017c pytania o mo\u017cliwo\u015b\u0107 ujawnienia fragment\u00f3w materia\u0142\u00f3w pochodz\u0105cych ze \u015bledztwa. Jab\u0142o\u0144ski przyznaje, \u017ce prawo przewiduje tak\u0105 mo\u017cliwo\u015b\u0107.<\/p>\n<p>\u2013 Przepisy Prawa o adwokaturze rzeczywi\u015bcie na to pozwalaj\u0105. Taki przepis zosta\u0142 wprowadzony w 2016 r. Uwa\u017cam jednak, \u017ce w tym przypadku mamy do czynienia z polityczn\u0105 manipulacj\u0105, poniewa\u017c wykorzystuje si\u0119 jeden z element\u00f3w bardzo z\u0142o\u017conego \u015bledztwa do prowadzenia politycznej potyczki \u2013 m\u00f3wi parlamentarzysta.<\/p>\n<p>Jab\u0142o\u0144ski ponownie wskazuje w tym kontek\u015bcie na potrzeb\u0119 powo\u0142ania komisji \u015bledczej. Jak podkre\u015bla, mia\u0142aby ona pozwoli\u0107 na publiczne przedstawienie szerszego zakresu okoliczno\u015bci zwi\u0105zanych ze spraw\u0105.<\/p>\n<p>\u2013 W\u0142a\u015bnie dlatego domagamy si\u0119, aby spraw\u0119 wyja\u015bni\u0107 w spos\u00f3b jawny i powo\u0142a\u0107 komisj\u0119 \u015bledcz\u0105. Mam nadziej\u0119, \u017ce nie dojdzie do sytuacji, w kt\u00f3rej PiS i Platforma zag\u0142osuj\u0105 wsp\u00f3lnie przeciwko tej komisji. Mog\u0142oby to oznacza\u0107, \u017ce z jakiego\u015b powodu kto\u015b obawia si\u0119 jej powo\u0142ania \u2013 m\u00f3wi Pawe\u0142 Jab\u0142o\u0144ski.<\/p>\n<p>Informacje przedstawione przez premiera pochodz\u0105 z przytoczonych przez niego fragment\u00f3w protoko\u0142u przes\u0142uchania. Zawarte w nim relacje i twierdzenia s\u0105 elementem materia\u0142u \u015bledztwa i nie stanowi\u0105 prawomocnych ustale\u0144 s\u0105du.<\/p>\n<p>Obejrzyj tak\u017ce:<\/p>\n","protected":false},"excerpt":{"rendered":"Pose\u0142 KP Rozw\u00f3j Plus Pawe\u0142 Jab\u0142o\u0144ski na sali obrad Sejmu, 4 bm. W trzecim, ostatnim dniu posiedzenia izba&hellip;\n","protected":false},"author":2,"featured_media":668193,"comment_status":"","ping_status":"","sticky":false,"template":"","format":"standard","meta":{"footnotes":"","_share_on_mastodon":"0"},"categories":[62713],"tags":[1345,40682,423,17994],"class_list":["post-668192","post","type-post","status-publish","format-standard","has-post-thumbnail","category-donald-tusk","tag-donald-tusk","tag-pawel-jablonski","tag-sejm","tag-zondacrypto"],"share_on_mastodon":{"url":"https:\/\/pubeurope.com\/@pl\/117215885104276892","error":""},"_links":{"self":[{"href":"https:\/\/www.europesays.com\/pl\/wp-json\/wp\/v2\/posts\/668192","targetHints":{"allow":["GET"]}}],"collection":[{"href":"https:\/\/www.europesays.com\/pl\/wp-json\/wp\/v2\/posts"}],"about":[{"href":"https:\/\/www.europesays.com\/pl\/wp-json\/wp\/v2\/types\/post"}],"author":[{"embeddable":true,"href":"https:\/\/www.europesays.com\/pl\/wp-json\/wp\/v2\/users\/2"}],"replies":[{"embeddable":true,"href":"https:\/\/www.europesays.com\/pl\/wp-json\/wp\/v2\/comments?post=668192"}],"version-history":[{"count":0,"href":"https:\/\/www.europesays.com\/pl\/wp-json\/wp\/v2\/posts\/668192\/revisions"}],"wp:featuredmedia":[{"embeddable":true,"href":"https:\/\/www.europesays.com\/pl\/wp-json\/wp\/v2\/media\/668193"}],"wp:attachment":[{"href":"https:\/\/www.europesays.com\/pl\/wp-json\/wp\/v2\/media?parent=668192"}],"wp:term":[{"taxonomy":"category","embeddable":true,"href":"https:\/\/www.europesays.com\/pl\/wp-json\/wp\/v2\/categories?post=668192"},{"taxonomy":"post_tag","embeddable":true,"href":"https:\/\/www.europesays.com\/pl\/wp-json\/wp\/v2\/tags?post=668192"}],"curies":[{"name":"wp","href":"https:\/\/api.w.org\/{rel}","templated":true}]}}