{"id":668208,"date":"2026-09-05T01:52:34","date_gmt":"2026-09-05T01:52:34","guid":{"rendered":"https:\/\/www.europesays.com\/pl\/668208\/"},"modified":"2026-09-05T01:52:34","modified_gmt":"2026-09-05T01:52:34","slug":"poznan-eksmisje-prowadzone-sa-na-rzecz-wlasciciela-nieruchomosci-a-nie-kosciola","status":"publish","type":"post","link":"https:\/\/www.europesays.com\/pl\/668208\/","title":{"rendered":"Pozna\u0144: eksmisje prowadzone s\u0105 na rzecz w\u0142a\u015bciciela nieruchomo\u015bci, a nie Ko\u015bcio\u0142a"},"content":{"rendered":"<p>W zwi\u0105zku z informacjami medialnymi dotycz\u0105cymi wykonania prawomocnego wyroku dotycz\u0105cego eksmisji przypominamy, \u017ce od 29 stycznia br. w\u0142a\u015bcicielem nieruchomo\u015bci przy ul. Warszawskiej 82 w Poznaniu jest JHM Development. Wszelkie post\u0119powania s\u0105dowe prowadzone s\u0105 na rzecz sp\u00f3\u0142ki JHM \u2013 czytamy na stronie archidiecezji pozna\u0144skiej.<\/p>\n<p class=\"wp-block-paragraph\">Przypomnienie o stanie faktycznym ukaza\u0142o si\u0119 po nag\u0142o\u015bnieniu przez media wykonania dw\u00f3ch prawomocnych wyrok\u00f3w eksmisyjnych. Dzia\u0142aj\u0105ca w imieniu w\u0142a\u015bciciela sp\u00f3\u0142ka Komandoria, na swojej stronie internetowej osiedlemaltanskie.pl wyja\u015bnia, \u017ce zas\u0105dzone eksmisje wykonano po wielu miesi\u0105cach pr\u00f3b porozumienia, a mieszka\u0144cy odrzucili \u201ewszelkie proponowane formy pomocy\u201d, m.in. sfinansowanie przez 12 miesi\u0119cy najmu mieszkania i pe\u0142ne wsparcie formalne i prawne przy uzyskaniu lokalu z mieszkaniowego zasobu Miasta.<\/p>\n<p class=\"wp-block-paragraph\">\u201eProgram wsparcia mieszka\u0144c\u00f3w Osiedla Malta\u0144skiego powsta\u0142 we wsp\u00f3\u0142pracy zarz\u0105dcy z Miastem Pozna\u0144 i uwzgl\u0119dnia r\u00f3\u017cn\u0105 sytuacj\u0119 materialn\u0105 rodzin zamieszkuj\u0105cych teren\u201d \u2013 czytamy w o\u015bwiadczeniu sp\u00f3\u0142ki Komandoria. \u017baden z mieszka\u0144c\u00f3w nie zosta\u0142 pozostawiony bez propozycji pomocy, a do tej pory ze wsparcia skorzysta\u0142y 122 rodziny.<\/p>\n<p><img loading=\"lazy\" data-lazyloaded=\"1\" data-placeholder-resp=\"1600x1067\" decoding=\"async\" width=\"1600\" height=\"1067\" src=\"https:\/\/www.europesays.com\/pl\/wp-content\/uploads\/2026\/09\/mid-26902192.jpg\" alt=\"PAP\/Jakub Kaczmarczyk\" class=\"wp-image-778343\"  data-\/>PAP\/Jakub Kaczmarczyk<\/p>\n<p class=\"wp-block-paragraph\">Prezydent Jacek Ja\u015bkowiak w rozmowie z Radiem Pozna\u0144 przekonywa\u0142, \u017ce \u201ewarunki, w kt\u00f3rych te osoby mieszka\u0142y, w wielu przypadkach ulegaj\u0105 poprawie, gdy nast\u0119puje przeprowadzka do lokalu komunalnego czy socjalnego\u201d. \u201eNatomiast osobn\u0105 kwesti\u0105 s\u0105 pewne osoby, kt\u00f3re kreuj\u0105 w tej chwili emocje, kt\u00f3re staraj\u0105 si\u0119 to wykorzysta\u0107 w\u0142a\u015bnie dla cel\u00f3w politycznych. I ubolewam, \u017ce tak jest\u201d \u2013 doda\u0142 prezydent miasta Poznania.<\/p>\n<p class=\"wp-block-paragraph\">Archidiecezja w wydanym w styczniu br. komunikacie podkre\u015bla\u0142a, \u017ce dalsze dostosowanie tego obszaru do miejscowego planu zagospodarowania przekracza\u0142o jej mo\u017cliwo\u015bci, dlatego zdecydowa\u0142a si\u0119 na sprzeda\u017c nieruchomo\u015bci sp\u00f3\u0142ce JHM.<\/p>\n<p><img loading=\"lazy\" data-lazyloaded=\"1\" data-placeholder-resp=\"1600x1067\" decoding=\"async\" width=\"1600\" height=\"1067\" src=\"https:\/\/www.europesays.com\/pl\/wp-content\/uploads\/2026\/09\/mid-26902129.jpg\" alt=\"PAP\/Jakub Kaczmarczyk\" class=\"wp-image-778338\"  data-\/>PAP\/Jakub Kaczmarczyk<\/p>\n<p class=\"wp-block-paragraph\">W 1931 roku proboszcz parafii pw. \u015bw. Jana Jerozolimskiego za Murami ks. Karol Mazurkiewicz, uwzgl\u0119dniaj\u0105c ci\u0119\u017ck\u0105 sytuacj\u0119 materialn\u0105 spo\u0142ecze\u0144stwa pozwoli\u0142 na zak\u0142adanie na terenie parafii dzia\u0142ek pracowniczych bez mo\u017cliwo\u015bci zamieszkiwania. W czasach PRL niekt\u00f3rzy u\u017cytkownicy dzia\u0142ek mieszkali tam na sta\u0142e.<\/p>\n<p class=\"wp-block-paragraph\">W 2004 roku Rada Miasta Poznania zadecydowa\u0142a o przekszta\u0142ceniu \u201eterenu zdegradowanego, o substandardowej i chaotycznej zabudowie, w osiedle mieszkaniowo-us\u0142ugowe o sp\u00f3jnej pod wzgl\u0119dem urbanistycznym i architektonicznym kompozycji\u201d. Wed\u0142ug uchwa\u0142y Rady Miasta \u201eistniej\u0105ca substancja mieszkaniowo-gospodarcza nie da si\u0119 zaadaptowa\u0107 w jakimkolwiek przysz\u0142ym zagospodarowaniu, z uwagi na niespe\u0142nienie przepis\u00f3w prawa budowlanego i tych, kt\u00f3re dotycz\u0105 dr\u00f3g publicznych\u201d.<\/p>\n<p>                <img decoding=\"async\" data-lazyloaded=\"1\" src=\"https:\/\/misyjne.pl\/wp-content\/themes\/misyjne\/img\/Google_News_icon.svg\" alt=\"Google News\" style=\"width: 45px; height: 45px;\"\/><\/p>\n<p>                    B\u0105d\u017a na bie\u017c\u0105co z Misyjne.pl!<\/p>\n<p class=\"mb-0 text-muted small\" style=\"line-height: 1.4;\">\n                    Obserwuj <a target=\"_blank\" href=\"https:\/\/news.google.com\/publications\/CAAqJAgKIh5DQklTRUFnTWFnd0tDbTFwYzNscWJtVXVjR3dvQUFQAQ?hl=pl&amp;gl=PL&amp;ceid=PL:pl\" rel=\"nofollow noopener\">misyjne.pl<\/a> w Google News. Dodaj nas do ulubionych, aby nie przegapi\u0107 najwa\u017cniejszych tre\u015bci z kraju i ze \u015bwiata.\n                <\/p>\n<p>                <a href=\"https:\/\/news.google.com\/publications\/CAAqJAgKIh5DQklTRUFnTWFnd0tDbTFwYzNscWJtVXVjR3dvQUFQAQ?hl=pl&amp;gl=PL&amp;ceid=PL:pl\" target=\"_blank\" rel=\"noopener nofollow\" class=\"btn px-4\" style=\"background-color: #e30613; color: white; border-radius: 50px; font-weight: 600; font-size: 13px; text-transform: uppercase; letter-spacing: 0.5px; transition: 0.3s opacity;\"><br \/>\n                   Obserwuj nas w Google News<br \/>\n                <\/a><\/p>\n<p>      Czyta\u0142e\u015b? Wesprzyj nas!<\/p>\n<p>Dzia\u0142amy tak\u017ce dzi\u0119ki Waszej pomocy. Wesprzyj dzia\u0142alno\u015b\u0107 ewangelizacyjn\u0105 naszej redakcji!<\/p>\n","protected":false},"excerpt":{"rendered":"W zwi\u0105zku z informacjami medialnymi dotycz\u0105cymi wykonania prawomocnego wyroku dotycz\u0105cego eksmisji przypominamy, \u017ce od 29 stycznia br. w\u0142a\u015bcicielem&hellip;\n","protected":false},"author":2,"featured_media":668209,"comment_status":"","ping_status":"","sticky":false,"template":"","format":"standard","meta":{"footnotes":"","_share_on_mastodon":"0"},"categories":[51609],"tags":[33420,2707,42,38,40,39,41,1817],"class_list":["post-668208","post","type-post","status-publish","format-standard","has-post-thumbnail","category-poznan","tag-archidiecezja-poznanska","tag-kosciol","tag-pl","tag-poland","tag-polish","tag-polska","tag-polski","tag-poznan"],"share_on_mastodon":{"url":"https:\/\/pubeurope.com\/@pl\/117215936890757167","error":""},"_links":{"self":[{"href":"https:\/\/www.europesays.com\/pl\/wp-json\/wp\/v2\/posts\/668208","targetHints":{"allow":["GET"]}}],"collection":[{"href":"https:\/\/www.europesays.com\/pl\/wp-json\/wp\/v2\/posts"}],"about":[{"href":"https:\/\/www.europesays.com\/pl\/wp-json\/wp\/v2\/types\/post"}],"author":[{"embeddable":true,"href":"https:\/\/www.europesays.com\/pl\/wp-json\/wp\/v2\/users\/2"}],"replies":[{"embeddable":true,"href":"https:\/\/www.europesays.com\/pl\/wp-json\/wp\/v2\/comments?post=668208"}],"version-history":[{"count":0,"href":"https:\/\/www.europesays.com\/pl\/wp-json\/wp\/v2\/posts\/668208\/revisions"}],"wp:featuredmedia":[{"embeddable":true,"href":"https:\/\/www.europesays.com\/pl\/wp-json\/wp\/v2\/media\/668209"}],"wp:attachment":[{"href":"https:\/\/www.europesays.com\/pl\/wp-json\/wp\/v2\/media?parent=668208"}],"wp:term":[{"taxonomy":"category","embeddable":true,"href":"https:\/\/www.europesays.com\/pl\/wp-json\/wp\/v2\/categories?post=668208"},{"taxonomy":"post_tag","embeddable":true,"href":"https:\/\/www.europesays.com\/pl\/wp-json\/wp\/v2\/tags?post=668208"}],"curies":[{"name":"wp","href":"https:\/\/api.w.org\/{rel}","templated":true}]}}