{"id":668212,"date":"2026-09-05T01:55:24","date_gmt":"2026-09-05T01:55:24","guid":{"rendered":"https:\/\/www.europesays.com\/pl\/668212\/"},"modified":"2026-09-05T01:55:24","modified_gmt":"2026-09-05T01:55:24","slug":"w-weekend-swieto-na-wroclawskim-niebie-bedzie-widowiskowo","status":"publish","type":"post","link":"https:\/\/www.europesays.com\/pl\/668212\/","title":{"rendered":"W weekend \u015bwi\u0119to na wroc\u0142awskim niebie. &#8222;B\u0119dzie widowiskowo&#8221;"},"content":{"rendered":"<p>W sobot\u0119 i niedziel\u0119 piknik zaczyna si\u0119 o godzinie 12. Same pokazy lotnicze\u00a0b\u0119d\u0105\u00a0podzielone na bloki. I tak w sobot\u0119 zaplanowane s\u0105 w godzinach\u00a014:30\u201315:40 i\u00a018:00\u201319:00, a w niedziel\u0119 &#8211;\u00a014:00\u201315:30,\u00a016:00\u201317:00 oraz\u00a017:30\u201318:00. W sobot\u0119 mi\u0119dzy godzin\u0105 16:15 i 17:20 w planie jest blok historyczny. &#8211; Na zako\u0144czenie ka\u017cdego dnia przygotowali\u015bmy niespodziank\u0119.\u00a0Nie zdradzimy jeszcze, co wydarzy si\u0119 wieczorem, ale jedno mo\u017cemy powiedzie\u0107:\u00a0warto zosta\u0107 z nami do samego ko\u0144ca &#8211; zach\u0119ca Aeroklub Wroc\u0142awski, organizator wydarzenia.<\/p>\n<p>Wst\u0119p na piknik lotniczy\u00a0jest bezp\u0142atny. Zap\u0142aci\u0107 trzeba za to za parking &#8211; kosztuje 30 z\u0142 za samoch\u00f3d (mo\u017cliwo\u015b\u0107 p\u0142atno\u015bci got\u00f3wk\u0105 i kart\u0105).<\/p>\n<p><a href=\"https:\/\/tuwroclaw.com\/galerie\/w-weekend-swieto-na-g499333\/9000550\" rel=\"nofollow noopener\" target=\"_blank\"><img decoding=\"async\" src=\"https:\/\/www.europesays.com\/pl\/wp-content\/uploads\/2026\/09\/51073-786352886_1594924798712176_1193669545838204767_n.jpg\"\/><\/a><\/p>\n<p>&#8211; W trakcie wydarzenia b\u0119dzie mo\u017cliwo\u015b\u0107 odbycia\u00a0lot\u00f3w widokowych szybowcami oraz samolotami Aeroklubu Wroc\u0142awskiego. To okazja, \u017ceby na chwil\u0119 zamieni\u0107 miejsce pod scen\u0105 na miejsce w kabinie i zobaczy\u0107\u00a0Szyman\u00f3w, Wroc\u0142aw i jego okolice z zupe\u0142nie innej perspektywy &#8211; podkre\u015blaj\u0105 organizatorzy.<\/p>\n<p>Lot samolotem potrwa oko\u0142o 8 minut,\u00a0szybowcem za wyci\u0105gark\u0105 &#8211; oko\u0142o 5 minut. Ka\u017cda z atrakcji kosztuje 250 z\u0142 za lot. Mo\u017cna zap\u0142aci\u0107 kart\u0105 lub got\u00f3wk\u0105. Minimalny wiek pasa\u017cera to 13 lat, a maksymalna waga &#8211; 105 kg Loty b\u0119d\u0105 realizowane od godziny 12 do 14, w przerwach mi\u0119dzy blokami pokaz\u00f3w oraz po pokazach do godziny 20.<\/p>\n<p><a href=\"https:\/\/tuwroclaw.com\/galerie\/w-weekend-swieto-na-g499333\/9000549\" rel=\"nofollow noopener\" target=\"_blank\"><img decoding=\"async\" src=\"https:\/\/www.europesays.com\/pl\/wp-content\/uploads\/2026\/09\/20da3-785602559_4033303680308502_5739650339370733942_n.jpg\"\/><\/a><\/p>\n<p><a href=\"https:\/\/tuwroclaw.com\/galerie\/w-weekend-swieto-na-g499333\/9000548\" rel=\"nofollow noopener\" target=\"_blank\"><img decoding=\"async\" src=\"https:\/\/www.europesays.com\/pl\/wp-content\/uploads\/2026\/09\/df44d-786444647_1620428066384951_2927750532540296464_n.jpg\"\/><\/a><\/p>\n<p>\u00a0<\/p>\n<p>                                                                                                                                                                                                        ]]><\/p>\n","protected":false},"excerpt":{"rendered":"W sobot\u0119 i niedziel\u0119 piknik zaczyna si\u0119 o godzinie 12. Same pokazy lotnicze\u00a0b\u0119d\u0105\u00a0podzielone na bloki. I tak w&hellip;\n","protected":false},"author":2,"featured_media":668213,"comment_status":"","ping_status":"","sticky":false,"template":"","format":"standard","meta":{"footnotes":"","_share_on_mastodon":"0"},"categories":[51607],"tags":[42,38,40,39,41,1853],"class_list":["post-668212","post","type-post","status-publish","format-standard","has-post-thumbnail","category-wroclaw","tag-pl","tag-poland","tag-polish","tag-polska","tag-polski","tag-wroclaw"],"share_on_mastodon":{"url":"https:\/\/pubeurope.com\/@pl\/117215948938358418","error":""},"_links":{"self":[{"href":"https:\/\/www.europesays.com\/pl\/wp-json\/wp\/v2\/posts\/668212","targetHints":{"allow":["GET"]}}],"collection":[{"href":"https:\/\/www.europesays.com\/pl\/wp-json\/wp\/v2\/posts"}],"about":[{"href":"https:\/\/www.europesays.com\/pl\/wp-json\/wp\/v2\/types\/post"}],"author":[{"embeddable":true,"href":"https:\/\/www.europesays.com\/pl\/wp-json\/wp\/v2\/users\/2"}],"replies":[{"embeddable":true,"href":"https:\/\/www.europesays.com\/pl\/wp-json\/wp\/v2\/comments?post=668212"}],"version-history":[{"count":0,"href":"https:\/\/www.europesays.com\/pl\/wp-json\/wp\/v2\/posts\/668212\/revisions"}],"wp:featuredmedia":[{"embeddable":true,"href":"https:\/\/www.europesays.com\/pl\/wp-json\/wp\/v2\/media\/668213"}],"wp:attachment":[{"href":"https:\/\/www.europesays.com\/pl\/wp-json\/wp\/v2\/media?parent=668212"}],"wp:term":[{"taxonomy":"category","embeddable":true,"href":"https:\/\/www.europesays.com\/pl\/wp-json\/wp\/v2\/categories?post=668212"},{"taxonomy":"post_tag","embeddable":true,"href":"https:\/\/www.europesays.com\/pl\/wp-json\/wp\/v2\/tags?post=668212"}],"curies":[{"name":"wp","href":"https:\/\/api.w.org\/{rel}","templated":true}]}}