{"id":668252,"date":"2026-09-05T02:24:31","date_gmt":"2026-09-05T02:24:31","guid":{"rendered":"https:\/\/www.europesays.com\/pl\/668252\/"},"modified":"2026-09-05T02:24:31","modified_gmt":"2026-09-05T02:24:31","slug":"druga-niebezpieczna-sytuacja-na-przejezdzie-gdansk-lipice-blad-kierowcy","status":"publish","type":"post","link":"https:\/\/www.europesays.com\/pl\/668252\/","title":{"rendered":"Druga niebezpieczna sytuacja na przeje\u017adzie Gda\u0144sk-Lipice. B\u0142\u0105d kierowcy"},"content":{"rendered":"<p>W czwartek na przeje\u017adzie kolejowym przy ul. Niegowskiej w Gda\u0144sku dosz\u0142o do powa\u017cnego wypadku. Poci\u0105g pasa\u017cerski Intercity &#8222;Bachus&#8221; relacji Zielona G\u00f3ra \u2014 Gdynia <a href=\"https:\/\/www.fakt.pl\/wydarzenia\/polska\/trojmiasto\/pociag-pkp-intercity-zderzyl-sie-z-tir-em-w-gdansku-cztery-osoby-ranne\/y9wv34e\" id=\"11436cb4-f16d-48c4-b233-89c141415caa\" rel=\"nofollow noopener\" target=\"_blank\">zderzy\u0142 si\u0119 z ci\u0119\u017car\u00f3wk\u0105<\/a>, kt\u00f3ra utkn\u0119\u0142a na torach. W momencie zdarzenia w poci\u0105gu podr\u00f3\u017cowa\u0142o oko\u0142o 300 os\u00f3b. Cztery osoby zosta\u0142y lekko ranne. Jak si\u0119 okaza\u0142o, nie by\u0142 to koniec dramatycznych scen w tym samym miejscu.Dalszy ci\u0105g artyku\u0142u pod materia\u0142em wideoGda\u0144sk-Lipice. Druga niebezpieczna sytuacja na tym samym przeje\u017adzie<a href=\"https:\/\/www.fakt.pl\/\" title=\"Strona G\u0142\u00f3wna\" aria-label=\"Strona G\u0142\u00f3wna\" data-astro-prefetch=\"tap\" class=\"ods-a-logo-main-desktop\" rel=\"nofollow noopener\" target=\"_blank\"><img src=\"https:\/\/cdn.fakt.pl\/img\/Logo_desktop_Fakt.svg\" class=\"ods-a-logo-main-desktop__image\" alt=\"Logo\" width=\"107\" height=\"86\" fetchpriority=\"high\" decoding=\"sync\" style=\"height:86px\"\/><\/a><\/p>\n<p class=\"ods-m-google-article__text\">Czytaj nas cz\u0119\u015bciej w Google<\/p>\n<p><a href=\"https:\/\/google.com\/preferences\/source?q=fakt.pl\" target=\"_blank\" rel=\"noopener noreferrer nofollow\" aria-label=\"Dodaj w Google\" title=\"Dodaj w Google\" class=\"ods-a-button ods-a-button__primary ods-a-button__default ods-a-button-l\">Dodaj w Google<\/a><\/p>\n<p>Zaledwie kilkana\u015bcie godzin po wypadku, w pi\u0105tek rano, na tym samym przeje\u017adzie dosz\u0142o do kolejnego gro\u017anego zdarzenia. Kobieta kieruj\u0105ca samochodem osobowym znalaz\u0142a si\u0119 pomi\u0119dzy zamkni\u0119tymi rogatkami, podczas gdy do przejazdu zbli\u017ca\u0142 si\u0119 poci\u0105g. Mimo \u017ce pojazd by\u0142 sprawny, a \u015bwiadkowie dawali wskaz\u00f3wki, kieruj\u0105ca nie zdecydowa\u0142a si\u0119 na wy\u0142amanie rogatki i opuszczenie przejazdu. Ostatecznie, dzi\u0119ki szybkiej reakcji \u015bwiadk\u00f3w, uda\u0142o si\u0119 unikn\u0105\u0107 zderzenia.<\/p>\n<p>Polskie Linie Kolejowe, publikuj\u0105c nagranie z miejsca zdarzenia, zwr\u00f3ci\u0142y uwag\u0119, \u017ce w obu przypadkach kierowcy nie podj\u0119li decyzji o wy\u0142amaniu rogatki, mimo realnego zagro\u017cenia \u017cycia. W drugim incydencie, jak podkre\u015blaj\u0105 przedstawiciele PLK, sytuacja by\u0142a o krok od tragedii.<\/p>\n<p>Konsekwencje nieodpowiedzialnych zachowa\u0144<\/p>\n<p>Eksperci ostrzegaj\u0105, \u017ce tego typu sytuacje mog\u0105 prowadzi\u0107 do powa\u017cnych konsekwencji. W przypadku zderzenia, zagro\u017cone jest \u017cycie nie tylko kierowcy, ale tak\u017ce maszynisty, za\u0142ogi oraz pasa\u017cer\u00f3w poci\u0105gu. Poza tym wypadki na przejazdach kolejowych skutkuj\u0105 wstrzymaniem ruchu poci\u0105g\u00f3w i powa\u017cnymi utrudnieniami dla podr\u00f3\u017cnych na kluczowych trasach, takich jak po\u0142\u0105czenie Tr\u00f3jmiasta z Warszaw\u0105. Ka\u017cdy taki incydent oznacza r\u00f3wnie\u017c wysokie koszty zwi\u0105zane z napraw\u0105 uszkodzonej infrastruktury kolejowej.<\/p>\n<p>PLK apeluj\u0105 o zachowanie szczeg\u00f3lnej ostro\u017cno\u015bci na przejazdach kolejowych i przypominaj\u0105, \u017ce w sytuacji zagro\u017cenia \u017cycia nale\u017cy bezwzgl\u0119dnie opu\u015bci\u0107 przejazd, nawet je\u015bli wi\u0105\u017ce si\u0119 to z uszkodzeniem rogatki.<\/p>\n<p>\u0179r\u00f3d\u0142o: PLK<\/p>\n<p><a href=\"https:\/\/www.fakt.pl\/wydarzenia\/polska\/trojmiasto\/zatoka-pucka-dramatyczne-poszukiwania-po-awarii-skutera-tragiczny-final\/zs07b07\" id=\"5ba913e5-9a7e-40f2-8de5-b9cbc95ce769\" rel=\"nofollow noopener\" target=\"_blank\">Dramat na Zatoce Puckiej po awarii skutera. Potwierdzi\u0142 si\u0119 najgorszy scenariusz<\/a><a href=\"https:\/\/www.fakt.pl\/wydarzenia\/polska\/trojmiasto\/plaza-w-gdyni-pod-lupa-sledczych-zagadka-smierci-mlodego-mezczyzny\/djlvlbg\" id=\"0ea925c2-a40a-4125-866a-93111de36c79\" rel=\"nofollow noopener\" target=\"_blank\">Tajemniczy zgon 33-latka na pla\u017cy w Gdyni. Policja bada, co si\u0119 sta\u0142o<\/a>1\/1<img class=\"ods-a-photo ods-a-photo--background\" src=\"https:\/\/www.europesays.com\/pl\/wp-content\/uploads\/2026\/09\/6sik9lGaHR0cHM6Ly9vY2RuLmV1L3B1bHNjbXMvTURBXy9lNzA2YzU1Mi1iMzlmLTQxZTgtYTBiNC02ZjU4ODA5MGY0Y2IuanBlZ.jpeg\" height=\"500\" width=\"940\" alt=\"639241337061725678.jpg\" loading=\"lazy\" fetchpriority=\"auto\" decoding=\"auto\" url=\"https:\/\/ocdn.eu\/pulscms\/MDA_\/e706c552-b39f-41e8-a0b4-6f588090f4cb.jpeg\" description=\"639241337061725678.jpg\" author=\"@PKP_PLK_SA \/ Instagram\" source=\"\"\/><\/p>\n<p>@PKP_PLK_SA \/ Instagram<\/p>\n<p>639241337061725678.jpg<\/p>\n","protected":false},"excerpt":{"rendered":"W czwartek na przeje\u017adzie kolejowym przy ul. Niegowskiej w Gda\u0144sku dosz\u0142o do powa\u017cnego wypadku. Poci\u0105g pasa\u017cerski Intercity &#8222;Bachus&#8221;&hellip;\n","protected":false},"author":2,"featured_media":668253,"comment_status":"","ping_status":"","sticky":false,"template":"","format":"standard","meta":{"footnotes":"","_share_on_mastodon":"0"},"categories":[51610],"tags":[61195,1048,46,129559,42,42446,1811,38,40,39,41,30612,47,111182,4000,1092],"class_list":["post-668252","post","type-post","status-publish","format-standard","has-post-thumbnail","category-gdansk","tag-bottomfeed_styl","tag-gdansk","tag-omp","tag-omp_tst3","tag-pl","tag-plk","tag-pociag","tag-poland","tag-polish","tag-polska","tag-polski","tag-samochod_osobowy","tag-screening_general","tag-topbar_tst1","tag-trojmiasto","tag-wydarzenia"],"share_on_mastodon":{"url":"https:\/\/pubeurope.com\/@pl\/117216063063323731","error":""},"_links":{"self":[{"href":"https:\/\/www.europesays.com\/pl\/wp-json\/wp\/v2\/posts\/668252","targetHints":{"allow":["GET"]}}],"collection":[{"href":"https:\/\/www.europesays.com\/pl\/wp-json\/wp\/v2\/posts"}],"about":[{"href":"https:\/\/www.europesays.com\/pl\/wp-json\/wp\/v2\/types\/post"}],"author":[{"embeddable":true,"href":"https:\/\/www.europesays.com\/pl\/wp-json\/wp\/v2\/users\/2"}],"replies":[{"embeddable":true,"href":"https:\/\/www.europesays.com\/pl\/wp-json\/wp\/v2\/comments?post=668252"}],"version-history":[{"count":0,"href":"https:\/\/www.europesays.com\/pl\/wp-json\/wp\/v2\/posts\/668252\/revisions"}],"wp:featuredmedia":[{"embeddable":true,"href":"https:\/\/www.europesays.com\/pl\/wp-json\/wp\/v2\/media\/668253"}],"wp:attachment":[{"href":"https:\/\/www.europesays.com\/pl\/wp-json\/wp\/v2\/media?parent=668252"}],"wp:term":[{"taxonomy":"category","embeddable":true,"href":"https:\/\/www.europesays.com\/pl\/wp-json\/wp\/v2\/categories?post=668252"},{"taxonomy":"post_tag","embeddable":true,"href":"https:\/\/www.europesays.com\/pl\/wp-json\/wp\/v2\/tags?post=668252"}],"curies":[{"name":"wp","href":"https:\/\/api.w.org\/{rel}","templated":true}]}}