{"id":668258,"date":"2026-09-05T02:28:27","date_gmt":"2026-09-05T02:28:27","guid":{"rendered":"https:\/\/www.europesays.com\/pl\/668258\/"},"modified":"2026-09-05T02:28:27","modified_gmt":"2026-09-05T02:28:27","slug":"sportowe-emocje-blizej-niz-zwykle-sleza-wroclaw-zaprasza-na-wyjatkowy-dzien-w-pasazu-grunwaldzkim","status":"publish","type":"post","link":"https:\/\/www.europesays.com\/pl\/668258\/","title":{"rendered":"Sportowe emocje bli\u017cej ni\u017c zwykle. \u015al\u0119za Wroc\u0142aw zaprasza na wyj\u0105tkowy dzie\u0144 w Pasa\u017cu Grunwaldzkim"},"content":{"rendered":"<p>&#13;<br \/>\n                                        &#13;<\/p>\n<p class=\"MsoNormal\" style=\"text-align: justify;\">Pocz\u0105tek wrze\u015bnia to nie tylko powr\u00f3t do szko\u0142y, ale tak\u017ce start nowego sezonu sportowych emocji. W sobot\u0119, 5 wrze\u015bnia, Pasa\u017c Grunwaldzki zaprasza Wroc\u0142awian na Sportowy Dzie\u0144 ze \u015al\u0119z\u0105 Wroc\u0142aw. B\u0119dzie okazja, by spotka\u0107 si\u0119 z zawodniczkami, pozna\u0107 klubu i sprawdzi\u0107 swoje si\u0142y w pi\u0142karskich i koszykarskich konkurencjach.\u00a0<\/p>\n<p>&#13;<\/p>\n<p class=\"MsoNormal\" style=\"text-align: justify;\">\u015al\u0119za Wroc\u0142aw to jeden z najstarszych klub\u00f3w sportowych w naszym mie\u015bcie, a w tym sezonie jako jedyny klub w Polsce wyst\u0119pujemy jednocze\u015bnie w dw\u00f3ch najwy\u017cszych klasach rozgrywkowych kobiet \u2013 ORLEN Ekstralidze oraz Basket Lidze Kobiet.<\/p>\n<p>&#13;<\/p>\n<p class=\"MsoNormal\" style=\"text-align: justify;\">Podczas wydarzenia w Pasa\u017cu Grunwaldzkim b\u0119dzie mo\u017cna spotka\u0107 zawodniczki dru\u017cyny pi\u0142karskiej, zrobi\u0107 sobie z nimi zdj\u0119cie i zdoby\u0107 autograf, a tak\u017ce powalczy\u0107 o zaproszenia na nadchodz\u0105ce mecze, by kibicowa\u0107 \u015al\u0119zie prosto z trybun!<\/p>\n<p>&#13;<\/p>\n<p class=\"MsoNormal\" style=\"text-align: justify;\">Na najm\u0142odszych czeka\u0107 b\u0119d\u0105 sportowe wyzwania inspirowane pi\u0142k\u0105 no\u017cn\u0105 i koszyk\u00f3wk\u0105, w kt\u00f3rych b\u0119dzie mo\u017cna sprawdzi\u0107 swoje umiej\u0119tno\u015bci i powalczy\u0107 o nagrody.<\/p>\n<p>&#13;<\/p>\n<p class=\"MsoNormal\" style=\"text-align: justify;\">\u2013 Nie od dzi\u015b Pasa\u017c Grunwaldzki jest miejscem spotka\u0144 fan\u00f3w sportowych emocji z r\u00f3\u017cnych dyscyplin. Wydarzenie, podczas kt\u00f3rego zawodnicy reprezentuj\u0105cy lokalne kluby sportowe s\u0105 na wyci\u0105gni\u0119cie r\u0119ki to \u015bwietna okazja, by najm\u0142odsi mogli spotka\u0107 swoich idoli, a by\u0107 mo\u017ce odkry\u0107 w\u0142asn\u0105 pasj\u0119 i w nowym roku szkolnym rozwija\u0107 j\u0105 na boiskach \u2013 m\u00f3wi Agnieszka Deron, Manager ds. Marketingu w Pasa\u017cu Grunwaldzkim.<\/p>\n<p>&#13;<\/p>\n<p class=\"MsoNormal\" style=\"text-align: justify;\">\u2013 Zale\u017cy nam na tym, aby kibice poznawali nasz klub nie tylko podczas mecz\u00f3w, ale r\u00f3wnie\u017c poprzez bezpo\u015brednie spotkania z zawodniczkami i wsp\u00f3lne sportowe aktywno\u015bci. Na naszych wydarzeniach i meczach staramy si\u0119 tworzy\u0107 rodzinn\u0105 atmosfer\u0119, w kt\u00f3rej ka\u017cdy \u2013 niezale\u017cnie od wieku \u2013 mo\u017ce poczu\u0107 si\u0119 cz\u0119\u015bci\u0105 \u017c\u00f3\u0142to-czerwonej spo\u0142eczno\u015bci \u2013 m\u00f3wi Karolina O\u015bka, spec. ds. marketingu w \u015al\u0119zie Wroc\u0142aw. &#8211; Wierzymy, \u017ce Sportowy Dzie\u0144 ze \u015al\u0119z\u0105 b\u0119dzie doskona\u0142\u0105 okazj\u0105, aby bli\u017cej pozna\u0107 nasz klub i przekona\u0107 si\u0119, \u017ce sport mo\u017ce by\u0107 przede wszystkim dobr\u0105 zabaw\u0105 i wsp\u00f3lnie sp\u0119dzonym czasem. Mamy nadziej\u0119, \u017ce dla wielu os\u00f3b b\u0119dzie to r\u00f3wnie\u017c pocz\u0105tek sportowej przygody oraz kibicowania naszym dru\u017cynom \u2013 dodaje.<\/p>\n<p>&#13;<\/p>\n<p class=\"MsoNormal\" style=\"text-align: justify;\"><a class=\"lightbox\" alt=\"grafika\" href=\"https:\/\/www.europesays.com\/pl\/wp-content\/uploads\/2026\/09\/doba_pl_279203-099b9b883cf98ec1e35735919696955d_1280x720_onlyx.jpg\"><img loading=\"lazy\" decoding=\"async\" class=\"imgBigger\" src=\"https:\/\/www.europesays.com\/pl\/wp-content\/uploads\/2026\/09\/doba_pl_279203-099b9b883cf98ec1e35735919696955d_1280x720_onlyx.jpg\" width=\"800\" height=\"534\" border=\"0\"\/><\/a><\/p>\n<p>&#13;<\/p>\n<p class=\"MsoNormal\" style=\"text-align: justify;\">Sportowy Dzie\u0144 ze \u015al\u0119z\u0105 odb\u0119dzie si\u0119 w sobot\u0119, 5 wrze\u015bnia, w godz. 11.00\u201318.00 w Pasa\u017cu Grunwaldzkim (wej\u015bcie g\u0142\u00f3wne).<\/p>\n<p>&#13;<\/p>\n<p class=\"MsoNormal\" style=\"text-align: justify;\">Udzia\u0142 w wydarzeniu jest bezp\u0142atny.<\/p>\n<p>                            &#13;<br \/>\n                \t\t\t                            &#13;<br \/>\n                                                        &#13;<br \/>\n\t\t\t\t\t\t\t            &#13;<br \/>\n                            &#13;<br \/>\n                            &#13;<\/p>\n","protected":false},"excerpt":{"rendered":"&#13; &#13; Pocz\u0105tek wrze\u015bnia to nie tylko powr\u00f3t do szko\u0142y, ale tak\u017ce start nowego sezonu sportowych emocji. W&hellip;\n","protected":false},"author":2,"featured_media":668259,"comment_status":"","ping_status":"","sticky":false,"template":"","format":"standard","meta":{"footnotes":"","_share_on_mastodon":"0"},"categories":[51607],"tags":[19952,51809,42,38,40,39,41,1853],"class_list":["post-668258","post","type-post","status-publish","format-standard","has-post-thumbnail","category-wroclaw","tag-db","tag-dw","tag-pl","tag-poland","tag-polish","tag-polska","tag-polski","tag-wroclaw"],"share_on_mastodon":{"url":"https:\/\/pubeurope.com\/@pl\/117216078859250407","error":""},"_links":{"self":[{"href":"https:\/\/www.europesays.com\/pl\/wp-json\/wp\/v2\/posts\/668258","targetHints":{"allow":["GET"]}}],"collection":[{"href":"https:\/\/www.europesays.com\/pl\/wp-json\/wp\/v2\/posts"}],"about":[{"href":"https:\/\/www.europesays.com\/pl\/wp-json\/wp\/v2\/types\/post"}],"author":[{"embeddable":true,"href":"https:\/\/www.europesays.com\/pl\/wp-json\/wp\/v2\/users\/2"}],"replies":[{"embeddable":true,"href":"https:\/\/www.europesays.com\/pl\/wp-json\/wp\/v2\/comments?post=668258"}],"version-history":[{"count":0,"href":"https:\/\/www.europesays.com\/pl\/wp-json\/wp\/v2\/posts\/668258\/revisions"}],"wp:featuredmedia":[{"embeddable":true,"href":"https:\/\/www.europesays.com\/pl\/wp-json\/wp\/v2\/media\/668259"}],"wp:attachment":[{"href":"https:\/\/www.europesays.com\/pl\/wp-json\/wp\/v2\/media?parent=668258"}],"wp:term":[{"taxonomy":"category","embeddable":true,"href":"https:\/\/www.europesays.com\/pl\/wp-json\/wp\/v2\/categories?post=668258"},{"taxonomy":"post_tag","embeddable":true,"href":"https:\/\/www.europesays.com\/pl\/wp-json\/wp\/v2\/tags?post=668258"}],"curies":[{"name":"wp","href":"https:\/\/api.w.org\/{rel}","templated":true}]}}