{"id":668260,"date":"2026-09-05T02:29:41","date_gmt":"2026-09-05T02:29:41","guid":{"rendered":"https:\/\/www.europesays.com\/pl\/668260\/"},"modified":"2026-09-05T02:29:41","modified_gmt":"2026-09-05T02:29:41","slug":"pasy-musza-byc-widoczne-takze-po-zmroku-krakow-inwestuje-w-bezpieczenstwo-najmlodszych","status":"publish","type":"post","link":"https:\/\/www.europesays.com\/pl\/668260\/","title":{"rendered":"\u201ePasy musz\u0105 by\u0107 widoczne tak\u017ce po zmroku\u201d. Krak\u00f3w inwestuje w bezpiecze\u0144stwo najm\u0142odszych &#8211;"},"content":{"rendered":"<p>Przed pocz\u0105tkiem roku szkolnego pomalowano pasy na przej\u015bciach w pobli\u017cu szk\u00f3\u0142. Sprawdzono r\u00f3wnie\u017c, a w wielu przypadkach tak\u017ce uzupe\u0142niono oznakowanie pionowe oraz urz\u0105dzenia bezpiecze\u0144stwa ruchu drogowego, czyli barierki, s\u0142upki i tzw. azyle.<\/p>\n<p>Przej\u015bcia dla pieszych s\u0105 kluczowym elementem bezpiecze\u0144stwa, w szczeg\u00f3lno\u015bci w s\u0105siedztwie plac\u00f3wek o\u015bwiatowych. Odnawiane s\u0105 regularnie przed 1 wrze\u015bnia ka\u017cdego roku. Cz\u0119sto przy malowaniu stosowana jest technologia grubowarstwowa, kt\u00f3ra zapewnia d\u0142u\u017csz\u0105 trwa\u0142o\u015b\u0107 i lepsz\u0105 widoczno\u015b\u0107 oznakowania.<\/p>\n<p><a href=\"https:\/\/www.onet.pl\/\" title=\"Strona G\u0142\u00f3wna\" aria-label=\"Strona G\u0142\u00f3wna\" data-astro-prefetch=\"tap\" class=\"ods-a-logo-main-desktop\" rel=\"nofollow noopener\" target=\"_blank\"><img src=\"https:\/\/cdn.wiadomosci.onet.pl\/img\/Logo_desktop_Onet.svg\" class=\"ods-a-logo-main-desktop__image\" alt=\"Logo\" width=\"107\" height=\"60\" fetchpriority=\"high\" decoding=\"sync\" style=\"height:60px\"\/><\/a><\/p>\n<p class=\"ods-m-google-article__text\">Czytaj nas cz\u0119\u015bciej w Google<\/p>\n<p><a href=\"https:\/\/google.com\/preferences\/source?q=onet.pl\" target=\"_blank\" rel=\"noopener noreferrer nofollow\" aria-label=\"Dodaj w Google\" title=\"Dodaj w Google\" class=\"ods-a-button ods-a-button__primary ods-a-button__default ods-a-button-l\">Dodaj w Google<\/a><\/p>\n<p>To wa\u017cne, bo dni staj\u0105 si\u0119 coraz kr\u00f3tsze i nied\u0142ugo uczniowie b\u0119d\u0105 chodzi\u0107 do szk\u00f3\u0142, gdy jeszcze b\u0119dzie ciemno. Do farb drogowych dodaje si\u0119 specjalne szklane mikrokulki, kt\u00f3re odbijaj\u0105 \u015bwiat\u0142o reflektor\u00f3w samochodowych, dzi\u0119ki czemu pasy s\u0105 doskonale widoczne r\u00f3wnie\u017c po zmroku.<\/p>\n<p>W ostatnich dniach sierpnia prace przeprowadzono m.in. przy ul. Aria\u0144skiej, Topolowej, Olszyny i Nabrze\u017cnej, Brodowicza i Wilka-Wyrwi\u0144skiego, Braci Schindler\u00f3w, Samorz\u0105dowej, \u017beromskiego, Nullo oraz al. Pokoju.<\/p>\n<p>Wcze\u015bniej w ramach dzia\u0142a\u0144 przygotowawczych przeprowadzono 204 kontrole szk\u00f3\u0142, przedszkoli i plac\u00f3wek o\u015bwiatowych. Kontrolerzy skupili si\u0119 przede wszystkim na oznakowaniu oraz sygnalizacji. Podczas nich wykryto siedem nieprawid\u0142owo\u015bci. Odpowiednie pisma z wnioskiem o ich usuni\u0119cie skierowano do Zarz\u0105du Dr\u00f3g Miasta Krakowa oraz Wydzia\u0142u Gospodarki Komunalnej.<\/p>\n<p>Do poniedzia\u0142ku stra\u017cnicy miejscy we wsp\u00f3\u0142pracy z dyrektorami szk\u00f3\u0142 dopasuj\u0105 swoje patrole do godzin zaj\u0119\u0107 najm\u0142odszych dzieci. B\u0119d\u0105 sprawdza\u0107, czy pojazdy s\u0105 prawid\u0142owo zaparkowane, obserwowa\u0107 zachowanie pieszych i rowerzyst\u00f3w, a tak\u017ce pomaga\u0107 dzieciom bezpiecznie przechodzi\u0107 przez jezdni\u0119. Patrole pojawi\u0105 si\u0119 pod wybranymi szko\u0142ami m.in. w rejonie \u015ar\u00f3dmie\u015bcia i b\u0119d\u0105 \u015bci\u015ble skoordynowane z prac\u0105 policji. SM<\/p>\n","protected":false},"excerpt":{"rendered":"Przed pocz\u0105tkiem roku szkolnego pomalowano pasy na przej\u015bciach w pobli\u017cu szk\u00f3\u0142. Sprawdzono r\u00f3wnie\u017c, a w wielu przypadkach tak\u017ce&hellip;\n","protected":false},"author":2,"featured_media":668261,"comment_status":"","ping_status":"","sticky":false,"template":"","format":"standard","meta":{"footnotes":"","_share_on_mastodon":"0"},"categories":[51606],"tags":[61195,399,1304,48,46,55,42,38,40,39,41,47,52268],"class_list":["post-668260","post","type-post","status-publish","format-standard","has-post-thumbnail","category-krakow","tag-bottomfeed_styl","tag-informacje","tag-krakow","tag-nat_styl","tag-omp","tag-phx","tag-pl","tag-poland","tag-polish","tag-polska","tag-polski","tag-screening_general","tag-strefa_miast"],"share_on_mastodon":{"url":"https:\/\/pubeurope.com\/@pl\/117216082446519353","error":""},"_links":{"self":[{"href":"https:\/\/www.europesays.com\/pl\/wp-json\/wp\/v2\/posts\/668260","targetHints":{"allow":["GET"]}}],"collection":[{"href":"https:\/\/www.europesays.com\/pl\/wp-json\/wp\/v2\/posts"}],"about":[{"href":"https:\/\/www.europesays.com\/pl\/wp-json\/wp\/v2\/types\/post"}],"author":[{"embeddable":true,"href":"https:\/\/www.europesays.com\/pl\/wp-json\/wp\/v2\/users\/2"}],"replies":[{"embeddable":true,"href":"https:\/\/www.europesays.com\/pl\/wp-json\/wp\/v2\/comments?post=668260"}],"version-history":[{"count":0,"href":"https:\/\/www.europesays.com\/pl\/wp-json\/wp\/v2\/posts\/668260\/revisions"}],"wp:featuredmedia":[{"embeddable":true,"href":"https:\/\/www.europesays.com\/pl\/wp-json\/wp\/v2\/media\/668261"}],"wp:attachment":[{"href":"https:\/\/www.europesays.com\/pl\/wp-json\/wp\/v2\/media?parent=668260"}],"wp:term":[{"taxonomy":"category","embeddable":true,"href":"https:\/\/www.europesays.com\/pl\/wp-json\/wp\/v2\/categories?post=668260"},{"taxonomy":"post_tag","embeddable":true,"href":"https:\/\/www.europesays.com\/pl\/wp-json\/wp\/v2\/tags?post=668260"}],"curies":[{"name":"wp","href":"https:\/\/api.w.org\/{rel}","templated":true}]}}