{"id":668270,"date":"2026-09-05T02:36:16","date_gmt":"2026-09-05T02:36:16","guid":{"rendered":"https:\/\/www.europesays.com\/pl\/668270\/"},"modified":"2026-09-05T02:36:16","modified_gmt":"2026-09-05T02:36:16","slug":"bednarek-jak-klasowy-snajper-bramkarz-nawet-nie-drgnal","status":"publish","type":"post","link":"https:\/\/www.europesays.com\/pl\/668270\/","title":{"rendered":"Bednarek jak klasowy snajper. Bramkarz nawet nie drgn\u0105\u0142"},"content":{"rendered":"\n<p class=\"contentpart contentpart--default contentpart--text\" data-position=\"0\">W pi\u0105tkowy wiecz\u00f3r <a href=\"https:\/\/sportowefakty.wp.pl\/pilka-nozna\/fc-porto\" rel=\"nofollow noopener\" target=\"_blank\">FC Porto<\/a>\u00a0przyst\u0105pi\u0142o do rywalizacji z <a href=\"https:\/\/sportowefakty.wp.pl\/pilka-nozna\/moreirense-fc\" rel=\"nofollow noopener\" target=\"_blank\">Moreirense FC<\/a>, a w wyj\u015bciowym sk\u0142adzie znale\u017ali si\u0119 <a href=\"https:\/\/sportowefakty.wp.pl\/pilka-nozna\/jan-bednarek\" rel=\"nofollow noopener\" target=\"_blank\">Jan Bednarek<\/a>\u00a0oraz Jakub Kiwior. &#8222;Smoki&#8221; w 20. minucie straci\u0142y pierwszego gola w tym sezonie <a href=\"https:\/\/sportowefakty.wp.pl\/pilka-nozna\/bwin-liga\" rel=\"nofollow noopener\" target=\"_blank\">Liga Portugal<\/a>.<\/p>\n<p class=\"contentpart contentpart--default contentpart--text\" data-position=\"1\">Nie da si\u0119 ukry\u0107, \u017ce troch\u0119 zawini\u0142 Bednarek, po kt\u00f3rego wybiciu g\u0142ow\u0105 futbol\u00f3wka trafi\u0142a do Dinisa Pinto. Zawodnik Moreirense opanowa\u0142 pi\u0142k\u0119 kilka metr\u00f3w przed bramk\u0105 i pos\u0142a\u0142 j\u0105 do siatki.<\/p>\n<p>  <img decoding=\"async\" src=\"https:\/\/v.wpimg.pl\/X3dwLnN2d1IFFTpdYUl6R0ZNbgcnEHQREVV2TGEGbUtRT2MdOlZ2RBQUKABgQjQcDRotCStBd1IAAWMeIlM7VgwYIAorQAdEFFk_GCkQJQ\" alt=\"\" width=\"45\" height=\"58\" loading=\"lazy\"\/>  <\/p>\n<p class=\"contentpart contentpart--default contentpart--text\" data-position=\"2\">ZOBACZ WIDEO: #dziejesiewsporcie: Wiek to tylko liczba! Tak\u0105 bramk\u0119 strzeli\u0142 40-latek<\/p>\n<p class=\"contentpart contentpart--default contentpart--text\" data-position=\"4\">Aktualny mistrz Portugalii odpowiedzia\u0142 w 37. minucie. Kadrowicz zn\u00f3w znalaz\u0142 si\u0119 na pierwszym planie.<\/p>\n<p class=\"contentpart contentpart--default contentpart--text\" data-position=\"5\">William Gomes celnie do\u015brodkowa\u0142 z rzutu wolnego, a Bednarek wygra\u0142 starcie z rywalem, najwy\u017cej wyskoczy\u0142 do pi\u0142ki i odda\u0142 strza\u0142 g\u0142ow\u0105. Po jego uderzeniu bramkarz\u00a0Andre Ferreira zastyg\u0142, nie ruszaj\u0105c si\u0119 z miejsca.<\/p>\n<p class=\"contentpart contentpart--default contentpart--text\" data-position=\"7\">Ostatecznie FC Porto odwr\u00f3ci\u0142o wynik. W drugiej po\u0142owie autorem gola na 2:1 by\u0142 William Gomes.<\/p>\n<p class=\"contentpart contentpart--default contentpart--text\" data-position=\"8\">Bednarek ma pewne miejsce na \u015brodku obrony FC Porto i czasami daje konkrety r\u00f3wnie\u017c w ofensywie. By\u0142o to pierwsze trafienie reprezentanta Polski w sezonie 2026\/27. 30-latek ostatnio boryka\u0142 si\u0119 z drobnym urazem, ale wygl\u0105da na to, \u017ce nie ma ju\u017c po nim \u015bladu.<\/p>\n","protected":false},"excerpt":{"rendered":"W pi\u0105tkowy wiecz\u00f3r FC Porto\u00a0przyst\u0105pi\u0142o do rywalizacji z Moreirense FC, a w wyj\u015bciowym sk\u0142adzie znale\u017ali si\u0119 Jan Bednarek\u00a0oraz&hellip;\n","protected":false},"author":2,"featured_media":668271,"comment_status":"","ping_status":"","sticky":false,"template":"","format":"standard","meta":{"footnotes":"","_share_on_mastodon":"0"},"categories":[24],"tags":[5436,5437,269,278,42,38,40,39,41,988,127,126],"class_list":["post-668270","post","type-post","status-publish","format-standard","has-post-thumbnail","category-sport","tag-fc-porto","tag-jan-bednarek","tag-pilka-nozna","tag-pilka-w-europie","tag-pl","tag-poland","tag-polish","tag-polska","tag-polski","tag-portugalia","tag-sport","tag-sports"],"share_on_mastodon":{"url":"https:\/\/pubeurope.com\/@pl\/117216110464375597","error":""},"_links":{"self":[{"href":"https:\/\/www.europesays.com\/pl\/wp-json\/wp\/v2\/posts\/668270","targetHints":{"allow":["GET"]}}],"collection":[{"href":"https:\/\/www.europesays.com\/pl\/wp-json\/wp\/v2\/posts"}],"about":[{"href":"https:\/\/www.europesays.com\/pl\/wp-json\/wp\/v2\/types\/post"}],"author":[{"embeddable":true,"href":"https:\/\/www.europesays.com\/pl\/wp-json\/wp\/v2\/users\/2"}],"replies":[{"embeddable":true,"href":"https:\/\/www.europesays.com\/pl\/wp-json\/wp\/v2\/comments?post=668270"}],"version-history":[{"count":0,"href":"https:\/\/www.europesays.com\/pl\/wp-json\/wp\/v2\/posts\/668270\/revisions"}],"wp:featuredmedia":[{"embeddable":true,"href":"https:\/\/www.europesays.com\/pl\/wp-json\/wp\/v2\/media\/668271"}],"wp:attachment":[{"href":"https:\/\/www.europesays.com\/pl\/wp-json\/wp\/v2\/media?parent=668270"}],"wp:term":[{"taxonomy":"category","embeddable":true,"href":"https:\/\/www.europesays.com\/pl\/wp-json\/wp\/v2\/categories?post=668270"},{"taxonomy":"post_tag","embeddable":true,"href":"https:\/\/www.europesays.com\/pl\/wp-json\/wp\/v2\/tags?post=668270"}],"curies":[{"name":"wp","href":"https:\/\/api.w.org\/{rel}","templated":true}]}}