{"id":668272,"date":"2026-09-05T02:37:16","date_gmt":"2026-09-05T02:37:16","guid":{"rendered":"https:\/\/www.europesays.com\/pl\/668272\/"},"modified":"2026-09-05T02:37:16","modified_gmt":"2026-09-05T02:37:16","slug":"kendall-jenner-zadebiutowala-w-wenecji-wybrala-suknie-armaniego","status":"publish","type":"post","link":"https:\/\/www.europesays.com\/pl\/668272\/","title":{"rendered":"Kendall Jenner zadebiutowa\u0142a w Wenecji. Wybra\u0142a sukni\u0119 Armaniego"},"content":{"rendered":"<p>30-letnia modelka zaprezentowa\u0142a si\u0119 solo podczas premiery filmu &#8222;Wild Horse Nine&#8221; w historycznej Sali Grande. <a href=\"https:\/\/plejada.pl\/temat\/kendall-jenner-modelka\/bm3xqw0\" id=\"771d1662-a4b7-4ad1-8e00-e24e4dbdb64c\" rel=\"nofollow noopener\" target=\"_blank\">Kendall Jenner<\/a> wyst\u0105pi\u0142a jako ambasadorka marki Giorgio Armani. Jej stylizacja, sk\u0142adaj\u0105ca si\u0119 z sukni vintage z kolekcji jesie\u0144\/zima 1995, przyci\u0105gn\u0119\u0142a uwag\u0119 szerokimi rami\u0105czkami, z\u0142otymi zdobieniami i doskona\u0142ym dopasowaniem do sylwetki. Modelka uzupe\u0142ni\u0142a sw\u00f3j look sanda\u0142ami Aquazzura w kolorze nude oraz diamentowymi kolczykami Briony Raymond.<\/p>\n<p>Podczas swojego pierwszego wyst\u0119pu na Festiwalu Filmowym w Wenecji Kendall Jenner postawi\u0142a na rozpuszczone w\u0142osy. Modelka, kt\u00f3ra na co dzie\u0144 wsp\u00f3\u0142pracuje r\u00f3wnie\u017c z mark\u0105 Prada, zaprezentowa\u0142a si\u0119 jako ambasadorka projektanta, co podkre\u015bli\u0142o jej pozycj\u0119 w \u015bwiecie mody.<\/p>\n<p>W ostatnich miesi\u0105cach Kendall Jenner nie tylko pojawi\u0142a si\u0119 na weneckim festiwalu, ale tak\u017ce oficjalnie potwierdzi\u0142a zwi\u0105zek z australijskim aktorem <a href=\"https:\/\/plejada.pl\/temat\/jacob-elordi\/hll7d6e\" id=\"2042c7d3-6e75-44e4-8802-484187cc2165\" rel=\"nofollow noopener\" target=\"_blank\">Jacobem Elordim<\/a>. Wiosn\u0105, po serii plotek, pojawi\u0142y si\u0119 informacje o ich relacji, kt\u00f3re potwierdzi\u0142y si\u0119 po wsp\u00f3lnych wyjazdach i spotkaniach. Para by\u0142a widziana razem na Hawajach, podczas wieczoru z siostr\u0105 Kendall, Kylie, oraz Timoth\u00e9e Chalametem, a tak\u017ce w Tokio.<\/p>\n<p>W zesz\u0142ym tygodniu Kendall towarzyszy\u0142a Jacobowi podczas promocji jego nowego filmu The Dog Stars w Londynie. Cho\u0107 nie pojawi\u0142o si\u0119 oficjalne zdj\u0119cie pary z premiery, media zwr\u00f3ci\u0142y uwag\u0119 na ich wsp\u00f3lne wyj\u015bcie na kolacj\u0119 w Soho House, gdzie razem prezentowali si\u0119 bardzo efektownie.<\/p>\n","protected":false},"excerpt":{"rendered":"30-letnia modelka zaprezentowa\u0142a si\u0119 solo podczas premiery filmu &#8222;Wild Horse Nine&#8221; w historycznej Sali Grande. Kendall Jenner wyst\u0105pi\u0142a&hellip;\n","protected":false},"author":2,"featured_media":668273,"comment_status":"","ping_status":"","sticky":false,"template":"","format":"standard","meta":{"footnotes":"","_share_on_mastodon":"0"},"categories":[22],"tags":[61195,122,19313,7390,48,125,46,42,38,40,39,41,123,47,30207],"class_list":["post-668272","post","type-post","status-publish","format-standard","has-post-thumbnail","category-rozrywka","tag-bottomfeed_styl","tag-entertainment","tag-giorgio_armani","tag-kendall_jenner","tag-nat_styl","tag-newsy","tag-omp","tag-pl","tag-poland","tag-polish","tag-polska","tag-polski","tag-rozrywka","tag-screening_general","tag-wenecja"],"share_on_mastodon":{"url":"https:\/\/pubeurope.com\/@pl\/117216113243134324","error":""},"_links":{"self":[{"href":"https:\/\/www.europesays.com\/pl\/wp-json\/wp\/v2\/posts\/668272","targetHints":{"allow":["GET"]}}],"collection":[{"href":"https:\/\/www.europesays.com\/pl\/wp-json\/wp\/v2\/posts"}],"about":[{"href":"https:\/\/www.europesays.com\/pl\/wp-json\/wp\/v2\/types\/post"}],"author":[{"embeddable":true,"href":"https:\/\/www.europesays.com\/pl\/wp-json\/wp\/v2\/users\/2"}],"replies":[{"embeddable":true,"href":"https:\/\/www.europesays.com\/pl\/wp-json\/wp\/v2\/comments?post=668272"}],"version-history":[{"count":0,"href":"https:\/\/www.europesays.com\/pl\/wp-json\/wp\/v2\/posts\/668272\/revisions"}],"wp:featuredmedia":[{"embeddable":true,"href":"https:\/\/www.europesays.com\/pl\/wp-json\/wp\/v2\/media\/668273"}],"wp:attachment":[{"href":"https:\/\/www.europesays.com\/pl\/wp-json\/wp\/v2\/media?parent=668272"}],"wp:term":[{"taxonomy":"category","embeddable":true,"href":"https:\/\/www.europesays.com\/pl\/wp-json\/wp\/v2\/categories?post=668272"},{"taxonomy":"post_tag","embeddable":true,"href":"https:\/\/www.europesays.com\/pl\/wp-json\/wp\/v2\/tags?post=668272"}],"curies":[{"name":"wp","href":"https:\/\/api.w.org\/{rel}","templated":true}]}}