{"id":668278,"date":"2026-09-05T02:40:19","date_gmt":"2026-09-05T02:40:19","guid":{"rendered":"https:\/\/www.europesays.com\/pl\/668278\/"},"modified":"2026-09-05T02:40:19","modified_gmt":"2026-09-05T02:40:19","slug":"ojciec-zgubil-dzieci-na-wycieczce-w-hiszpanii-taki-byl-final-poszukiwan","status":"publish","type":"post","link":"https:\/\/www.europesays.com\/pl\/668278\/","title":{"rendered":"Ojciec zgubi\u0142 dzieci na wycieczce w Hiszpanii. Taki by\u0142 fina\u0142 poszukiwa\u0144"},"content":{"rendered":"<p>Ojciec jecha\u0142 z 14-letnim synem i 7-letni\u0105 c\u00f3rk\u0105 na rowerach po Parku Narodowym S&#8217;Albufera w p\u00f3\u0142nocnej cz\u0119\u015bci Majorki. Z\u0142apali gum\u0119.<\/p>\n<p>Dalszy ci\u0105g artyku\u0142u pod materia\u0142em wideo<\/p>\n<p>Wed\u0142ug policji ojciec wyruszy\u0142 po pomoc, ale potem straci\u0142 orientacj\u0119. Niemiec ostatecznie nie wiedzia\u0142, jak wr\u00f3ci\u0107 do miejsca, w kt\u00f3rym zostawi\u0142 syna i c\u00f3rk\u0119.<\/p>\n<p><a href=\"https:\/\/www.onet.pl\/\" title=\"Strona G\u0142\u00f3wna\" aria-label=\"Strona G\u0142\u00f3wna\" data-astro-prefetch=\"tap\" class=\"ods-a-logo-main-desktop\" rel=\"nofollow noopener\" target=\"_blank\"><img src=\"https:\/\/cdn.wiadomosci.onet.pl\/img\/Logo_desktop_Onet.svg\" class=\"ods-a-logo-main-desktop__image\" alt=\"Logo\" width=\"107\" height=\"60\" fetchpriority=\"high\" decoding=\"sync\" style=\"height:60px\"\/><\/a><\/p>\n<p class=\"ods-m-google-article__text\">Czytaj nas cz\u0119\u015bciej w Google<\/p>\n<p><a href=\"https:\/\/google.com\/preferences\/source?q=wiadomosci.onet.pl\" target=\"_blank\" rel=\"noopener noreferrer nofollow\" aria-label=\"Dodaj w Google\" title=\"Dodaj w Google\" class=\"ods-a-button ods-a-button__primary ods-a-button__default ods-a-button-l\">Dodaj w Google<\/a>Ojciec zg\u0142asza zagini\u0119cie dzieci policji<\/p>\n<p>Zaniepokojony ojciec w ko\u0144cu skontaktowa\u0142 si\u0119 z lokaln\u0105 policj\u0105 w Alcudii i zg\u0142osi\u0142 zagini\u0119cie dw\u00f3jki dzieci. Natychmiast rozpocz\u0119to zakrojon\u0105 na szerok\u0105 skal\u0119 akcj\u0119 poszukiwawcz\u0105. Opr\u00f3cz lokalnej policji w Alcudii, w poszukiwaniach uczestniczy\u0142a Guardia Civil, inne lokalne jednostki policji, numer alarmowy 112 oraz pracownicy agencji ochrony \u015brodowiska parku narodowego.<\/p>\n<p>W ko\u0144cu policjant i ojciec przeszukali teren \u2014 z powodzeniem: po prawie sze\u015bciu godzinach poszukiwa\u0144 funkcjonariusz odnalaz\u0142 dw\u00f3jk\u0119 dzieci na \u015bcie\u017cce w pobli\u017cu drogi mi\u0119dzy Alc\u00fadi\u0105 a Palm\u0105. Rodze\u0144stwo zd\u0105\u017cy\u0142o ju\u017c opu\u015bci\u0107 park przyrodniczy. Nic im si\u0119 nie sta\u0142o i mogli ponownie obj\u0105\u0107 ojca.<\/p>\n<p>Policja lokalna napisa\u0142a po pomy\u015blnym zako\u0144czeniu akcji poszukiwawczej. &#8222;Akcja ta pokazuje, jak wa\u017cna jest koordynacja, wsp\u00f3\u0142praca i wytrwa\u0142o\u015b\u0107 wszystkich s\u0142u\u017cb ratunkowych bior\u0105cych udzia\u0142 w akcji poszukiwawczej&#8221; \u2014 napisano w komunikacie.<\/p>\n","protected":false},"excerpt":{"rendered":"Ojciec jecha\u0142 z 14-letnim synem i 7-letni\u0105 c\u00f3rk\u0105 na rowerach po Parku Narodowym S&#8217;Albufera w p\u00f3\u0142nocnej cz\u0119\u015bci Majorki.&hellip;\n","protected":false},"author":2,"featured_media":668279,"comment_status":"","ping_status":"","sticky":false,"template":"","format":"standard","meta":{"footnotes":"","_share_on_mastodon":"0"},"categories":[14],"tags":[61195,32,33,1264,27,267,34,35,28,31,48,25,46,414,40,41,47,80,29,30,26,82,83,84],"class_list":["post-668278","post","type-post","status-publish","format-standard","has-post-thumbnail","category-swiat","tag-bottomfeed_styl","tag-breaking-news","tag-breakingnews","tag-dzieci","tag-headlines","tag-hiszpania","tag-latest-news","tag-latestnews","tag-naglowki","tag-najwazniejsze-artykuly","tag-nat_styl","tag-news","tag-omp","tag-policja","tag-polish","tag-polski","tag-screening_general","tag-swiat","tag-top-stories","tag-topstories","tag-wiadomosci","tag-world","tag-world-news","tag-worldnews"],"share_on_mastodon":{"url":"https:\/\/pubeurope.com\/@pl\/117216126131317684","error":""},"_links":{"self":[{"href":"https:\/\/www.europesays.com\/pl\/wp-json\/wp\/v2\/posts\/668278","targetHints":{"allow":["GET"]}}],"collection":[{"href":"https:\/\/www.europesays.com\/pl\/wp-json\/wp\/v2\/posts"}],"about":[{"href":"https:\/\/www.europesays.com\/pl\/wp-json\/wp\/v2\/types\/post"}],"author":[{"embeddable":true,"href":"https:\/\/www.europesays.com\/pl\/wp-json\/wp\/v2\/users\/2"}],"replies":[{"embeddable":true,"href":"https:\/\/www.europesays.com\/pl\/wp-json\/wp\/v2\/comments?post=668278"}],"version-history":[{"count":0,"href":"https:\/\/www.europesays.com\/pl\/wp-json\/wp\/v2\/posts\/668278\/revisions"}],"wp:featuredmedia":[{"embeddable":true,"href":"https:\/\/www.europesays.com\/pl\/wp-json\/wp\/v2\/media\/668279"}],"wp:attachment":[{"href":"https:\/\/www.europesays.com\/pl\/wp-json\/wp\/v2\/media?parent=668278"}],"wp:term":[{"taxonomy":"category","embeddable":true,"href":"https:\/\/www.europesays.com\/pl\/wp-json\/wp\/v2\/categories?post=668278"},{"taxonomy":"post_tag","embeddable":true,"href":"https:\/\/www.europesays.com\/pl\/wp-json\/wp\/v2\/tags?post=668278"}],"curies":[{"name":"wp","href":"https:\/\/api.w.org\/{rel}","templated":true}]}}