{"id":668284,"date":"2026-09-05T02:43:36","date_gmt":"2026-09-05T02:43:36","guid":{"rendered":"https:\/\/www.europesays.com\/pl\/668284\/"},"modified":"2026-09-05T02:43:36","modified_gmt":"2026-09-05T02:43:36","slug":"premier-mowil-o-roli-zbigniewa-ziobry-w-aferze-zondacrypto-jest-reakcja-polityka-pis","status":"publish","type":"post","link":"https:\/\/www.europesays.com\/pl\/668284\/","title":{"rendered":"Premier m\u00f3wi\u0142 o roli Zbigniewa Ziobry w aferze Zondacrypto. Jest reakcja polityka PiS"},"content":{"rendered":"<p>W ten spos\u00f3b by\u0142y minister sprawiedliwo\u015bci odni\u00f3s\u0142 si\u0119 do s\u0142\u00f3w Donalda Tuska, kt\u00f3re pad\u0142y w pi\u0105tek w Sejmie. <a href=\"https:\/\/wiadomosci.onet.pl\/kraj\/afera-zondacrypto-donald-tusk-w-sejmie-cytuje-fragmenty-zeznan\/4jvwybc\" id=\"13088764-4876-40e7-afd1-d4fd909c7101\" rel=\"nofollow noopener\" target=\"_blank\">Z zezna\u0144 ujawnionych przez premiera wynika, \u017ce Przemys\u0142aw Kral mia\u0142 zobowi\u0105za\u0107 si\u0119 do zap\u0142aty 2 mln z\u0142 Zbigniewowi Ziobrze <\/a>za rozwi\u0105zanie jego problem\u00f3w z prawem. W zeznaniach pada te\u017c nazwisko \u017cony polityka, Patrycji Koteckiej. Co wi\u0119cej, wed\u0142ug relacji Tuska, szef upad\u0142ej gie\u0142dy Zondacrypto mia\u0142 us\u0142ysze\u0107 od utajnionej osoby obietnic\u0119 u\u0142askawienia ze strony prezydenta Karola Nawrockiego.Dalszy ci\u0105g artyku\u0142u pod materia\u0142em wideo<\/p>\n<p>Ziobro w rozmowie z TV Republika stwierdzi\u0142, \u017ce \u015bledztwa dotycz\u0105ce Zondacrypto i Przemys\u0142awa Krala nie dotycz\u0105 jego osoby. Jak powiedzia\u0142, nie zapoznawa\u0142 si\u0119 z tymi sprawami i nie podejmowa\u0142 \u017cadnych dzia\u0142a\u0144, kt\u00f3re mia\u0142yby wp\u0142yw na przebieg post\u0119powa\u0144. \u2014 Na tym si\u0119 wywr\u00f3c\u0105 w pierwszej kolejno\u015bci \u2014 stwierdzi\u0142 Ziobro.<\/p>\n<p><a href=\"https:\/\/www.onet.pl\/\" title=\"Strona G\u0142\u00f3wna\" aria-label=\"Strona G\u0142\u00f3wna\" data-astro-prefetch=\"tap\" class=\"ods-a-logo-main-desktop\" rel=\"nofollow noopener\" target=\"_blank\"><img src=\"https:\/\/cdn.wiadomosci.onet.pl\/img\/Logo_desktop_Onet.svg\" class=\"ods-a-logo-main-desktop__image\" alt=\"Logo\" width=\"107\" height=\"60\" fetchpriority=\"high\" decoding=\"sync\" style=\"height:60px\"\/><\/a><\/p>\n<p class=\"ods-m-google-article__text\">Czytaj nas cz\u0119\u015bciej w Google<\/p>\n<p><a href=\"https:\/\/google.com\/preferences\/source?q=wiadomosci.onet.pl\" target=\"_blank\" rel=\"noopener noreferrer nofollow\" aria-label=\"Dodaj w Google\" title=\"Dodaj w Google\" class=\"ods-a-button ods-a-button__primary ods-a-button__default ods-a-button-l\">Dodaj w Google<\/a><\/p>\n<p>Jest to jednak zbie\u017cne z zeznaniami ujawnionymi przez Tuska. Kral mia\u0142 us\u0142ysze\u0107, \u017ce Ziobro nie wiedzia\u0142 o jego problemach, ale obiecywa\u0142 &#8222;ukr\u0119cenie \u0142ba wszystkim tym sprawom&#8221; po powrocie do w\u0142adzy. <\/p>\n<p>Ziobro przekonywa\u0142 w Republice, \u017ce &#8222;najkorzystniejsze decyzje dla Zondacrypto i prezesa tej firmy zapad\u0142y za czas\u00f3w premiera Donalda Tuska&#8221;. Chodzi o umorzenie dw\u00f3ch post\u0119powa\u0144 w 2024 i 2025 r.<\/p>\n<p>Szkopu\u0142 w tym, \u017ce jedno z tych \u015bledztw umorzy\u0142 prok. Tomasz Janeczek, jeden z najwierniejszych ludzi Zbigniewa Ziobry w prokuraturze. Informacj\u0119 o tym ujawni\u0142 w pi\u0105tek prokurator generalny i minister sprawiedliwo\u015bci Waldemar \u017burek.<\/p>\n<p>&#8222;Maniek&#8221;, &#8222;Rudy&#8221; i &#8222;Kaczka&#8221;. To ich boi si\u0119 Przemys\u0142aw Kral. I dlatego wsp\u00f3\u0142pracuje z prokuratur\u0105<img class=\"ods-a-photo ods-a-photo--background\" src=\"https:\/\/www.europesays.com\/pl\/wp-content\/uploads\/2026\/09\/1788576215_761_NBVk9lBaHR0cHM6Ly9vY2RuLmV1L3B1bHNjbXMvTURBXy83MmIwNTJhOWQ1ZmRkYzI4ZTU1ZGQxODFlNzk1NGQ5MC5qcGeRlQLNA.jpeg\" height=\"255\" width=\"450\" alt=\"Przemys\u0142aw Kral i Sylwester Suszek, w tle siedziba Zondacrypto w Katowicach\" loading=\"lazy\" fetchpriority=\"low\" decoding=\"async\"\/>Ziobro: Wida\u0107 tutaj r\u0119k\u0119 Giertycha. Z\u0142o\u017c\u0119 zawiadomienie do prokuratury.<\/p>\n<p>\u2014 Mamy do czynienia z prowokacj\u0105 &#8222;szyt\u0105&#8221;, wida\u0107 tutaj r\u0119k\u0119 Giertycha i sposoby jego dzia\u0142ania. W tej sprawie z\u0142o\u017c\u0119 te\u017c zawiadomienie o podejrzeniu pope\u0142nienia przest\u0119pstwa, \u017ce ta w\u0142adza, dzia\u0142aj\u0105c metodami mafijnymi, tworzy, czy te\u017c zach\u0119ca, jak wiele na to wskazuje, z pewno\u015bci\u0105 wykorzystuje osob\u0119 uwik\u0142an\u0105 w przest\u0119pstwo \u2014 m\u00f3wi\u0142 Ziobro.<\/p>\n<p>Przebywaj\u0105cy w USA polityk o\u015bwiadczy\u0142, \u017ce Przemys\u0142aw Kral chcia\u0142 si\u0119 z nim spotka\u0107, gdy by\u0142 jeszcze w Budapeszcie. \u2014 Dwukrotnie odm\u00f3wi\u0142em. Dowiedzia\u0142em si\u0119, \u017ce Zondacrypto uczestniczy\u0142a w procesie legislacyjnym w Sejmie. Okoliczno\u015b\u0107 ta nie zosta\u0142a nam powiedziana, kiedy \u015brodki zosta\u0142y przelane nam na fundacj\u0119 \u2014 twierdzi\u0142 Ziobro.<\/p>\n<p>Chodzi o 450 tys. z\u0142, kt\u00f3re Kral wp\u0142aci\u0142 fundacji Instytut Polski Suwerennej. P\u00f3\u017aniej Ziobro po\u017cyczy\u0142 od niej 57 tys. z\u0142, co ujawni\u0142 w swoim o\u015bwiadczeniu maj\u0105tkowym.<\/p>\n<p>By\u0142y minister sprawiedliwo\u015bci zapewnia, \u017ce nigdy nie rozmawia\u0142 i nie spotka\u0142 si\u0119 z Kralem, ale wiadomo ju\u017c, \u017ce mi\u0119dzy nimi by\u0142 po\u015brednik w postaci by\u0142ego agenta CBA Artura Chodzi\u0144skiego.<\/p>\n<p>O co dok\u0142adnie chodzi w aferze Zondacrypto [WYJA\u015aNIAMY]<img class=\"ods-a-photo ods-a-photo--background\" src=\"https:\/\/www.europesays.com\/pl\/wp-content\/uploads\/2026\/09\/1788576216_892_qKuk9lBaHR0cHM6Ly9vY2RuLmV1L3B1bHNjbXMvTURBXy8wMTUwMTFjZTA1ZmRmYTE1YzJiMmJiNTBlOGU2YmM0OS5qcGeRlQLNA.jpeg\" height=\"254\" width=\"450\" alt=\"Przemys\u0142aw Kral\" loading=\"lazy\" fetchpriority=\"low\" decoding=\"async\"\/><\/p>\n","protected":false},"excerpt":{"rendered":"W ten spos\u00f3b by\u0142y minister sprawiedliwo\u015bci odni\u00f3s\u0142 si\u0119 do s\u0142\u00f3w Donalda Tuska, kt\u00f3re pad\u0142y w pi\u0105tek w Sejmie.&hellip;\n","protected":false},"author":2,"featured_media":668285,"comment_status":"","ping_status":"","sticky":false,"template":"","format":"standard","meta":{"footnotes":"","_share_on_mastodon":"0"},"categories":[62713],"tags":[61195,1345,212,43,49,48,46,38640,75235,47,2037,17994],"class_list":["post-668284","post","type-post","status-publish","format-standard","has-post-thumbnail","category-donald-tusk","tag-bottomfeed_styl","tag-donald-tusk","tag-donald_tusk","tag-karol_nawrocki","tag-kraj","tag-nat_styl","tag-omp","tag-patrycja_kotecka","tag-przemyslaw_kral","tag-screening_general","tag-zbigniew_ziobro","tag-zondacrypto"],"share_on_mastodon":{"url":"https:\/\/pubeurope.com\/@pl\/117216137734627918","error":""},"_links":{"self":[{"href":"https:\/\/www.europesays.com\/pl\/wp-json\/wp\/v2\/posts\/668284","targetHints":{"allow":["GET"]}}],"collection":[{"href":"https:\/\/www.europesays.com\/pl\/wp-json\/wp\/v2\/posts"}],"about":[{"href":"https:\/\/www.europesays.com\/pl\/wp-json\/wp\/v2\/types\/post"}],"author":[{"embeddable":true,"href":"https:\/\/www.europesays.com\/pl\/wp-json\/wp\/v2\/users\/2"}],"replies":[{"embeddable":true,"href":"https:\/\/www.europesays.com\/pl\/wp-json\/wp\/v2\/comments?post=668284"}],"version-history":[{"count":0,"href":"https:\/\/www.europesays.com\/pl\/wp-json\/wp\/v2\/posts\/668284\/revisions"}],"wp:featuredmedia":[{"embeddable":true,"href":"https:\/\/www.europesays.com\/pl\/wp-json\/wp\/v2\/media\/668285"}],"wp:attachment":[{"href":"https:\/\/www.europesays.com\/pl\/wp-json\/wp\/v2\/media?parent=668284"}],"wp:term":[{"taxonomy":"category","embeddable":true,"href":"https:\/\/www.europesays.com\/pl\/wp-json\/wp\/v2\/categories?post=668284"},{"taxonomy":"post_tag","embeddable":true,"href":"https:\/\/www.europesays.com\/pl\/wp-json\/wp\/v2\/tags?post=668284"}],"curies":[{"name":"wp","href":"https:\/\/api.w.org\/{rel}","templated":true}]}}