{"id":668304,"date":"2026-09-05T03:02:39","date_gmt":"2026-09-05T03:02:39","guid":{"rendered":"https:\/\/www.europesays.com\/pl\/668304\/"},"modified":"2026-09-05T03:02:39","modified_gmt":"2026-09-05T03:02:39","slug":"zaginela-13-latka-we-wroclawiu-policja-prosi-o-pomoc","status":"publish","type":"post","link":"https:\/\/www.europesays.com\/pl\/668304\/","title":{"rendered":"Zagin\u0119\u0142a 13-latka we Wroc\u0142awiu. Policja prosi o pomoc"},"content":{"rendered":"<p>&#13;<br \/>\n                    &#13;<br \/>\n                    &#13;<br \/>\n&#13;<\/p>\n<p>                                                            &#13;<br \/>\n                                    Opracowanie:&#13;<br \/>\n                                                                            &#13;<br \/>\n                                                                                    <a itemprop=\"url\" href=\"https:\/\/www.rmf24.pl\/autor\/81,piotr-parzysz\" rel=\"nofollow noopener\" target=\"_blank\">Piotr Parzysz<\/a>&#13;<br \/>\n                                                                                &#13;<\/p>\n<p>                                                            Publikacja: Wczoraj, 4 wrze\u015bnia (08:22)<\/p>\n<p>                    &#13;<br \/>\n&#13;<\/p>\n<p>0:00<\/p>\n<p>0:53<\/p>\n<p>                    Pos\u0142uchaj artyku\u0142u<br \/>\n                    &#13;<br \/>\n                        Czytane g\u0142osem AI&#13;<br \/>\n                        &#13;<\/p>\n<p>&#13;<br \/>\n&#13;<br \/>\n&#13;<\/p>\n<p class=\"article-page__lead\">Policjanci z Wroc\u0142awia poszukuj\u0105 13-letniej Anand Braun Carniero De Oliviera, obywatelki Brazylii. Dziewczyna samowolnie opu\u015bci\u0142a szko\u0142\u0119 przy ul. Pauli\u0144skiej we Wroc\u0142awiu i do tej pory nie wr\u00f3ci\u0142a do miejsca zamieszkania.<\/p>\n<p>&#13;<br \/>\n                                    &#13;<br \/>\n                        &#13;<br \/>\n                        &#13;<br \/>\n                        <img decoding=\"async\" src=\"https:\/\/www.europesays.com\/pl\/wp-content\/uploads\/2026\/09\/zaginela-13-latka-z-wroclawia-fot-966x643-3bcdd024.jpg\" alt=\"Zagin\u0119\u0142a 13-latka we Wroc\u0142awiu. Policja prosi o pomoc\" class=\"article-page__image\" loading=\"lazy\"\/>&#13;<\/p>\n<p>&#13;<br \/>\n                                                                    Zagin\u0119\u0142a 13-latka z Wroc\u0142awia, fot. Policja&#13;<br \/>\n                                                                                                    \/Shutterstock&#13;\n                                                            <\/p>\n<p>&#13;<\/p>\n<p class=\"isSelectedEnd\">13-latka nie ma przy sobie telefonu kom\u00f3rkowego. Funkcjonariusze apeluj\u0105 do wszystkich os\u00f3b, kt\u00f3re mog\u0105 mie\u0107 informacje na temat miejsca pobytu dziewczyny, o kontakt z policj\u0105.<\/p>\n<p class=\"isSelectedEnd\">Informacje mo\u017cna przekazywa\u0107 bezpo\u015brednio do Komisariatu Policji Wroc\u0142aw O\u0142bin pod numerem 47 87 143 06, a tak\u017ce pod numerem alarmowym 112 lub w najbli\u017cszej jednostce policji.<\/p>\n<p>Policja prosi r\u00f3wnie\u017c o przekazywanie informacji dalej.<\/p>\n","protected":false},"excerpt":{"rendered":"&#13; &#13; &#13; &#13; &#13; Opracowanie:&#13; &#13; Piotr Parzysz&#13; &#13; Publikacja: Wczoraj, 4 wrze\u015bnia (08:22) &#13; &#13; 0:00&hellip;\n","protected":false},"author":2,"featured_media":668305,"comment_status":"","ping_status":"","sticky":false,"template":"","format":"standard","meta":{"footnotes":"","_share_on_mastodon":"0"},"categories":[51607],"tags":[42,38,40,39,41,1853],"class_list":["post-668304","post","type-post","status-publish","format-standard","has-post-thumbnail","category-wroclaw","tag-pl","tag-poland","tag-polish","tag-polska","tag-polski","tag-wroclaw"],"share_on_mastodon":{"url":"https:\/\/pubeurope.com\/@pl\/117216212502807851","error":""},"_links":{"self":[{"href":"https:\/\/www.europesays.com\/pl\/wp-json\/wp\/v2\/posts\/668304","targetHints":{"allow":["GET"]}}],"collection":[{"href":"https:\/\/www.europesays.com\/pl\/wp-json\/wp\/v2\/posts"}],"about":[{"href":"https:\/\/www.europesays.com\/pl\/wp-json\/wp\/v2\/types\/post"}],"author":[{"embeddable":true,"href":"https:\/\/www.europesays.com\/pl\/wp-json\/wp\/v2\/users\/2"}],"replies":[{"embeddable":true,"href":"https:\/\/www.europesays.com\/pl\/wp-json\/wp\/v2\/comments?post=668304"}],"version-history":[{"count":0,"href":"https:\/\/www.europesays.com\/pl\/wp-json\/wp\/v2\/posts\/668304\/revisions"}],"wp:featuredmedia":[{"embeddable":true,"href":"https:\/\/www.europesays.com\/pl\/wp-json\/wp\/v2\/media\/668305"}],"wp:attachment":[{"href":"https:\/\/www.europesays.com\/pl\/wp-json\/wp\/v2\/media?parent=668304"}],"wp:term":[{"taxonomy":"category","embeddable":true,"href":"https:\/\/www.europesays.com\/pl\/wp-json\/wp\/v2\/categories?post=668304"},{"taxonomy":"post_tag","embeddable":true,"href":"https:\/\/www.europesays.com\/pl\/wp-json\/wp\/v2\/tags?post=668304"}],"curies":[{"name":"wp","href":"https:\/\/api.w.org\/{rel}","templated":true}]}}