{"id":668312,"date":"2026-09-05T03:07:33","date_gmt":"2026-09-05T03:07:33","guid":{"rendered":"https:\/\/www.europesays.com\/pl\/668312\/"},"modified":"2026-09-05T03:07:33","modified_gmt":"2026-09-05T03:07:33","slug":"warszawa-premiera-lewych-interesow-w-teatrze-capitol","status":"publish","type":"post","link":"https:\/\/www.europesays.com\/pl\/668312\/","title":{"rendered":"Warszawa. Premiera \u201eLewych interes\u00f3w\u201d w Teatrze Capitol"},"content":{"rendered":"<p>W samym centrum Warszawy dosz\u0142o do niecodziennej sytuacji. Znanych aktor\u00f3w Miko\u0142aja Krawczyka i B\u0142a\u017ceja Stencela widziano, jak przekazywali tajemnicz\u0105 kopert\u0119 dw\u00f3m dot\u0105d niezidentyfikowanym m\u0119\u017cczyznom w czarnych garniturach. Okazuje si\u0119, \u017ce w spraw\u0119 zamieszane s\u0105 tak\u017ce znane polskie aktorki.\u00a0<\/p>\n<p>            <a data-lightbox=\"article-gallery\" href=\"https:\/\/e-teatr.pl\/files\/multimedias\/182649\/CEZ_9899.jpeg\" rel=\"nofollow noopener\" target=\"_blank\">&#13;<br \/>\n        <img loading=\"lazy\" decoding=\"async\" src=\"https:\/\/www.europesays.com\/pl\/wp-content\/uploads\/2026\/09\/thumb_CEZ_9899.jpeg\" alt=\"\" title=\"\" width=\"640\" height=\"426\"\/>      <\/a><\/p>\n<p>fot. mat. teatru<\/p>\n<p>Centrum Warszawy. Miko\u0142aj Krawczyk, B\u0142a\u017cej Stencel, Olga \u0141asak, Paulina Lasota, Jacek Lenartowicz, Tomasz Dedek, Bartosz Obuchowicz, a nawet Piotr Zelt \u2013 wszyscy zostali przy\u0142apani na lewych interesach. \u015aledczy ustalili, \u017ce szefem ca\u0142ego procederu okaza\u0142 si\u0119 znany polski re\u017cyser Jerzy Bo\u0144czak, kt\u00f3ry w swojej przesz\u0142o\u015bci macza\u0142 ju\u017c palce m.in. w takich produkcjach, jak \u201ePrezent urodzinowy\u201d.<\/p>\n<p>Zamiast zarzut\u00f3w\u2026 seria absurdalnych pomy\u0142ek<\/p>\n<p>Szeroko zakrojone \u015bledztwo wykaza\u0142o, \u017ce ten bezprecedensowy proceder to nic innego, jak najnowszy hit komediowy Teatru Capitol \u201eLewe interesy\u201d. Na widz\u00f3w czeka pot\u0119\u017cna dawka humoru, zawrotne tempo, misternie tkana intryga oraz \u2013 jak na porz\u0105dn\u0105 fars\u0119 kryminaln\u0105 przysta\u0142o \u2013 ca\u0142a masa podw\u00f3jnych to\u017csamo\u015bci i ukrywanych kopert z nielegaln\u0105 got\u00f3wk\u0105.<\/p>\n<p>\u2013 W tym spektaklu nikt nie jest tym, za kogo si\u0119 podaje, a ka\u017cda pr\u00f3ba wyprostowania sytuacji prowadzi do jeszcze wi\u0119kszego chaosu. Nasi bohaterowie pl\u0105cz\u0105 si\u0119 w swoich zeznaniach szybciej, ni\u017c widzowie s\u0105 w stanie \u0142apa\u0107 oddech ze \u015bmiechu \u2013 przekonuje Agnieszka Trojanek-Soska, managerka teatru.<\/p>\n<p>Poszukiwani \u015bwiadkowie!<\/p>\n<p>Dyrekcja Teatru Capitol apeluje do wszystkich mieszka\u0144c\u00f3w Warszawy oraz go\u015bci stolicy o zachowanie szczeg\u00f3lnej czujno\u015bci i szybkie reagowanie.<\/p>\n<p>Wszyscy, kt\u00f3rzy chc\u0105 by\u0107 \u015bwiadkami w tej sprawie, proszeni s\u0105 o natychmiastowe skierowanie si\u0119 na stron\u0119 internetow\u0105 <a href=\"https:\/\/teatrcapitol.pl\/spektakl\/lewe-interesy\" target=\"_blank\" rel=\"nofollow noopener\">https:\/\/teatrcapitol.pl\/spektakl\/lewe-interesy<\/a>, w celu zaj\u0119cia strategicznych miejsc na widowni i zobaczenia wszystkiego na w\u0142asne oczy.<\/p>\n<p>Teatr Capitol ostrzega, \u017ce uczestnictwo w tym procederze grozi nag\u0142ymi wybuchami \u015bmiechu i d\u0142ugotrwa\u0142ym poprawieniem humoru!<\/p>\n<p>O spektaklu \u201eLewe interesy\u201d:<\/p>\n<p>Autor: Robin Hawdon<br \/>Re\u017cyseria: Jerzy Bo\u0144czak<br \/>Obsada: Jacek Lenartowicz, Tomasz Dedek, Maciej Wilewski, Magdalena Dwurzy\u0144ska, Olga \u0141asak, Miko\u0142aj Krawczyk, B\u0142a\u017cej Stencel, Bartosz Obuchowicz, Piotr Janusz, Paulina Lasota, Justyna Jele\u0144, Piotr Zelt, Sebastian Konrad, Arkadiusz Detmer<br \/>Przek\u0142ad: El\u017cbieta Wo\u017aniak<br \/>Scenografia: Marek Chowaniec<br \/>Kostiumy: Iga Sylwestrzak<br \/>Opracowanie muzyczne: Ma\u0142gorzata Ma\u0142aszko \u2013 Stasiewicz<br \/>Casting: Agnieszka Niedojad\u00a0<br \/>Projekt plakatu: Oskar Sobolewski<br \/>Kierownik produkcji i asystent re\u017cysera: Monika Lewicka<br \/>Miejsce: Teatr Capitol, ul. Marsza\u0142kowska 115, Warszawa<\/p>\n<p>Bilety ju\u017c w sprzeda\u017cy na ca\u0142y sezon 2026\/2027!<\/p>\n","protected":false},"excerpt":{"rendered":"W samym centrum Warszawy dosz\u0142o do niecodziennej sytuacji. Znanych aktor\u00f3w Miko\u0142aja Krawczyka i B\u0142a\u017ceja Stencela widziano, jak przekazywali&hellip;\n","protected":false},"author":2,"featured_media":668313,"comment_status":"","ping_status":"","sticky":false,"template":"","format":"standard","meta":{"footnotes":"","_share_on_mastodon":"0"},"categories":[51605],"tags":[2434,8588,6588,17490,16331,51630,42,38,40,39,41,649,650,11541,51629,8815,51631,8767,51628,800,8816,435],"class_list":["post-668312","post","type-post","status-publish","format-standard","has-post-thumbnail","category-warszawa","tag-aktor","tag-aktorzy","tag-festiwal","tag-festiwale","tag-kariera","tag-kariery","tag-pl","tag-poland","tag-polish","tag-polska","tag-polski","tag-premiera","tag-premiery","tag-realizacja","tag-realizacje","tag-repertuar","tag-ruch-teatralny","tag-sztuka","tag-sztuki","tag-teatr","tag-teatry","tag-warszawa"],"share_on_mastodon":{"url":"https:\/\/pubeurope.com\/@pl\/117216231287751667","error":""},"_links":{"self":[{"href":"https:\/\/www.europesays.com\/pl\/wp-json\/wp\/v2\/posts\/668312","targetHints":{"allow":["GET"]}}],"collection":[{"href":"https:\/\/www.europesays.com\/pl\/wp-json\/wp\/v2\/posts"}],"about":[{"href":"https:\/\/www.europesays.com\/pl\/wp-json\/wp\/v2\/types\/post"}],"author":[{"embeddable":true,"href":"https:\/\/www.europesays.com\/pl\/wp-json\/wp\/v2\/users\/2"}],"replies":[{"embeddable":true,"href":"https:\/\/www.europesays.com\/pl\/wp-json\/wp\/v2\/comments?post=668312"}],"version-history":[{"count":0,"href":"https:\/\/www.europesays.com\/pl\/wp-json\/wp\/v2\/posts\/668312\/revisions"}],"wp:featuredmedia":[{"embeddable":true,"href":"https:\/\/www.europesays.com\/pl\/wp-json\/wp\/v2\/media\/668313"}],"wp:attachment":[{"href":"https:\/\/www.europesays.com\/pl\/wp-json\/wp\/v2\/media?parent=668312"}],"wp:term":[{"taxonomy":"category","embeddable":true,"href":"https:\/\/www.europesays.com\/pl\/wp-json\/wp\/v2\/categories?post=668312"},{"taxonomy":"post_tag","embeddable":true,"href":"https:\/\/www.europesays.com\/pl\/wp-json\/wp\/v2\/tags?post=668312"}],"curies":[{"name":"wp","href":"https:\/\/api.w.org\/{rel}","templated":true}]}}