{"id":668326,"date":"2026-09-05T03:14:16","date_gmt":"2026-09-05T03:14:16","guid":{"rendered":"https:\/\/www.europesays.com\/pl\/668326\/"},"modified":"2026-09-05T03:14:16","modified_gmt":"2026-09-05T03:14:16","slug":"michal-rachon-biegl-za-autem-ze-zbigniewem-ziobra-sad-zdecydowal","status":"publish","type":"post","link":"https:\/\/www.europesays.com\/pl\/668326\/","title":{"rendered":"Micha\u0142 Racho\u0144 bieg\u0142 za autem ze Zbigniewem Ziobr\u0105. S\u0105d zdecydowa\u0142"},"content":{"rendered":"<p>O na\u0142o\u017ceniu kary nagany na Micha\u0142a Rachonia zdecydowa\u0142 w czwartek (3 sierpnia) S\u0105d Rejonowy Warszawa-\u015ar\u00f3dmie\u015bcie. Jak ustali\u0142 portal Gazeta.pl, s\u0105d uzna\u0142 win\u0119 dyrektora programowego TV Republika &#8222;w zakresie z\u0142amania przepis\u00f3w dotycz\u0105cych bezpiecze\u0144stwa lub porz\u0105dku w ruchu drogowym&#8221;. Orzeczenie nie jest prawomocne.<\/p>\n<p>Dalszy ci\u0105g artyku\u0142u pod materia\u0142em wideoMicha\u0142 Racho\u0144 nieprawomocnie ukarany nagan\u0105<a href=\"https:\/\/www.fakt.pl\/\" title=\"Strona G\u0142\u00f3wna\" aria-label=\"Strona G\u0142\u00f3wna\" data-astro-prefetch=\"tap\" class=\"ods-a-logo-main-desktop\" rel=\"nofollow noopener\" target=\"_blank\"><img src=\"https:\/\/cdn.fakt.pl\/img\/Logo_desktop_Fakt.svg\" class=\"ods-a-logo-main-desktop__image\" alt=\"Logo\" width=\"107\" height=\"86\" fetchpriority=\"high\" decoding=\"sync\" style=\"height:86px\"\/><\/a><\/p>\n<p class=\"ods-m-google-article__text\">Czytaj nas cz\u0119\u015bciej w Google<\/p>\n<p><a href=\"https:\/\/google.com\/preferences\/source?q=fakt.pl\" target=\"_blank\" rel=\"noopener noreferrer nofollow\" aria-label=\"Dodaj w Google\" title=\"Dodaj w Google\" class=\"ods-a-button ods-a-button__primary ods-a-button__default ods-a-button-l\">Dodaj w Google<\/a><\/p>\n<p>Do zdarzenia dosz\u0142o 31 stycznia 2025 r., kiedy policja wykonywa\u0142a s\u0105dowy nakaz doprowadzenia Zbigniewa Ziobry na posiedzenie komisji \u015bledczej ds. Pegasusa. By\u0142y minister sprawiedliwo\u015bci nie znajdowa\u0142 si\u0119 w miejscu zamieszkania, ale wzi\u0105\u0142 udzia\u0142 w programie na \u017cywo nadawanym ze studia stacji.<\/p>\n<p>Funkcjonariusze policji udali si\u0119 do siedziby TV Republika i zatrzymali tam pos\u0142a PiS. Kiedy wsiad\u0142 do policyjnego samochodu i ruszyli w stron\u0119 Sejmu, za autem pobieg\u0142a grupa ludzi, w tym Racho\u0144 z telefonem w d\u0142oni.<\/p>\n<p>Zawiadomienie i pr\u00f3by przes\u0142uchania. S\u0105d zdecydowa\u0142<\/p>\n<p>Z ustale\u0144 portalu Gazeta.pl wynika, \u017ce zawiadomienie w tej sprawie przekaza\u0142a policji osoba prywatna. Napisa\u0142a w nim, \u017ce dwaj m\u0119\u017cczy\u017ani &#8222;biegli ulic\u0105 T\u0142omackie do Al. Solidarno\u015bci, a nast\u0119pnie wtargn\u0119li na jezdni\u0119 Al. Solidarno\u015bci oraz biegli po jezdni w kierunku wschodnim przez ok. 50 m&#8221;.<\/p>\n<p>Dwa miesi\u0105ce p\u00f3\u017aniej policja zwr\u00f3ci\u0142a si\u0119 o przes\u0142uchanie dyrektora programowego TV Republika, co mia\u0142o si\u0119 nie uda\u0107 mimo kilku pr\u00f3b, poniewa\u017c pe\u0142nomocnik Rachonia mia\u0142 wskazywa\u0107 na napi\u0119ty grafik klienta. W styczniu 2026 r. do s\u0105du wp\u0142yn\u0105\u0142 wniosek o ukaranie za z\u0142amanie przepis\u00f3w z art. 97 Kodeksu wykrocze\u0144.<\/p>\n<p><a href=\"https:\/\/www.fakt.pl\/polityka\/slowa-tuska-o-ziobrze-a-ekstradycja-bylego-ministra-prawnik-studzi-emocje\/74rnncc\" id=\"4a1d6187-fcf7-4ca4-bb9f-a6c739414f16\" rel=\"nofollow noopener\" target=\"_blank\">Awantura wok\u00f3\u0142 Ziobry. Co z ekstradycj\u0105? &#8222;Nie wydaje mi si\u0119&#8221;<\/a><a href=\"https:\/\/www.fakt.pl\/polityka\/afera-zondacrypto-bedzie-komisja-sledcza-strata-dla-sledztwa\/zv0kjy6\" id=\"89ed2031-bb95-4a16-bd08-d03b36166d31\" rel=\"nofollow noopener\" target=\"_blank\">Komisja \u015bledcza w sprawie Zondacrypto? &#8222;Strata dla \u015bledztwa&#8221;<\/a><a href=\"https:\/\/www.fakt.pl\/polityka\/zbigniew-bogucki-zapytany-o-zondacrypto-nagle-wyciagnal-telefon\/jtq9prj\" id=\"d4ccdd42-cae0-4b43-b343-50de2cd98615\" rel=\"nofollow noopener\" target=\"_blank\">Bogucki us\u0142ysza\u0142 pytanie i wyj\u0105\u0142 telefon. &#8222;Mog\u0119 wam da\u0107 do przegl\u0105dania&#8221;<\/a><\/p>\n<p>\u0179r\u00f3d\u0142o: Fakt \/ Gazeta.pl<\/p>\n<p>1\/3<img class=\"ods-a-photo ods-a-photo--background\" src=\"https:\/\/www.europesays.com\/pl\/wp-content\/uploads\/2026\/09\/Io1k9lGaHR0cHM6Ly9vY2RuLmV1L3B1bHNjbXMvTURBXy80MmIyNjZiYy01ZmFiLTRlYTEtOWZhZi0wMzY2NjU4ODM0MTAuanBlZ.jpeg\" height=\"627\" width=\"940\" alt=\"Zatrzymanie Zbigniewa Ziobro w siedzibie Telewizji Republika\" loading=\"lazy\" fetchpriority=\"auto\" decoding=\"auto\" url=\"https:\/\/ocdn.eu\/pulscms\/MDA_\/42b266bc-5fab-4ea1-9faf-036665883410.jpeg\" description=\"Zatrzymanie Zbigniewa Ziobro w siedzibie Telewizji Republika\" author=\"Fot. Dawid \u017buchowicz \/ Agencja Wyborcza.pl \/ AGENCJA Wyborcza .pl\" source=\"\"\/><\/p>\n<p>Fot. Dawid \u017buchowicz \/ Agencja Wyborcza.pl \/ AGENCJA Wyborcza .pl<\/p>\n<p>Zatrzymanie Zbigniewa Ziobro w siedzibie Telewizji Republika<\/p>\n<p>Micha\u0142 Racho\u0144 zosta\u0142 nieprawomocnie ukarany nagan\u0105. <\/p>\n<p>2\/3<img class=\"ods-a-photo ods-a-photo--background\" src=\"https:\/\/www.europesays.com\/pl\/wp-content\/uploads\/2026\/09\/JtJk9lGaHR0cHM6Ly9vY2RuLmV1L3B1bHNjbXMvTURBXy83Nzg4Y2IyNi1lOTM0LTQ5ZTAtOTBkOS04Yjg2YjM4NDM5ZGEuanBlZ.jpeg\" height=\"627\" width=\"940\" alt=\"Zbigniew Ziobro w Telewizji Republika\" loading=\"lazy\" fetchpriority=\"auto\" decoding=\"auto\" url=\"https:\/\/ocdn.eu\/pulscms\/MDA_\/7788cb26-e934-49e0-90d9-8b86b38439da.jpeg\" description=\"Zbigniew Ziobro w Telewizji Republika\" author=\"Fot. Dawid \u017buchowicz \/ Agencja Wyborcza.pl \/ AGENCJA Wyborcza .pl\" source=\"\"\/><\/p>\n<p>Fot. Dawid \u017buchowicz \/ Agencja Wyborcza.pl \/ AGENCJA Wyborcza .pl<\/p>\n<p>Zbigniew Ziobro w Telewizji Republika<\/p>\n<p>Pracownik TV Republika pobieg\u0142 za samochodem, kt\u00f3rym policja przewozi\u0142a Zbigniewa Ziobr\u0119. <\/p>\n<p>3\/3<img class=\"ods-a-photo ods-a-photo--background\" src=\"https:\/\/www.europesays.com\/pl\/wp-content\/uploads\/2026\/09\/lzok9lGaHR0cHM6Ly9vY2RuLmV1L3B1bHNjbXMvTURBXy9hMWM5ZWVjYy1hMzI4LTQ3YzMtOTQ5ZS1mYzUwMjA4ODA1NWIuanBlZ.jpeg\" height=\"627\" width=\"940\" alt=\"Zbigniew Ziobro w Telewizji Republika\" loading=\"lazy\" fetchpriority=\"auto\" decoding=\"auto\" url=\"https:\/\/ocdn.eu\/pulscms\/MDA_\/a1c9eecc-a328-47c3-949e-fc502088055b.jpeg\" description=\"Zbigniew Ziobro w Telewizji Republika\" author=\"Fot. Dawid \u017buchowicz \/ Agencja Wyborcza.pl \/ AGENCJA Wyborcza .pl\" source=\"\"\/><\/p>\n<p>Fot. Dawid \u017buchowicz \/ Agencja Wyborcza.pl \/ AGENCJA Wyborcza .pl<\/p>\n<p>Zbigniew Ziobro w Telewizji Republika<\/p>\n<p>By\u0142y minister sprawiedliwo\u015bci zosta\u0142 w\u00f3wczas zatrzymany w siedzibie TV Republika. <\/p>\n","protected":false},"excerpt":{"rendered":"O na\u0142o\u017ceniu kary nagany na Micha\u0142a Rachonia zdecydowa\u0142 w czwartek (3 sierpnia) S\u0105d Rejonowy Warszawa-\u015ar\u00f3dmie\u015bcie. Jak ustali\u0142 portal&hellip;\n","protected":false},"author":2,"featured_media":668327,"comment_status":"","ping_status":"","sticky":false,"template":"","format":"standard","meta":{"footnotes":"","_share_on_mastodon":"0"},"categories":[12],"tags":[61195,32,33,36,37,27,34,35,19416,28,31,25,46,129559,42,38,40,907,39,41,412,47,29,111182,30,26,2037],"class_list":["post-668326","post","type-post","status-publish","format-standard","has-post-thumbnail","category-polska","tag-bottomfeed_styl","tag-breaking-news","tag-breakingnews","tag-featured-news","tag-featurednews","tag-headlines","tag-latest-news","tag-latestnews","tag-michal_rachon","tag-naglowki","tag-najwazniejsze-artykuly","tag-news","tag-omp","tag-omp_tst3","tag-pl","tag-poland","tag-polish","tag-polityka","tag-polska","tag-polski","tag-prawo_sady_prawnicy","tag-screening_general","tag-top-stories","tag-topbar_tst1","tag-topstories","tag-wiadomosci","tag-zbigniew_ziobro"],"share_on_mastodon":{"url":"https:\/\/pubeurope.com\/@pl\/117216258903231047","error":""},"_links":{"self":[{"href":"https:\/\/www.europesays.com\/pl\/wp-json\/wp\/v2\/posts\/668326","targetHints":{"allow":["GET"]}}],"collection":[{"href":"https:\/\/www.europesays.com\/pl\/wp-json\/wp\/v2\/posts"}],"about":[{"href":"https:\/\/www.europesays.com\/pl\/wp-json\/wp\/v2\/types\/post"}],"author":[{"embeddable":true,"href":"https:\/\/www.europesays.com\/pl\/wp-json\/wp\/v2\/users\/2"}],"replies":[{"embeddable":true,"href":"https:\/\/www.europesays.com\/pl\/wp-json\/wp\/v2\/comments?post=668326"}],"version-history":[{"count":0,"href":"https:\/\/www.europesays.com\/pl\/wp-json\/wp\/v2\/posts\/668326\/revisions"}],"wp:featuredmedia":[{"embeddable":true,"href":"https:\/\/www.europesays.com\/pl\/wp-json\/wp\/v2\/media\/668327"}],"wp:attachment":[{"href":"https:\/\/www.europesays.com\/pl\/wp-json\/wp\/v2\/media?parent=668326"}],"wp:term":[{"taxonomy":"category","embeddable":true,"href":"https:\/\/www.europesays.com\/pl\/wp-json\/wp\/v2\/categories?post=668326"},{"taxonomy":"post_tag","embeddable":true,"href":"https:\/\/www.europesays.com\/pl\/wp-json\/wp\/v2\/tags?post=668326"}],"curies":[{"name":"wp","href":"https:\/\/api.w.org\/{rel}","templated":true}]}}