{"id":668330,"date":"2026-09-05T03:16:50","date_gmt":"2026-09-05T03:16:50","guid":{"rendered":"https:\/\/www.europesays.com\/pl\/668330\/"},"modified":"2026-09-05T03:16:50","modified_gmt":"2026-09-05T03:16:50","slug":"sejm-znow-nie-odrzucil-weta-prezydenta-ale-tusk-swoje-zrobil-zreczne-zagranie","status":"publish","type":"post","link":"https:\/\/www.europesays.com\/pl\/668330\/","title":{"rendered":"Sejm zn\u00f3w nie odrzuci\u0142 weta prezydenta. Ale Tusk swoje zrobi\u0142. &#8222;Zr\u0119czne zagranie&#8221;"},"content":{"rendered":"<p>jaki by\u0142 wynik g\u0142osowania nad odrzuceniem weta do ustawy o rynku kryptoaktyw\u00f3w;<\/p>\n<p>jakie to ma znaczenie w kontek\u015bcie afery Zondacrypto;<\/p>\n<p>co znalaz\u0142o si\u0119 w zeznaniach ws. afery Zondacrypto, kt\u00f3re odczyta\u0142 Donald Tusk;<\/p>\n<p>dlaczego &#8211; w ocenie Macieja Czapluka z &#8222;Polityki Insight&#8221; premier cieszy si\u0119 z odrzucenia weta.<\/p>\n<p>        <a name=\"eztoc32766940_0_7\" id=\"eztoc32766940_0_7\"\/>Tusk cytuje zeznania ws. Zondacrypto. &#8222;Zbyszek obieca\u0142, \u017ce ukr\u0119ci \u0142eb tym sprawom&#8221;<\/p>\n<p>W pi\u0105tek w Sejmie mia\u0142a miejsce trzecia pr\u00f3ba obalenia weta prezydenta Karola Nawrockiego do ustawy o rynku kryptoaktyw\u00f3w. G\u0142osowa\u0142o 442 pos\u0142\u00f3w, 241 by\u0142o za, a 198 przeciw. Wstrzyma\u0142y si\u0119 trzy osoby. Do odrzucenia weta potrzeba by\u0142o 3\/5 wszystkich g\u0142os\u00f3w, czyli 266. Weto prezydenta do ustawy maj\u0105cej na celu dostosowanie polskich przepis\u00f3w do unijnego rozporz\u0105dzenia MiCA pozostaje wi\u0119c w mocy. R\u00f3wnolegle w Prokuraturze Regionalnej w Katowicach toczy si\u0119 \u015bledztwo ws. afery Zondacrypto.<\/p>\n<p>Przed g\u0142osowaniem g\u0142os zabra\u0142 Donald Tusk. Premier odczyta\u0142 z m\u00f3wnicy fragmenty protoko\u0142u zezna\u0144 kluczowego \u015bwiadka w tym \u015bledztwie. &#8222;Zbyszek zapozna\u0142 si\u0119 z aktami (oskar\u017cenia &#8211; PAP). (\u2026) M\u00f3wi, \u017ce gdyby wiedzia\u0142, \u017ce taka sprawa si\u0119 toczy, to natychmiast by interweniowa\u0142. Obieca\u0142, \u017ce jak wr\u00f3ci do w\u0142adzy w Ministerstwie Sprawiedliwo\u015bci, czego jest pewien, to ukr\u0119ci \u0142eb wszystkim tym sprawom. I \u017cebym si\u0119 nie martwi\u0142&#8221; &#8211; cytowa\u0142 zeznania szef rz\u0105du.<\/p>\n<p>W dalszej cz\u0119\u015bci protoko\u0142u zeznaj\u0105cy powiedzia\u0142, \u017ce &#8222;rekompensata zostanie wyp\u0142acona ministrowi Ziobro za po\u015brednictwem fundacji, kt\u00f3r\u0105 zak\u0142ada\u0142 jego brat, a by\u0142a to fundacja Suwerennej Polski&#8221;. Mia\u0142a by\u0107 to kwota 2 mln z\u0142 \u2013 zaznaczy\u0142 premier. Doda\u0142, \u017ce zeznaj\u0105cy mia\u0142 wyp\u0142aci\u0107 500 tys. z\u0142 na fundacj\u0119, kt\u00f3re, jak zezna\u0142, &#8222;Ziobro mia\u0142 sobie wyp\u0142aci\u0107 na swoje potrzeby&#8221;.<\/p>\n<p>&#8211; Zeznanie ko\u0144czy si\u0119 s\u0142owami: &#8222;g\u0142\u00f3wn\u0105 rol\u0119 w tym procederze odegra\u0142a Patrycja Kotecka&#8221; (\u017cona Zbigniewa Ziobry \u2013 PAP). To jest oczywista korzy\u015b\u0107 maj\u0105tkowa. Zap\u0142aci\u0142em za to, bo mia\u0142em by\u0107 czystym cz\u0142owiekiem. Najwa\u017cniejsze w tej wsp\u00f3\u0142pracy by\u0142o to, \u017ce pan X &#8211; publicznie znana osoba &#8211; obiecywa\u0142, \u017ce jak Nawrocki zostanie prezydentem, to on za\u0142atwi mi u\u0142askawienie, gdybym zosta\u0142 skazany w tej sprawie &#8211; zako\u0144czy\u0142 odczytywanie protoko\u0142u Tusk.<\/p>\n<p>Obecnie Zbigniew Ziobro oraz Patrycja Kotecka przebywaj\u0105 w USA. Pod koniec 2025 r., gdy Sejm zgodzi\u0142 si\u0119 na zatrzymanie i tymczasowe aresztowanie Ziobry, a prokurator wyda\u0142 postanowienie o przedstawieniu mu zarzut\u00f3w w sprawie nieprawid\u0142owo\u015bci w Funduszu Sprawiedliwo\u015bci, Ziobro wyjecha\u0142 do Budapesztu. Gdy wybory parlamentarne wygra\u0142a Tisza, a na czele rz\u0105du stan\u0105\u0142 nieprzychylny by\u0142emu ministrowi Peter Magyar, Ziobro uciek\u0142 do Waszyngtonu.<\/p>\n<p>\t\t<a name=\"eztoc32766940_0_8\" id=\"eztoc32766940_0_8\"\/>Suszek i Z. w Ministerstwie Finans\u00f3w i &#8222;szokuj\u0105ca infiltracja&#8221;<\/p>\n<p>Premier z m\u00f3wnicy sejmowej poinformowa\u0142 te\u017c, \u017ce w 2018 roku w Ministerstwie Finans\u00f3w dosz\u0142o do spotkania z udzia\u0142em Sylwestra Suszka &#8211; zaginionego w 2022 roku za\u0142o\u017cyciela Zondacrypto (wtedy BitBay) oraz Rafa\u0142a Z. &#8211; zatrzymanego przed paroma dniami spekulanta gie\u0142dowego. &#8211; 28 kwietnia 2018 roku w Ministerstwie Finans\u00f3w spotkali si\u0119 Sylwester Suszek i Rafa\u0142 Z.. Zaproszenie skierowano do wiceministra (Paw\u0142a &#8211; red.) Gruzy, obecnie doradcy prezydenta Nawrockiego. Nie wiemy, kto si\u0119 tam pojawi\u0142, ale to spotkanie mia\u0142o miejsce &#8211; przekaza\u0142 Donald Tusk.<\/p>\n<p>Szef rz\u0105du wskaza\u0142 tak\u017ce, \u017ce ludzie ze \u015brodowiska Zondacrypto od d\u0142u\u017cszego czasu wp\u0142ywali lub pr\u00f3bowali wp\u0142ywa\u0107 na dzia\u0142ania rz\u0105du PiS. Ca\u0142o\u015b\u0107 okre\u015bli\u0142 mianem &#8222;szokuj\u0105cej infiltracji&#8221; \u015brodowisk politycznych. Zwr\u00f3ci\u0142 si\u0119 te\u017c bezpo\u015brednio do prezesa PiS Jaros\u0142awa Kaczy\u0144skiego. \u2013 Panie prezesie Kaczy\u0144ski, gardzi\u0142e\u015b kiedy\u015b takimi lud\u017ami i takimi postawami \u2013 powiedzia\u0142. Doda\u0142, \u017ce Kaczy\u0144ski &#8222;zabrn\u0105\u0142 naprawd\u0119 wyj\u0105tkowo daleko w bagno&#8221;, wskazuj\u0105c na &#8222;\u015bcis\u0142\u0105 wi\u0119\u017a&#8221; mi\u0119dzy Przemys\u0142awem Kralem, mafi\u0105, PiS-em, Konfederacj\u0105 i wysokimi urz\u0119dnikami pa\u0144stwowymi.<\/p>\n<p><a name=\"eztoc32766940_0_9\" id=\"eztoc32766940_0_9\"\/>Ekspert: Prawica zrealizowa\u0142a scenariusz napisany przez Tuska<\/p>\n<p>Wynik pi\u0105tkowego g\u0142osowania w Sejmie w kontek\u015bcie informacji ujawnionych przez Donalda Tuska komentowa\u0142 w &#8222;TOK360&#8221; Maciej Czapluk, starszy analityk ds. prawnych w &#8222;Polityce Insight&#8221;. Nie ma on w\u0105tpliwo\u015bci, \u017ce szef rz\u0105du cytuj\u0105c zeznania \u015bwiadka osi\u0105gn\u0105\u0142 sw\u00f3j cel &#8211; o aferze Zondacrypto nadal b\u0119dzie g\u0142o\u015bno. &#8211; To jest bardzo du\u017cy potencja\u0142. Zak\u0142adam, \u017ce w najbli\u017cszym czasie b\u0119dziemy dowiadywali si\u0119 kolejnych rewelacji, kt\u00f3rymi pan Kral dzieli si\u0119 z prokuratur\u0105. Prawdopodobnie b\u0119d\u0105 obci\u0105\u017ca\u0142y one praw\u0105 stron\u0119 sceny politycznej &#8211; prognozowa\u0142 rozm\u00f3wca Filipa Kekusza.<\/p>\n<p>Donald Tusk ostrzega\u0142 pos\u0142\u00f3w opozycji przed &#8222;politycznym samob\u00f3jstwem&#8221;, jakim b\u0119dzie zag\u0142osowanie za odrzuceniem prezydenckiego weta. Mimo to, jak wskaza\u0142 Czapluk, taki wynik g\u0142osowania jest premierowi &#8222;na r\u0119k\u0119&#8221;. &#8211; Wyszed\u0142, przedstawi\u0142 to, co przedstawi\u0142, powiedzia\u0142, \u017ce to jest ostatnia szansa, \u017ceby wyj\u015b\u0107 z tego z twarz\u0105, bo za chwil\u0119 b\u0119dzie jeszcze gorzej, a oni w tym ca\u0142ym scenariuszu przygotowanym przez Tuska j\u0105 stracili. To by\u0142o dosy\u0107 zr\u0119czne i zgrabne zagranie Donalda Tuska, kt\u00f3remu nieodrzucenie tego weta chyba w og\u00f3le nie przeszkadza &#8211; stwierdzi\u0142 analityk &#8222;Polityki Insight&#8221; w TOK FM.<\/p>\n<p>\u0179r\u00f3d\u0142o: PAP, Rp.pl<\/p>\n","protected":false},"excerpt":{"rendered":"jaki by\u0142 wynik g\u0142osowania nad odrzuceniem weta do ustawy o rynku kryptoaktyw\u00f3w; jakie to ma znaczenie w kontek\u015bcie&hellip;\n","protected":false},"author":2,"featured_media":668331,"comment_status":"","ping_status":"","sticky":false,"template":"","format":"standard","meta":{"footnotes":"","_share_on_mastodon":"0"},"categories":[62713],"tags":[1345,58159,1006,3835,529,54142,6158,8206,7977,17994],"class_list":["post-668330","post","type-post","status-publish","format-standard","has-post-thumbnail","category-donald-tusk","tag-donald-tusk","tag-filip-kekusz","tag-konfederacja","tag-kryptowaluty","tag-pis","tag-tok360","tag-ustawa","tag-weto","tag-zbigniew-ziobro","tag-zondacrypto"],"share_on_mastodon":{"url":"https:\/\/pubeurope.com\/@pl\/117216270519658644","error":""},"_links":{"self":[{"href":"https:\/\/www.europesays.com\/pl\/wp-json\/wp\/v2\/posts\/668330","targetHints":{"allow":["GET"]}}],"collection":[{"href":"https:\/\/www.europesays.com\/pl\/wp-json\/wp\/v2\/posts"}],"about":[{"href":"https:\/\/www.europesays.com\/pl\/wp-json\/wp\/v2\/types\/post"}],"author":[{"embeddable":true,"href":"https:\/\/www.europesays.com\/pl\/wp-json\/wp\/v2\/users\/2"}],"replies":[{"embeddable":true,"href":"https:\/\/www.europesays.com\/pl\/wp-json\/wp\/v2\/comments?post=668330"}],"version-history":[{"count":0,"href":"https:\/\/www.europesays.com\/pl\/wp-json\/wp\/v2\/posts\/668330\/revisions"}],"wp:featuredmedia":[{"embeddable":true,"href":"https:\/\/www.europesays.com\/pl\/wp-json\/wp\/v2\/media\/668331"}],"wp:attachment":[{"href":"https:\/\/www.europesays.com\/pl\/wp-json\/wp\/v2\/media?parent=668330"}],"wp:term":[{"taxonomy":"category","embeddable":true,"href":"https:\/\/www.europesays.com\/pl\/wp-json\/wp\/v2\/categories?post=668330"},{"taxonomy":"post_tag","embeddable":true,"href":"https:\/\/www.europesays.com\/pl\/wp-json\/wp\/v2\/tags?post=668330"}],"curies":[{"name":"wp","href":"https:\/\/api.w.org\/{rel}","templated":true}]}}