{"id":668332,"date":"2026-09-05T03:17:34","date_gmt":"2026-09-05T03:17:34","guid":{"rendered":"https:\/\/www.europesays.com\/pl\/668332\/"},"modified":"2026-09-05T03:17:34","modified_gmt":"2026-09-05T03:17:34","slug":"karol-nawrocki-wezwany-do-prokuratury-komorowski-radzi-prezydentowi","status":"publish","type":"post","link":"https:\/\/www.europesays.com\/pl\/668332\/","title":{"rendered":"Karol Nawrocki wezwany do prokuratury. Komorowski radzi prezydentowi"},"content":{"rendered":"<p>Przypomnijmy, rzeczniczka prasowa Prokuratora Generalnego prok. Anna Adamiak przekaza\u0142a 3 wrze\u015bnia, \u017ce prokurator zwr\u00f3ci\u0142 si\u0119 do prezydenta Karola Nawrockiego o wskazanie dogodnego terminu i miejsca, w kt\u00f3rym mo\u017cliwe b\u0119dzie przeprowadzenie jego przes\u0142uchania w charakterze \u015bwiadka.<\/p>\n<p>Czytaj te\u017c: <a href=\"https:\/\/www.fakt.pl\/polityka\/prezydent-karol-nawrocki-mowil-o-tk-konstytucjonalista-odpowiada\/pzpt1wg\" id=\"9feeac97-aed0-4942-91ab-e70eec02a865\" rel=\"nofollow noopener\" target=\"_blank\">Konstytucjonalista odpowiada na s\u0142owa prezydenta o Trybunale<\/a><a href=\"https:\/\/www.fakt.pl\/\" title=\"Strona G\u0142\u00f3wna\" aria-label=\"Strona G\u0142\u00f3wna\" data-astro-prefetch=\"tap\" class=\"ods-a-logo-main-desktop\" rel=\"nofollow noopener\" target=\"_blank\"><img src=\"https:\/\/cdn.fakt.pl\/img\/Logo_desktop_Fakt.svg\" class=\"ods-a-logo-main-desktop__image\" alt=\"Logo\" width=\"107\" height=\"86\" fetchpriority=\"high\" decoding=\"sync\" style=\"height:86px\"\/><\/a><\/p>\n<p class=\"ods-m-google-article__text\">Czytaj nas cz\u0119\u015bciej w Google<\/p>\n<p><a href=\"https:\/\/google.com\/preferences\/source?q=fakt.pl\" target=\"_blank\" rel=\"noopener noreferrer nofollow\" aria-label=\"Dodaj w Google\" title=\"Dodaj w Google\" class=\"ods-a-button ods-a-button__primary ods-a-button__default ods-a-button-l\">Dodaj w Google<\/a>Dalszy ci\u0105g artyku\u0142u pod materia\u0142em wideoProkuratura chce przes\u0142ucha\u0107 prezydenta Nawrockiego<\/p>\n<p>Sprawa dotyczy czworga spo\u015br\u00f3d sze\u015bciorga os\u00f3b wybranych w marcu przez Sejm na s\u0119dzi\u00f3w Trybuna\u0142u Konstytucyjnego: Marcina Dziurdy, Krystiana Markiewicza, Anny Korwin-Piotrowskiej oraz Macieja Taborowskiego.<\/p>\n<p>Do sprawy osobi\u015bcie odni\u00f3s\u0142 si\u0119 nast\u0119pnie Karol Nawrocki. \u2014 Prezydent ma du\u017co wi\u0119cej spraw, zagadnie\u0144, w tym na arenie mi\u0119dzynarodowej, ni\u017c odpowiadanie na urojenia ministra sprawiedliwo\u015bci \u2014 stwierdzi\u0142.<\/p>\n<p>Zobacz: <a href=\"https:\/\/www.onet.pl\/informacje\/newsweek\/palac-szuka-powodu-aby-utracic-macieja-berka-pis-liczy-na-nawrockiego\/hj7qgx7,452ad802\" id=\"a3634b27-aad8-468a-b483-ec37cf846dd8\" rel=\"nofollow noopener\" target=\"_blank\">Gra w Berka. Pa\u0142ac szuka powodu, by utr\u0105ci\u0107 cz\u0142owieka Tuska<\/a><\/p>\n<p>Jednocze\u015bnie Nawrocki zadeklarowa\u0142 otwarto\u015b\u0107 na dzia\u0142ania prokuratury. \u2014 Prokurator us\u0142yszy ode mnie, \u017ce wszystkie decyzje podejmuj\u0119 sam \u2014 przekaza\u0142.<\/p>\n<p>Komorowski o wezwaniu Nawrockiego<\/p>\n<p>Do sprawy w rozmowie z &#8222;Faktem&#8221; odni\u00f3s\u0142 si\u0119 Bronis\u0142aw Komorowski. By\u0142y prezydent podkre\u015bla, \u017ce prokuratura chce przes\u0142ucha\u0107 Karola Nawrockiego wy\u0142\u0105cznie w charakterze \u015bwiadka.<\/p>\n<p>\u2014 Nie w zwi\u0105zku z jakimikolwiek jego niew\u0142a\u015bciwymi dzia\u0142aniami, lecz w celu wyja\u015bnienia okoliczno\u015bci, w kt\u00f3rych podejmowa\u0142 decyzje dotycz\u0105ce Trybuna\u0142u \u2014 m\u00f3wi Komorowski.<\/p>\n<p class=\"ods-o-quote__paragraph\">Jest to wi\u0119c sprawa zahaczaj\u0105ca o kwestie ustrojowe. Pami\u0119tajmy te\u017c, \u017ce prezydent jest chroniony immunitetem. Gdyby natomiast by\u0142 podejrzewany o pope\u0142nienie przest\u0119pstwa, teoretycznie m\u00f3g\u0142by stan\u0105\u0107 przed Trybuna\u0142em Stanu. Z\u0142o\u017cenie zezna\u0144 w charakterze \u015bwiadka w sprawach dotycz\u0105cych funkcjonowania pa\u0144stwa jest elementem obywatelskiego obowi\u0105zku<\/p>\n<p>\u2014 komentuje by\u0142y prezydent.<\/p>\n<p>Podkre\u015bla przy tym, \u017ce Nawrocki &#8222;z szacunku dla pa\u0144stwa powinien jak najszybciej porozumie\u0107 si\u0119 z prokuratur\u0105 i z\u0142o\u017cy\u0107 zeznania w charakterze \u015bwiadka&#8221;. <\/p>\n<p>By\u0142y prezydent wspomina przy tym w\u0142asne do\u015bwiadczenia z czas\u00f3w sprawowania urz\u0119du.<\/p>\n<p>\u2014 Sam r\u00f3wnie\u017c sk\u0142ada\u0142em zeznania w 2014 r., b\u0119d\u0105c w\u00f3wczas prezydentem. By\u0142a to oczywi\u015bcie sytuacja innego rodzaju. Wyst\u0119powa\u0142em w charakterze \u015bwiadka w sprawie podejrze\u0144 o korupcj\u0119, a by\u0107 mo\u017ce r\u00f3wnie\u017c o dzia\u0142alno\u015b\u0107 szpiegowsk\u0105 osoby, kt\u00f3ra dotar\u0142a do mojej znajomej i za jej po\u015brednictwem pr\u00f3bowa\u0142a dotrze\u0107 do mnie \u2014 wspomina Bronis\u0142aw Komorowski.<\/p>\n<p><a href=\"https:\/\/www.fakt.pl\/polityka\/donald-tusk-ujawnil-szczegol-zondacypto-w-tle-ziobro-i-nawrocki\/1ynqr1p\" id=\"46718afa-6b61-46e6-9fa1-77ffdcffc433\" rel=\"nofollow noopener\" target=\"_blank\">Premier Tusk ujawni\u0142 szczeg\u00f3\u0142y \u015bledztwa w sprawie Zondacrypto. &#8222;Obietnica u\u0142askawienia&#8221;<\/a><a href=\"https:\/\/www.fakt.pl\/polityka\/nowe-badanie-poparcia-ko-przed-pis-tak-wygladaly-podzial-mandatow\/fs335fn\" id=\"1dcce0f9-cf12-4798-ae55-ed921416b982\" rel=\"nofollow noopener\" target=\"_blank\">Sonda\u017c: KO wygrywa, ale prawica bierze wi\u0119kszo\u015b\u0107 w Sejmie<\/a><a href=\"https:\/\/www.fakt.pl\/polityka\/afera-zondacypto-kazimierz-marcinkiewicz-wskazuje-na-prokurature-ziobry\/27pvxn8\" id=\"0a78390b-d5ee-4a93-92d2-341d8c1d6194\" rel=\"nofollow noopener\" target=\"_blank\">Marcinkiewicz o aferze Zondacrypto. Uderzy\u0142 w prokuratur\u0119 Ziobry<\/a><\/p>\n<p>(Fakt, PAP)<\/p>\n","protected":false},"excerpt":{"rendered":"Przypomnijmy, rzeczniczka prasowa Prokuratora Generalnego prok. Anna Adamiak przekaza\u0142a 3 wrze\u015bnia, \u017ce prokurator zwr\u00f3ci\u0142 si\u0119 do prezydenta Karola&hellip;\n","protected":false},"author":2,"featured_media":668333,"comment_status":"","ping_status":"","sticky":false,"template":"","format":"standard","meta":{"footnotes":"","_share_on_mastodon":"0"},"categories":[62712],"tags":[61195,6858,690,43,46,129559,907,1005,47,111182,4057],"class_list":["post-668332","post","type-post","status-publish","format-standard","has-post-thumbnail","category-karol-nawrocki","tag-bottomfeed_styl","tag-bronislaw_komorowski","tag-karol-nawrocki","tag-karol_nawrocki","tag-omp","tag-omp_tst3","tag-polityka","tag-prezydent","tag-screening_general","tag-topbar_tst1","tag-trybunal_konstytucyjny"],"share_on_mastodon":{"url":"https:\/\/pubeurope.com\/@pl\/117216271608816734","error":""},"_links":{"self":[{"href":"https:\/\/www.europesays.com\/pl\/wp-json\/wp\/v2\/posts\/668332","targetHints":{"allow":["GET"]}}],"collection":[{"href":"https:\/\/www.europesays.com\/pl\/wp-json\/wp\/v2\/posts"}],"about":[{"href":"https:\/\/www.europesays.com\/pl\/wp-json\/wp\/v2\/types\/post"}],"author":[{"embeddable":true,"href":"https:\/\/www.europesays.com\/pl\/wp-json\/wp\/v2\/users\/2"}],"replies":[{"embeddable":true,"href":"https:\/\/www.europesays.com\/pl\/wp-json\/wp\/v2\/comments?post=668332"}],"version-history":[{"count":0,"href":"https:\/\/www.europesays.com\/pl\/wp-json\/wp\/v2\/posts\/668332\/revisions"}],"wp:featuredmedia":[{"embeddable":true,"href":"https:\/\/www.europesays.com\/pl\/wp-json\/wp\/v2\/media\/668333"}],"wp:attachment":[{"href":"https:\/\/www.europesays.com\/pl\/wp-json\/wp\/v2\/media?parent=668332"}],"wp:term":[{"taxonomy":"category","embeddable":true,"href":"https:\/\/www.europesays.com\/pl\/wp-json\/wp\/v2\/categories?post=668332"},{"taxonomy":"post_tag","embeddable":true,"href":"https:\/\/www.europesays.com\/pl\/wp-json\/wp\/v2\/tags?post=668332"}],"curies":[{"name":"wp","href":"https:\/\/api.w.org\/{rel}","templated":true}]}}