{"id":668344,"date":"2026-09-05T03:29:36","date_gmt":"2026-09-05T03:29:36","guid":{"rendered":"https:\/\/www.europesays.com\/pl\/668344\/"},"modified":"2026-09-05T03:29:36","modified_gmt":"2026-09-05T03:29:36","slug":"slynny-szwedzki-zaglowiec-przyplynie-do-gdanska-bedzie-mozna-wejsc-na-poklad","status":"publish","type":"post","link":"https:\/\/www.europesays.com\/pl\/668344\/","title":{"rendered":"S\u0142ynny szwedzki \u017caglowiec przyp\u0142ynie do Gda\u0144ska. B\u0119dzie mo\u017cna wej\u015b\u0107 na pok\u0142ad"},"content":{"rendered":"<p>            <a href=\"https:\/\/s-trojmiasto.pl\/zdj\/c\/n\/9\/4413\/1240x0\/4413932-W-sobote-5-wrzesnia-bedzie-mozna-wejsc-na-poklad-slynnego-zaglowca-ktory-bedzie-cumowal-nad-Motlawa.webp\" target=\"_blank\" data-slide-name=\"861328\" data-lightbox-target=\"photo full\" data-sub-html=\"&lt;h4&gt;W sobot\u0119 5 wrze\u015bnia b\u0119dzie mo\u017cna wej\u015b\u0107 na pok\u0142ad s\u0142ynnego \u017caglowca, kt\u00f3ry b\u0119dzie cumowa\u0142 nad Mot\u0142aw\u0105. &lt;\/h4&gt;&lt;p&gt;fot. Briggen Tre Kronor&lt;\/p&gt;&#010;\" class=\"photoMarker__link\" data-filter-brightness=\"brightness--100\" rel=\"nofollow noopener\"><\/p>\n<p>    <img decoding=\"async\" style=\"height:502px; aspect-ratio: 1.49398\/1; filter:brightness(1);\" alt=\"W sobot\u0119 5 wrze\u015bnia b\u0119dzie mo\u017cna wej\u015b\u0107 na pok\u0142ad s\u0142ynnego \u017caglowca, kt\u00f3ry b\u0119dzie cumowa\u0142 nad Mot\u0142aw\u0105. \" src=\"https:\/\/www.europesays.com\/pl\/wp-content\/uploads\/2026\/09\/4413932-W-sobote-5-wrzesnia-bedzie-mozna-wejsc-na-poklad-slynnego-zaglowca-ktory-bedzie.webp\" class=\"photoMarker__img \" data-slider=\"img\" fetchpriority=\"high\"\/><\/p>\n<p>            <\/a><\/p>\n<p class=\"lead\">Po raz pierwszy w\u00a0historii do Gda\u0144ska przyp\u0142ynie szwedzki \u017caglowiec Tre Kronor af Stockholm. Drewniany bryg, kt\u00f3ry mo\u017cna okre\u015bli\u0107 mianem szwedzkiego odpowiednika Daru M\u0142odzie\u017cy &#8211; jednostki \u0142\u0105cz\u0105cej \u017ceglug\u0119 z\u00a0dzia\u0142alno\u015bci\u0105 edukacyjn\u0105 &#8211; zacumuje nad Mot\u0142aw\u0105. W\u00a0sobot\u0119, 5 wrze\u015bnia, mieszka\u0144cy i\u00a0tury\u015bci b\u0119d\u0105 mogli wej\u015b\u0107 na jego pok\u0142ad i\u00a0zwiedzi\u0107 statek.<\/p>\n<p>\u017baglowiec jest ju\u017c <a href=\"https:\/\/www.trojmiasto.pl\/dom\/Blisko-i1398.html\" class=\"parse-link\" title=\"Blisko\" rel=\"nofollow noopener\" target=\"_blank\">blisko<\/a> Gda\u0144ska<\/p>\n<p>                                tak, marz\u0119 o takim rejsie<br \/>\n                                40%<\/p>\n<p>                                raczej tak, ale kr\u00f3tki odcinek<br \/>\n                                34%<\/p>\n<p>                                raczej nie, to nie dla mnie<br \/>\n                                26%<\/p>\n<p>Tre Kronor af Stockholm od kilku dni jest ju\u017c w\u00a0drodze do Gda\u0144ska. <\/p>\n<p>Ostatnim portem, z\u00a0kt\u00f3rego jednostka wyp\u0142yn\u0119\u0142a, by\u0142 Borgholm na szwedzkiej wyspie Olandia.<\/p>\n<p>\u017baglowiec ma sp\u0119dzi\u0107 w\u00a0mie\u015bcie ca\u0142y weekend. Zacumuje nad Mot\u0142aw\u0105, w\u00a0pobli\u017cu <a data-tklik=\"594774\" href=\"https:\/\/mapa.trojmiasto.pl\/#\/location\/-10.61,197.39\/map\/-12.83,198.39,6,b\" onclick=\"openMap(this.href); return false;\" target=\"_blank\" title=\"zobacz na mapie Gda\u0144ska\" rel=\"nofollow noopener\">Mostu Wapienniczego<img decoding=\"async\" class=\"icon-map\" src=\"https:\/\/www.trojmiasto.pl\/_img\/svg\/ico-map-flat.svg\" alt=\"Mapka\"\/><\/a> i\u00a0<a data-tklik=\"681885\" href=\"https:\/\/mapa.trojmiasto.pl\/#\/location\/-11.6,198.08\/map\/-12.83,198.39,6,b\" onclick=\"openMap(this.href); return false;\" target=\"_blank\" title=\"zobacz na mapie Gda\u0144ska\" rel=\"nofollow noopener\">ul. Wartkiej<img decoding=\"async\" class=\"icon-map\" src=\"https:\/\/www.trojmiasto.pl\/_img\/svg\/ico-map-flat.svg\" alt=\"Mapka\"\/><\/a>.<\/p>\n<p>W sobot\u0119 b\u0119dzie mo\u017cna zwiedzi\u0107 \u017caglowiec<\/p>\n<p>Najwa\u017cniejsz\u0105 informacj\u0105 dla mieszka\u0144c\u00f3w i\u00a0turyst\u00f3w jest mo\u017cliwo\u015b\u0107 wej\u015bcia na pok\u0142ad jednostki. W\u00a0sobot\u0119, 5 wrze\u015bnia, w\u00a0godz. 14-16 odb\u0119dzie si\u0119 otwarte zwiedzanie \u017caglowca.<\/p>\n<p>Nast\u0119pnie, 6 wrze\u015bnia, jednostka ma wyruszy\u0107 w\u00a0drog\u0119 powrotn\u0105 do Sztokholmu.<\/p>\n<p>Co ciekawe, ch\u0119tni mog\u0105 nie tylko zwiedzi\u0107 \u017caglowiec, ale tak\u017ce wyruszy\u0107 nim w\u00a0rejs. Organizatorzy informuj\u0105, \u017ce wci\u0105\u017c dost\u0119pne s\u0105 miejsca na rejs z\u00a0Gda\u0144ska do Sztokholmu, zaplanowany od 6 do 13 wrze\u015bnia.<\/p>\n<p>\n            <a href=\"https:\/\/s-trojmiasto.pl\/zdj\/c\/n\/9\/4413\/1920x0\/4413976-W-sobote-5-wrzesnia-bedzie-mozna-wejsc-na-poklad-slynnego-zaglowca-ktory-bedzie-cumowal-nad-Motlawa.webp\" target=\"_blank\" data-slide-name=\"861335\" data-lightbox-target=\"photo full\" data-sub-html=\"&lt;h4&gt;W sobot\u0119 5 wrze\u015bnia b\u0119dzie mo\u017cna wej\u015b\u0107 na pok\u0142ad s\u0142ynnego \u017caglowca, kt\u00f3ry b\u0119dzie cumowa\u0142 nad Mot\u0142aw\u0105. &lt;\/h4&gt;&lt;p&gt;fot. Briggen Tre Kronor&lt;\/p&gt;&#010;\" class=\"photoMarker__link\" data-filter-brightness=\"brightness--100\" rel=\"nofollow noopener\"><\/p>\n<p>    <img decoding=\"async\" style=\"height:564px; aspect-ratio: 1.32748\/1; filter:brightness(1);\" alt=\"W sobot\u0119 5 wrze\u015bnia b\u0119dzie mo\u017cna wej\u015b\u0107 na pok\u0142ad s\u0142ynnego \u017caglowca, kt\u00f3ry b\u0119dzie cumowa\u0142 nad Mot\u0142aw\u0105. \" src=\"https:\/\/www.europesays.com\/pl\/wp-content\/uploads\/2026\/09\/4413976-W-sobote-5-wrzesnia-bedzie-mozna-wejsc-na-poklad-slynnego-zaglowca-ktory-bedzie.webp\" class=\"photoMarker__img lazy\" data-slider=\"img\"\/><\/p>\n<p>            <\/a><\/p>\n<p>Zbudowali go pasjonaci<\/p>\n<p>Tre Kronor af Stockholm powsta\u0142 z\u00a0inicjatywy szwedzkich \u017ceglarzy Jana-Erika Mansnerusa i\u00a0Ollego Strandberga. Budow\u0119 rozpocz\u0119to w\u00a01997 roku w\u00a0Sztokholmie, a\u00a0projekt wsparli prywatni darczy\u0144cy, firmy oraz tysi\u0105ce os\u00f3b skupionych wok\u00f3\u0142 stowarzyszenia. Inspiracj\u0105 dla wsp\u00f3\u0142czesnego brygu by\u0142 XIX-wieczny szwedzki \u017caglowiec Gladan.<\/p>\n<p>Jednostk\u0119 zwodowano w\u00a02005 roku, a\u00a0jej matk\u0105 chrzestn\u0105 zosta\u0142a ksi\u0119\u017cniczka Wiktoria. Tre Kronor af Stockholm ma 35 metr\u00f3w d\u0142ugo\u015bci kad\u0142uba, a\u00a0wraz z\u00a0bukszprytem &#8211; 45 metr\u00f3w.<\/p>\n<p>Zbudowano go z\u00a0drewna, wykorzystuj\u0105c ok. tysi\u0105ca d\u0119b\u00f3w. \u017baglowiec ma dwa maszty i\u00a016 \u017cagli o\u00a0\u0142\u0105cznej powierzchni 735 m\u00a0kw.<\/p>\n<p>                <a href=\"https:\/\/ogloszenia.trojmiasto.pl\/sprzedam-jachty-i-lodzie\/g1i,2000_2010,k1i,1.html\" data-tklik=\"132212\" rel=\"nofollow noopener\" target=\"_blank\"><br \/>\n                    Wi\u0119cej w serwisie Og\u0142oszenia<br \/>\n                    (17)<\/p>\n<p>                <\/a><\/p>\n<p><\/p>\n<p>Problemy finansowe i\u00a0pomoc spo\u0142eczno\u015bci<\/p>\n<p>W ostatnich latach przysz\u0142o\u015b\u0107 jednostki stan\u0119\u0142a jednak pod znakiem zapytania. Poprzedni armator brygu, sp\u00f3\u0142ka Briggen Tre Kronor AB, og\u0142osi\u0142 upad\u0142o\u015b\u0107 po problemach finansowych, zwi\u0105zanych m.in. z\u00a0odwo\u0142anymi rejsami i\u00a0kosztami remont\u00f3w. Statek zosta\u0142 wystawiony na sprzeda\u017c.<\/p>\n<p>Obecnie dzia\u0142alno\u015b\u0107 wok\u00f3\u0142 \u017caglowca jest kontynuowana dzi\u0119ki Stowarzyszeniu Briggen Tre Kronor i\u00a0spo\u0142eczno\u015bci skupionej wok\u00f3\u0142 jednostki.<\/p>\n<p>                                    <a data-tklik=\"329284\" href=\"https:\/\/katalog.trojmiasto.pl\/turystyka_i_noclegi\/biura_podrozy\/\" rel=\"nofollow noopener\" target=\"_blank\"><br \/>\n                                                    Katalog.trojmiasto.pl \u2013<br \/>\n                                                                    Sprawd\u017a biura podr\u00f3\u017cy organizuj\u0105ce rejsy<br \/>\n                                                                    <\/a><\/p>\n<p>                <a data-tklik=\"329284\" href=\"https:\/\/katalog.trojmiasto.pl\/turystyka_i_noclegi\/biura_podrozy\/\" rel=\"nofollow noopener\" target=\"_blank\"><br \/>\n                    wi\u0119cej<\/p>\n<p>                <\/a><\/p>\n<p>Tre Kronor af Stockholm nadal realizuje rejsy, w\u00a0kt\u00f3rych mog\u0105 uczestniczy\u0107 tak\u017ce osoby bez wcze\u015bniejszego do\u015bwiadczenia \u017ceglarskiego.<\/p>\n<p>Tre Kronor af Stockholm zna ju\u017c tr\u00f3jmiejskie wybrze\u017ce. Wcze\u015bniej odwiedza\u0142 m.in. Gdyni\u0119 podczas The Tall Ships Races. Wizyta w\u00a0Gda\u0144sku b\u0119dzie jednak pierwsz\u0105 w\u00a0historii jednostki.<\/p>\n<p>                                    Gospodarka morska<\/p>\n<p>                                    <a data-tklik=\"statki225196\" href=\"https:\/\/www.trojmiasto.pl\/biznes\/morze\/\" rel=\"nofollow noopener\" target=\"_blank\">                        <img decoding=\"async\" src=\"https:\/\/www.europesays.com\/pl\/wp-content\/uploads\/2026\/09\/ruch-statkow.gif\" alt=\"Ruch statk\u00f3w w\u00a0Zatoce Gda\u0144skiej\" class=\"lazy simpleBox__img\"\/><br \/>\n                    <\/a>                            <\/p>\n<p>                            <a data-tklik=\"statki225196\" href=\"https:\/\/www.trojmiasto.pl\/biznes\/morze\/\" rel=\"nofollow noopener\" target=\"_blank\">                                Ruch statk\u00f3w w\u00a0Zatoce Gda\u0144skiej<br \/>\n                            <\/a>                        <\/p>\n<p>Zobacz na bie\u017c\u0105co aktualizowany ruch statk\u00f3w na wodach Zatoki Gda\u0144skiej. Mapa opracowana i\u00a0prowadzona przez Department of Product &amp;\u00a0System Design Engineering &#8211;\u00a0University of The Aegean.<\/p><\/p>\n","protected":false},"excerpt":{"rendered":"Po raz pierwszy w\u00a0historii do Gda\u0144ska przyp\u0142ynie szwedzki \u017caglowiec Tre Kronor af Stockholm. Drewniany bryg, kt\u00f3ry mo\u017cna okre\u015bli\u0107&hellip;\n","protected":false},"author":2,"featured_media":668345,"comment_status":"","ping_status":"","sticky":false,"template":"","format":"standard","meta":{"footnotes":"","_share_on_mastodon":"0"},"categories":[51610],"tags":[129706,65340,16565,1048,1064,291,24817,3803,34206,42,24818,38,40,39,41,1063,5110,129705,18104,65347,28501],"class_list":["post-668344","post","type-post","status-publish","format-standard","has-post-thumbnail","category-gdansk","tag-bryg","tag-dar-mlodziezy","tag-dzialalnosc","tag-gdansk","tag-gdynia","tag-historia","tag-jednostka","tag-mieszkaniec","tag-motlawa","tag-pl","tag-poklad","tag-poland","tag-polish","tag-polska","tag-polski","tag-sopot","tag-statek","tag-tre-kronor-af-stockholm","tag-turysta","tag-zaglowiec","tag-zegluga"],"share_on_mastodon":{"url":"https:\/\/pubeurope.com\/@pl\/117216319111203569","error":""},"_links":{"self":[{"href":"https:\/\/www.europesays.com\/pl\/wp-json\/wp\/v2\/posts\/668344","targetHints":{"allow":["GET"]}}],"collection":[{"href":"https:\/\/www.europesays.com\/pl\/wp-json\/wp\/v2\/posts"}],"about":[{"href":"https:\/\/www.europesays.com\/pl\/wp-json\/wp\/v2\/types\/post"}],"author":[{"embeddable":true,"href":"https:\/\/www.europesays.com\/pl\/wp-json\/wp\/v2\/users\/2"}],"replies":[{"embeddable":true,"href":"https:\/\/www.europesays.com\/pl\/wp-json\/wp\/v2\/comments?post=668344"}],"version-history":[{"count":0,"href":"https:\/\/www.europesays.com\/pl\/wp-json\/wp\/v2\/posts\/668344\/revisions"}],"wp:featuredmedia":[{"embeddable":true,"href":"https:\/\/www.europesays.com\/pl\/wp-json\/wp\/v2\/media\/668345"}],"wp:attachment":[{"href":"https:\/\/www.europesays.com\/pl\/wp-json\/wp\/v2\/media?parent=668344"}],"wp:term":[{"taxonomy":"category","embeddable":true,"href":"https:\/\/www.europesays.com\/pl\/wp-json\/wp\/v2\/categories?post=668344"},{"taxonomy":"post_tag","embeddable":true,"href":"https:\/\/www.europesays.com\/pl\/wp-json\/wp\/v2\/tags?post=668344"}],"curies":[{"name":"wp","href":"https:\/\/api.w.org\/{rel}","templated":true}]}}