{"id":668350,"date":"2026-09-05T03:33:54","date_gmt":"2026-09-05T03:33:54","guid":{"rendered":"https:\/\/www.europesays.com\/pl\/668350\/"},"modified":"2026-09-05T03:33:54","modified_gmt":"2026-09-05T03:33:54","slug":"slask-sie-zbroi-nowy-napastnik-we-wroclawiu","status":"publish","type":"post","link":"https:\/\/www.europesays.com\/pl\/668350\/","title":{"rendered":"\u015al\u0105sk si\u0119 zbroi! Nowy napastnik we Wroc\u0142awiu"},"content":{"rendered":"<p>\u015al\u0105sk Wroc\u0142aw ma nowego napastnika. Beniaminek Ekstraklasy poinformowa\u0142 o podpisaniu kontraktu z Ieltsinem Camoesem.<\/p>\n<p>Nowy pi\u0142karz \u015al\u0105ska ma 27 lat. Pochodzi z Republiki Zielonego Przyl\u0105dka. Od lutego 2025 roku jest zwi\u0105zany z norweskim Tromso IL. W tym sezonie w jego barwach rozegra\u0142 sze\u015b\u0107 mecz\u00f3w, ale nie strzeli\u0142 gola.<\/p>\n<p>Dalsza cz\u0119\u015b\u0107 tekstu pod wideo<\/p>\n<p>Camoes trafi\u0142 do \u015al\u0105ska na zasadzie wypo\u017cyczenia do ko\u0144ca sezonu. W umowie mi\u0119dzy klubami jest te\u017c opcja transferu definitywnego.<\/p>\n<p>&#8211; To skuteczny napastnik, kt\u00f3ry opr\u00f3cz strzelania goli wyr\u00f3\u017cnia si\u0119 przede wszystkim uniwersalno\u015bci\u0105, zwinno\u015bci\u0105, umiej\u0119tno\u015bci\u0105 gry ty\u0142em do bramki i skuteczno\u015bci\u0105 w pojedynkach. Wierz\u0119, \u017ce znacz\u0105co wzmocni nasz\u0105 si\u0142\u0119 ra\u017cenia &#8211; charakteryzuje pi\u0142karza dyrektor sportowy wroc\u0142awskiego klubu Rafa\u0142 Grodzicki.<\/p>\n<p>Camoes nie b\u0119dzie ostatnim wzmocnieniem \u015al\u0105ska w tym oknie transferowym. Kontrakt we Wroc\u0142awiu ma te\u017c podpisa\u0107 obro\u0144ca Jan Jurcec. Wi\u0119cej <a href=\"https:\/\/www.meczyki.pl\/newsy\/pilka-nozna\/media-slask-kupuje-obronce-ujawniono-cene\/312151\" target=\"_blank\" rel=\"nofollow noopener\">TUTAJ<\/a>.<\/p>\n<p>\u015al\u0105sk w sze\u015bciu kolejkach zdoby\u0142 sze\u015b\u0107 punkt\u00f3w i jest czternasty w lidze. W niedziel\u0119 zagra na wyje\u017adzie z Jagielloni\u0105 Bia\u0142ystok.<\/p>\n","protected":false},"excerpt":{"rendered":"\u015al\u0105sk Wroc\u0142aw ma nowego napastnika. Beniaminek Ekstraklasy poinformowa\u0142 o podpisaniu kontraktu z Ieltsinem Camoesem. Nowy pi\u0142karz \u015al\u0105ska ma&hellip;\n","protected":false},"author":2,"featured_media":668351,"comment_status":"","ping_status":"","sticky":false,"template":"","format":"standard","meta":{"footnotes":"","_share_on_mastodon":"0"},"categories":[51607],"tags":[42,38,40,39,41,1853],"class_list":["post-668350","post","type-post","status-publish","format-standard","has-post-thumbnail","category-wroclaw","tag-pl","tag-poland","tag-polish","tag-polska","tag-polski","tag-wroclaw"],"share_on_mastodon":{"url":"https:\/\/pubeurope.com\/@pl\/117216337044738361","error":""},"_links":{"self":[{"href":"https:\/\/www.europesays.com\/pl\/wp-json\/wp\/v2\/posts\/668350","targetHints":{"allow":["GET"]}}],"collection":[{"href":"https:\/\/www.europesays.com\/pl\/wp-json\/wp\/v2\/posts"}],"about":[{"href":"https:\/\/www.europesays.com\/pl\/wp-json\/wp\/v2\/types\/post"}],"author":[{"embeddable":true,"href":"https:\/\/www.europesays.com\/pl\/wp-json\/wp\/v2\/users\/2"}],"replies":[{"embeddable":true,"href":"https:\/\/www.europesays.com\/pl\/wp-json\/wp\/v2\/comments?post=668350"}],"version-history":[{"count":0,"href":"https:\/\/www.europesays.com\/pl\/wp-json\/wp\/v2\/posts\/668350\/revisions"}],"wp:featuredmedia":[{"embeddable":true,"href":"https:\/\/www.europesays.com\/pl\/wp-json\/wp\/v2\/media\/668351"}],"wp:attachment":[{"href":"https:\/\/www.europesays.com\/pl\/wp-json\/wp\/v2\/media?parent=668350"}],"wp:term":[{"taxonomy":"category","embeddable":true,"href":"https:\/\/www.europesays.com\/pl\/wp-json\/wp\/v2\/categories?post=668350"},{"taxonomy":"post_tag","embeddable":true,"href":"https:\/\/www.europesays.com\/pl\/wp-json\/wp\/v2\/tags?post=668350"}],"curies":[{"name":"wp","href":"https:\/\/api.w.org\/{rel}","templated":true}]}}