{"id":668372,"date":"2026-09-05T03:46:22","date_gmt":"2026-09-05T03:46:22","guid":{"rendered":"https:\/\/www.europesays.com\/pl\/668372\/"},"modified":"2026-09-05T03:46:22","modified_gmt":"2026-09-05T03:46:22","slug":"mirella-ze-swietochlowic-zaczyna-nowe-zycie-jest-przelom-po-latach-izolacji","status":"publish","type":"post","link":"https:\/\/www.europesays.com\/pl\/668372\/","title":{"rendered":"Mirella ze \u015awi\u0119toch\u0142owic zaczyna nowe \u017cycie. Jest prze\u0142om po latach izolacji"},"content":{"rendered":"<p>\u015aledztwo dotycz\u0105ce okoliczno\u015bci, w jakich Mirella przez lata funkcjonowa\u0142a w izolacji, trwa ju\u017c niemal rok. <a href=\"https:\/\/www.fakt.pl\/wydarzenia\/swietochlowice-mirella-byla-27-lat-w-ukryciu-dzis-zmienia-zycie\/fp0b2ff\" id=\"73e0efba-e2c2-4baa-a725-011bbd8a1463\" rel=\"nofollow noopener\" target=\"_blank\">Gdy dramat 43-letniej kobiety wyszed\u0142 na jaw<\/a> w pa\u017adzierniku 2025 r., prokuratorzy wszcz\u0119li spraw\u0119 pod k\u0105tem ewentualnego zn\u0119cania si\u0119 nad osob\u0105 nieporadn\u0105. \u015aledczy wci\u0105\u017c czekaj\u0105 na uzupe\u0142nienie ostatniej opinii bieg\u0142ego, kt\u00f3ra ma pom\u00f3c w wyja\u015bnieniu wszystkich okoliczno\u015bci tej bulwersuj\u0105cej sprawy. Jednak niezale\u017cnie od post\u0119powania karnego, &#8222;Fakt&#8221; ustali\u0142, \u017ce w \u017cyciu kobiety nast\u0105pi\u0142 prze\u0142om.Dalszy ci\u0105g artyku\u0142u pod materia\u0142em wideo\u015aledztwo w sprawie izolacji Mirelli ze \u015awi\u0119toch\u0142owic. Prokurator czeka na kluczow\u0105 opini\u0119<a href=\"https:\/\/www.fakt.pl\/\" title=\"Strona G\u0142\u00f3wna\" aria-label=\"Strona G\u0142\u00f3wna\" data-astro-prefetch=\"tap\" class=\"ods-a-logo-main-desktop\" rel=\"nofollow noopener\" target=\"_blank\"><img src=\"https:\/\/cdn.fakt.pl\/img\/Logo_desktop_Fakt.svg\" class=\"ods-a-logo-main-desktop__image\" alt=\"Logo\" width=\"107\" height=\"86\" fetchpriority=\"high\" decoding=\"sync\" style=\"height:86px\"\/><\/a><\/p>\n<p class=\"ods-m-google-article__text\">Czytaj nas cz\u0119\u015bciej w Google<\/p>\n<p><a href=\"https:\/\/google.com\/preferences\/source?q=fakt.pl\" target=\"_blank\" rel=\"noopener noreferrer nofollow\" aria-label=\"Dodaj w Google\" title=\"Dodaj w Google\" class=\"ods-a-button ods-a-button__primary ods-a-button__default ods-a-button-l\">Dodaj w Google<\/a><\/p>\n<p>\u2014 Mamy jedn\u0105 opini\u0119 bieg\u0142ego, kt\u00f3ra musi zosta\u0107 jeszcze uzupe\u0142niona w jednym punkcie. Bieg\u0142y poprosi\u0142 o przed\u0142u\u017cenie czasu do po\u0142owy wrze\u015bnia. Dotyczy ona zdrowia kobiety, dlatego nie mo\u017cemy informowa\u0107 o szczeg\u00f3\u0142ach. Nie ma r\u00f3wnie\u017c terminu posiedzenia w s\u0105dzie dotycz\u0105cego umieszczenia kobiety w DPS-ie. Z tego, co si\u0119 orientuj\u0119, pani Mirella nie mieszka ju\u017c w domu z rodzicami. Dobrowolnie skorzysta\u0142a z mieszkania zaoferowanego przez o\u015brodek wsparcia w \u015awi\u0119toch\u0142owicach \u2014 m\u00f3wi &#8222;Faktowi&#8221; prok. Sabina Ku\u015bmierska, rzeczniczka Prokuratury Rejonowej w Chorzowie.<\/p>\n<p>Jak dzi\u015b wygl\u0105da \u017cycie Mirelli ze \u015awi\u0119toch\u0142owic? Uczy si\u0119 go od nowa<\/p>\n<p>Nad powrotem Mirelli do spo\u0142ecze\u0144stwa czuwa dzi\u015b sztab ludzi. Pomagaj\u0105 jej pracownicy pomocy spo\u0142ecznej, asystent osoby z niepe\u0142nosprawno\u015bci\u0105 oraz \u017cyczliwe osoby zaanga\u017cowane w jej codzienne funkcjonowanie. Jak informowali\u015bmy wcze\u015bniej, 43-latka samodzielnie wychodzi ju\u017c na spacery, robi drobne zakupy i poznaje \u015bwiat, kt\u00f3rego przez lata praktycznie nie mia\u0142a okazji do\u015bwiadcza\u0107. To ogromna zmiana dla kobiety, kt\u00f3ra przez niemal trzy dekady nie mia\u0142a w\u0142asnego dowodu osobistego, nie by\u0142a ubezpieczona i wi\u0119kszo\u015b\u0107 \u017cycia sp\u0119dzi\u0142a w czterech \u015bcianach rodzinnego domu.<\/p>\n<p>Mirella nie mieszka ju\u017c z rodzicami. To kolejny prze\u0142om w jej \u017cyciu<\/p>\n<p>Dobre wiadomo\u015bci p\u0142yn\u0105 r\u00f3wnie\u017c z Urz\u0119du Miasta w \u015awi\u0119toch\u0142owicach. Cho\u0107 samorz\u0105d nie chce szerzej komentowa\u0107 sprawy, potwierdza, \u017ce Mirella aktywnie uczestniczy w zaj\u0119ciach organizowanych przez O\u015brodek Pomocy Spo\u0142ecznej.<\/p>\n<blockquote class=\"ods-o-quote\">\n<p class=\"ods-o-quote__paragraph\">Mog\u0119 potwierdzi\u0107, \u017ce pani Mirella nie mieszka ju\u017c ze swoimi rodzicami. Uczestniczy aktywnie w zaj\u0119ciach i jest zaopiekowana przez pracownik\u00f3w naszego OPS<\/p>\n<\/blockquote>\n<p>\u2014 powiedzia\u0142 &#8222;Faktowi&#8221; wiceprezydent \u015awi\u0119toch\u0142owic Tomasz Kaczmarek.<\/p>\n<p>Z naszych informacji wynika, \u017ce kobieta \u015bwietnie sobie radzi i jest bardzo zadowolona, \u017ce nie ma nadzoru ze strony swojej matki. Przed Mirell\u0105 wci\u0105\u017c jeszcze jest wiele wyzwa\u0144 i d\u0142uga droga do osi\u0105gni\u0119cia tego, co straci\u0142a w ci\u0105gu trzech dekad \u017cycia poza spo\u0142ecze\u0144stwem. Najnowsze informacje napawaj\u0105 optymizmem. Kobieta jest pod opiek\u0105 specjalist\u00f3w, jest aktywna i wreszcie zaczyna \u017cy\u0107 po swojemu.<\/p>\n<p><a href=\"https:\/\/www.fakt.pl\/wydarzenia\/magdalena-k-z-krakowa-30-lat-nie-wychodzila-z-domu-sa-nowe-informacje\/hyhy5gp\" id=\"7d05bdc5-eb6e-4bcc-aa4b-3548533a5911\" rel=\"nofollow noopener\" target=\"_blank\">Przez 30 lat nie wychodzi\u0142a z domu. \u015aledczy ujawniaj\u0105 nowe informacje w sprawie Magdaleny K. z Krakowa.<\/a><a href=\"https:\/\/www.fakt.pl\/wydarzenia\/polska\/slask\/dom-joanny-oglozy-palmaki-pod-okupacja-sad-zwleka-z-decyzja\/rrcwcgz\" id=\"b6a1410f-65ba-41a1-bd57-a5405a87ebe5\" rel=\"nofollow noopener\" target=\"_blank\">Od czterech lat nie mo\u017ce wej\u015b\u0107 do w\u0142asnego domu. I ko\u0144ca nie wida\u0107. &#8222;Jestem bezradna&#8221;<\/a>1\/5<img class=\"ods-a-photo ods-a-photo--background\" src=\"https:\/\/www.europesays.com\/pl\/wp-content\/uploads\/2026\/09\/YTCk9lGaHR0cHM6Ly9vY2RuLmV1L3B1bHNjbXMvTURBXy9kODE2MGEyMy1hZTE4LTRlZjItODk0OS00ZjI1NzQ4M2RiMDIuanBlZ.jpeg\" height=\"595\" width=\"940\" alt=\"Mirelle Kupska dowieziona na przesluchanie w obecnosci bieglego psychologa do sadu rejonowegow w Cho\" loading=\"lazy\" fetchpriority=\"auto\" decoding=\"auto\" url=\"https:\/\/ocdn.eu\/pulscms\/MDA_\/d8160a23-ae18-4ef2-8949-4f257483db02.jpeg\" description=\"Mirelle Kupska dowieziona na przesluchanie w obecnosci bieglego psychologa do sadu rejonowegow w Cho\" author=\"Materia\u0142y redakcyjne\" source=\"\"\/><\/p>\n<p>Materia\u0142y redakcyjne<\/p>\n<p>Mirelle Kupska dowieziona na przesluchanie w obecnosci bieglego psychologa do sadu rejonowegow w Cho<\/p>\n<p>\u017by\u0142a w izolacji prawie trzy dekady. Jest prze\u0142om w \u017cyciu Mirelli ze \u015awi\u0119toch\u0142owic. <\/p>\n<p>2\/5<img class=\"ods-a-photo ods-a-photo--background\" src=\"https:\/\/www.europesays.com\/pl\/wp-content\/uploads\/2026\/09\/9xFk9lGaHR0cHM6Ly9vY2RuLmV1L3B1bHNjbXMvTURBXy82OTk3MTFhNy0wZTkzLTRkYWEtYjQ0Ny0zNTdhYmZkZTMyYTkuanBlZ.jpeg\" height=\"800\" width=\"600\" alt=\"639105581686938235.jpg\" loading=\"lazy\" fetchpriority=\"auto\" decoding=\"auto\" url=\"https:\/\/ocdn.eu\/pulscms\/MDA_\/699711a7-0e93-4daa-b447-357abfde32a9.jpeg\" description=\"639105581686938235.jpg\" author=\"Materia\u0142y redakcyjne\" source=\"\"\/><\/p>\n<p>Materia\u0142y redakcyjne<\/p>\n<p>639105581686938235.jpg<\/p>\n<p>Spraw\u0105 Mirelli ze \u015awi\u0119toch\u0142owic \u017cy\u0142a ca\u0142a Polska.<\/p>\n<p>3\/5<img class=\"ods-a-photo ods-a-photo--background\" src=\"https:\/\/www.europesays.com\/pl\/wp-content\/uploads\/2026\/09\/QI9k9lGaHR0cHM6Ly9vY2RuLmV1L3B1bHNjbXMvTURBXy80MDYxMTkyOS0wMmIyLTQ4N2ItYWZiNC05OTQxZTQ4NTRmZDQuanBlZ.jpeg\" height=\"626\" width=\"940\" alt=\"Mirelle Kupska dowieziona na przesluchanie w obecnosci bieglego psychologa do sadu rejonowegow w Cho\" loading=\"lazy\" fetchpriority=\"auto\" decoding=\"auto\" url=\"https:\/\/ocdn.eu\/pulscms\/MDA_\/40611929-02b2-487b-afb4-9941e4854fd4.jpeg\" description=\"Mirelle Kupska dowieziona na przesluchanie w obecnosci bieglego psychologa do sadu rejonowegow w Cho\" author=\"Materia\u0142y redakcyjne\" source=\"\"\/><\/p>\n<p>Materia\u0142y redakcyjne<\/p>\n<p>Mirelle Kupska dowieziona na przesluchanie w obecnosci bieglego psychologa do sadu rejonowegow w Cho<\/p>\n<p>w pa\u017adzierniku ub. roku &#8222;Fakt&#8221; jako pierwszy nag\u0142o\u015bni\u0142 histori\u0119 Mirelli ze \u015awi\u0119toch\u0142owic. <\/p>\n<p>4\/5<img class=\"ods-a-photo ods-a-photo--background\" src=\"https:\/\/www.europesays.com\/pl\/wp-content\/uploads\/2026\/09\/51Zk9lGaHR0cHM6Ly9vY2RuLmV1L3B1bHNjbXMvTURBXy84MTkwN2Y1Ny03MzcwLTRhNGItYWMzZC1hNTE5YzFhYTIwYzguanBlZ.jpeg\" height=\"800\" width=\"586\" alt=\"638975117598019296.jpg\" loading=\"lazy\" fetchpriority=\"auto\" decoding=\"auto\" url=\"https:\/\/ocdn.eu\/pulscms\/MDA_\/81907f57-7370-4a4b-ac3d-a519c1aa20c8.jpeg\" description=\"638975117598019296.jpg\" author=\"pomagam.pl \/ -\" source=\"\"\/><\/p>\n<p>pomagam.pl \/ &#8211;<\/p>\n<p>638975117598019296.jpg<\/p>\n<p>Kobieta w ubieg\u0142ym roku po 27 latach izolacji trafi\u0142a do szpitala. <\/p>\n<p>5\/5<img class=\"ods-a-photo ods-a-photo--background\" src=\"https:\/\/www.europesays.com\/pl\/wp-content\/uploads\/2026\/09\/n3Jk9lGaHR0cHM6Ly9vY2RuLmV1L3B1bHNjbXMvTURBXy80MDAzNTM4Mi02ZjM1LTQ0MWQtYTc5YS05YWUyZmM1MTE2MTEuanBlZ.jpeg\" height=\"705\" width=\"940\" alt=\"638959619370840901.jpg\" loading=\"lazy\" fetchpriority=\"auto\" decoding=\"auto\" url=\"https:\/\/ocdn.eu\/pulscms\/MDA_\/40035382-6f35-441d-a79a-9ae2fc511611.jpeg\" description=\"638959619370840901.jpg\" author=\"Materia\u0142y redakcyjne\" source=\"\"\/><\/p>\n<p>Materia\u0142y redakcyjne<\/p>\n<p>638959619370840901.jpg<\/p>\n<p>Mirella ju\u017c nie mieszka w domu swoich rodzic\u00f3w. <\/p>\n","protected":false},"excerpt":{"rendered":"\u015aledztwo dotycz\u0105ce okoliczno\u015bci, w jakich Mirella przez lata funkcjonowa\u0142a w izolacji, trwa ju\u017c niemal rok. Gdy dramat 43-letniej&hellip;\n","protected":false},"author":2,"featured_media":668373,"comment_status":"","ping_status":"","sticky":false,"template":"","format":"standard","meta":{"footnotes":"","_share_on_mastodon":"0"},"categories":[12],"tags":[61195,32,33,36,37,27,13359,34,35,8736,28,31,25,46,129234,42,38,40,39,41,47,1887,1389,13358,29,111182,30,26,1092],"class_list":["post-668372","post","type-post","status-publish","format-standard","has-post-thumbnail","category-polska","tag-bottomfeed_styl","tag-breaking-news","tag-breakingnews","tag-featured-news","tag-featurednews","tag-headlines","tag-izolacja","tag-latest-news","tag-latestnews","tag-mieszkanie","tag-naglowki","tag-najwazniejsze-artykuly","tag-news","tag-omp","tag-omp_tst2","tag-pl","tag-poland","tag-polish","tag-polska","tag-polski","tag-screening_general","tag-slask","tag-sledztwo","tag-swietochlowice","tag-top-stories","tag-topbar_tst1","tag-topstories","tag-wiadomosci","tag-wydarzenia"],"share_on_mastodon":{"url":"https:\/\/pubeurope.com\/@pl\/117216385458214013","error":""},"_links":{"self":[{"href":"https:\/\/www.europesays.com\/pl\/wp-json\/wp\/v2\/posts\/668372","targetHints":{"allow":["GET"]}}],"collection":[{"href":"https:\/\/www.europesays.com\/pl\/wp-json\/wp\/v2\/posts"}],"about":[{"href":"https:\/\/www.europesays.com\/pl\/wp-json\/wp\/v2\/types\/post"}],"author":[{"embeddable":true,"href":"https:\/\/www.europesays.com\/pl\/wp-json\/wp\/v2\/users\/2"}],"replies":[{"embeddable":true,"href":"https:\/\/www.europesays.com\/pl\/wp-json\/wp\/v2\/comments?post=668372"}],"version-history":[{"count":0,"href":"https:\/\/www.europesays.com\/pl\/wp-json\/wp\/v2\/posts\/668372\/revisions"}],"wp:featuredmedia":[{"embeddable":true,"href":"https:\/\/www.europesays.com\/pl\/wp-json\/wp\/v2\/media\/668373"}],"wp:attachment":[{"href":"https:\/\/www.europesays.com\/pl\/wp-json\/wp\/v2\/media?parent=668372"}],"wp:term":[{"taxonomy":"category","embeddable":true,"href":"https:\/\/www.europesays.com\/pl\/wp-json\/wp\/v2\/categories?post=668372"},{"taxonomy":"post_tag","embeddable":true,"href":"https:\/\/www.europesays.com\/pl\/wp-json\/wp\/v2\/tags?post=668372"}],"curies":[{"name":"wp","href":"https:\/\/api.w.org\/{rel}","templated":true}]}}