{"id":668374,"date":"2026-09-05T03:47:19","date_gmt":"2026-09-05T03:47:19","guid":{"rendered":"https:\/\/www.europesays.com\/pl\/668374\/"},"modified":"2026-09-05T03:47:19","modified_gmt":"2026-09-05T03:47:19","slug":"piast-gliwice-gks-katowice-relacja-na-zywo","status":"publish","type":"post","link":"https:\/\/www.europesays.com\/pl\/668374\/","title":{"rendered":"Piast Gliwice &#8211; GKS Katowice [RELACJA NA \u017bYWO]"},"content":{"rendered":"<p>GieKSa po wyszarpanym w ko\u0144c\u00f3wce meczu derbowym zwyci\u0119stwie w Zabrzu zmierza do s\u0105siaduj\u0105cych z nim Gliwic. Tamtejszy Piast, kt\u00f3ry r\u00f3wnie\u017c wygra\u0142 swoje ostatnie wyjazdowe spotkanie tak samo chce dzi\u015b p\u00f3j\u015b\u0107 za ciosem. <\/p>\n<p>Zesp\u00f3\u0142 z Katowic po odpadni\u0119ciu z europejskich puchar\u00f3w skupia si\u0119 ju\u017c na walce w Ekstraklasie. Po pi\u0119ciu rozegranych meczach zajmowa\u0142 pi\u0105te miejsce i ka\u017cdy punkt wywalczony w Gliwicach mo\u017ce pozwoli\u0107 na d\u0142u\u017csze zagoszczenie w czo\u0142\u00f3wce. <\/p>\n<p><a href=\"https:\/\/przegladsportowy.onet.pl\/\" title=\"Strona g\u0142\u00f3wna serwisu\" aria-label=\"Strona g\u0142\u00f3wna serwisu\" data-astro-prefetch=\"tap\" class=\"ods-a-logo-main-desktop\" rel=\"nofollow noopener\" target=\"_blank\"><img src=\"https:\/\/cdn.przegladsportowy.onet.pl\/img\/Logo_desktop_Onet.svg\" class=\"ods-a-logo-main-desktop__image\" alt=\"Logo\" width=\"107\" height=\"60\" fetchpriority=\"high\" decoding=\"sync\" style=\"height:60px\"\/><\/a><\/p>\n<p class=\"ods-m-google-article__text\">Czytaj nas cz\u0119\u015bciej w Google<\/p>\n<p><a href=\"https:\/\/google.com\/preferences\/source?q=przegladsportowy.onet.pl\" target=\"_blank\" rel=\"noopener noreferrer nofollow\" aria-label=\"Dodaj w Google\" title=\"Dodaj w Google\" class=\"ods-a-button ods-a-button__primary ods-a-button__default ods-a-button-l\">Dodaj w Google<\/a><\/p>\n<p>Do tego Jan Urban musi spogl\u0105da\u0107 na polskich pi\u0142karzy, w tym na Bartosza Nowaka, dla kt\u00f3rego powo\u0142ania domagaj\u0105 si\u0119 kibice oraz cz\u0119\u015b\u0107 ekspert\u00f3w. Dzisiejszy wyst\u0119p 33-latka mo\u017ce przes\u0105dzi\u0107 o jego losach w kadrze. <\/p>\n<p>Piast w przypadku zwyci\u0119stwa ma szans\u0119 przeskoczy\u0107 rywala z G\u00f3rnego \u015al\u0105ska w tabeli. Kto w lepszych nastrojach sp\u0119dzi ten weekend? Zapraszamy na relacj\u0119 na \u017cywo. Pocz\u0105tek w pi\u0105tek, 4 wrze\u015bnia o godzinie 20:30.<\/p>\n","protected":false},"excerpt":{"rendered":"GieKSa po wyszarpanym w ko\u0144c\u00f3wce meczu derbowym zwyci\u0119stwie w Zabrzu zmierza do s\u0105siaduj\u0105cych z nim Gliwic. Tamtejszy Piast,&hellip;\n","protected":false},"author":2,"featured_media":668375,"comment_status":"","ping_status":"","sticky":false,"template":"","format":"standard","meta":{"footnotes":"","_share_on_mastodon":"0"},"categories":[5],"tags":[128237,61195,32,33,36,37,2397,27,34,35,28,31,48,25,46,9027,948,42,38,40,39,41,47,29,30,26],"class_list":["post-668374","post","type-post","status-publish","format-standard","has-post-thumbnail","category-naglowki","tag-adshield_tst1","tag-bottomfeed_styl","tag-breaking-news","tag-breakingnews","tag-featured-news","tag-featurednews","tag-gks_katowice","tag-headlines","tag-latest-news","tag-latestnews","tag-naglowki","tag-najwazniejsze-artykuly","tag-nat_styl","tag-news","tag-omp","tag-piast_gliwice","tag-pilka_nozna","tag-pl","tag-poland","tag-polish","tag-polska","tag-polski","tag-screening_general","tag-top-stories","tag-topstories","tag-wiadomosci"],"share_on_mastodon":{"url":"","error":""},"_links":{"self":[{"href":"https:\/\/www.europesays.com\/pl\/wp-json\/wp\/v2\/posts\/668374","targetHints":{"allow":["GET"]}}],"collection":[{"href":"https:\/\/www.europesays.com\/pl\/wp-json\/wp\/v2\/posts"}],"about":[{"href":"https:\/\/www.europesays.com\/pl\/wp-json\/wp\/v2\/types\/post"}],"author":[{"embeddable":true,"href":"https:\/\/www.europesays.com\/pl\/wp-json\/wp\/v2\/users\/2"}],"replies":[{"embeddable":true,"href":"https:\/\/www.europesays.com\/pl\/wp-json\/wp\/v2\/comments?post=668374"}],"version-history":[{"count":0,"href":"https:\/\/www.europesays.com\/pl\/wp-json\/wp\/v2\/posts\/668374\/revisions"}],"wp:featuredmedia":[{"embeddable":true,"href":"https:\/\/www.europesays.com\/pl\/wp-json\/wp\/v2\/media\/668375"}],"wp:attachment":[{"href":"https:\/\/www.europesays.com\/pl\/wp-json\/wp\/v2\/media?parent=668374"}],"wp:term":[{"taxonomy":"category","embeddable":true,"href":"https:\/\/www.europesays.com\/pl\/wp-json\/wp\/v2\/categories?post=668374"},{"taxonomy":"post_tag","embeddable":true,"href":"https:\/\/www.europesays.com\/pl\/wp-json\/wp\/v2\/tags?post=668374"}],"curies":[{"name":"wp","href":"https:\/\/api.w.org\/{rel}","templated":true}]}}