{"id":668388,"date":"2026-09-05T03:59:51","date_gmt":"2026-09-05T03:59:51","guid":{"rendered":"https:\/\/www.europesays.com\/pl\/668388\/"},"modified":"2026-09-05T03:59:51","modified_gmt":"2026-09-05T03:59:51","slug":"dwie-wazne-linie-autobusowe-beda-kursowac-inaczej-ale-tylko-przez-chwile","status":"publish","type":"post","link":"https:\/\/www.europesays.com\/pl\/668388\/","title":{"rendered":"Dwie wa\u017cne linie autobusowe b\u0119d\u0105 kursowa\u0107 inaczej. Ale tylko przez chwil\u0119"},"content":{"rendered":"<p>\n                        Zmian nale\u017cy spodziewa\u0107 si\u0119 w najbli\u017csz\u0105 niedziel\u0119 i s\u0105 zwi\u0105zane z organizacj\u0105 \u201eBiegu Lotto na sz\u00f3stk\u0119\u201d.\n                    <\/p>\n<p>Trasa biegu rozpocznie si\u0119 przy Arkonce i poprowadzi m.in. ulicami Wincentego Pola i Alej\u0105 Wojska Polskiego. A to oznacza zmiany w funkcjonowaniu komunikacji miejskiej. W niedzielne przedpo\u0142udnie (6 wrze\u015bnia w godz. 10:00-11:30) trasy zmieni\u0105 dwie linie autobusowe.<\/p>\n<p>Autobusy linii 53 jad\u0105ce w kierunku \u201ePomorzany Dobrzy\u0144ska\u201d od przystanku \u201e\u0141\u0119kno\u201d pojad\u0105 ulicami: Majda\u0144skiego, Arko\u0144sk\u0105, Szafera i od przystanku \u201eZawadzkiego\u201d swoj\u0105 sta\u0142\u0105 tras\u0105.<\/p>\n<p>Na czas objazdu wy\u0142\u0105czone z obs\u0142ugi pasa\u017cerskiej b\u0119d\u0105 przystanki: \u201eWincentego Pola\u201d (nr 31011), \u201eUnii Lubelskiej\u201d (nr 31113), \u201eZajezdnia Pogodno n\u017c\u201d (nr 31216).<\/p>\n<p>Autobusy linii 60 jad\u0105ce w kierunku \u201eCukrowej\u201d od przystanku \u201e\u0141\u0119kno\u201d pojad\u0105 ulicami: Majda\u0144skiego, Arko\u0144sk\u0105, Al. Wojska Polskiego i od przystanku \u201eUnii Lubelskiej\u201d swoj\u0105 sta\u0142\u0105 tras\u0105.<\/p>\n<p>Na czas objazdu wy\u0142\u0105czony z obs\u0142ugi pasa\u017cerskiej b\u0119dzie przystanek: \u201eWincentego Pola\u201d (nr 31011).<\/p>\n<p>Przywr\u00f3cenie ruchu b\u0119dzie nast\u0119powa\u0142o dynamicznie po przebiegni\u0119ciu ostatniego zawodnika.<\/p>\n","protected":false},"excerpt":{"rendered":"Zmian nale\u017cy spodziewa\u0107 si\u0119 w najbli\u017csz\u0105 niedziel\u0119 i s\u0105 zwi\u0105zane z organizacj\u0105 \u201eBiegu Lotto na sz\u00f3stk\u0119\u201d. Trasa biegu&hellip;\n","protected":false},"author":2,"featured_media":668389,"comment_status":"","ping_status":"","sticky":false,"template":"","format":"standard","meta":{"footnotes":"","_share_on_mastodon":"0"},"categories":[51611],"tags":[291,1089,3839,3511,261,3840,42,38,40,907,39,41,123,2307,26,1092],"class_list":["post-668388","post","type-post","status-publish","format-standard","has-post-thumbnail","category-szczecin","tag-historia","tag-imprezy","tag-interwencje","tag-inwestycje","tag-kultura","tag-lokale","tag-pl","tag-poland","tag-polish","tag-polityka","tag-polska","tag-polski","tag-rozrywka","tag-szczecin","tag-wiadomosci","tag-wydarzenia"],"share_on_mastodon":{"url":"https:\/\/pubeurope.com\/@pl\/117216439692037667","error":""},"_links":{"self":[{"href":"https:\/\/www.europesays.com\/pl\/wp-json\/wp\/v2\/posts\/668388","targetHints":{"allow":["GET"]}}],"collection":[{"href":"https:\/\/www.europesays.com\/pl\/wp-json\/wp\/v2\/posts"}],"about":[{"href":"https:\/\/www.europesays.com\/pl\/wp-json\/wp\/v2\/types\/post"}],"author":[{"embeddable":true,"href":"https:\/\/www.europesays.com\/pl\/wp-json\/wp\/v2\/users\/2"}],"replies":[{"embeddable":true,"href":"https:\/\/www.europesays.com\/pl\/wp-json\/wp\/v2\/comments?post=668388"}],"version-history":[{"count":0,"href":"https:\/\/www.europesays.com\/pl\/wp-json\/wp\/v2\/posts\/668388\/revisions"}],"wp:featuredmedia":[{"embeddable":true,"href":"https:\/\/www.europesays.com\/pl\/wp-json\/wp\/v2\/media\/668389"}],"wp:attachment":[{"href":"https:\/\/www.europesays.com\/pl\/wp-json\/wp\/v2\/media?parent=668388"}],"wp:term":[{"taxonomy":"category","embeddable":true,"href":"https:\/\/www.europesays.com\/pl\/wp-json\/wp\/v2\/categories?post=668388"},{"taxonomy":"post_tag","embeddable":true,"href":"https:\/\/www.europesays.com\/pl\/wp-json\/wp\/v2\/tags?post=668388"}],"curies":[{"name":"wp","href":"https:\/\/api.w.org\/{rel}","templated":true}]}}