{"id":668396,"date":"2026-09-05T04:06:35","date_gmt":"2026-09-05T04:06:35","guid":{"rendered":"https:\/\/www.europesays.com\/pl\/668396\/"},"modified":"2026-09-05T04:06:35","modified_gmt":"2026-09-05T04:06:35","slug":"wratislavia-cantans-classical-music-festival-opens-in-polands-wroclaw","status":"publish","type":"post","link":"https:\/\/www.europesays.com\/pl\/668396\/","title":{"rendered":"Wratislavia Cantans classical music festival opens in Poland&#8217;s Wroc\u0142aw"},"content":{"rendered":"<p>The opening\u00a0show is Camille Saint-Sa\u00ebns\u2019 opera Samson and Delilah, starring tenor Nikolai Schukoff as Samson and mezzo-soprano Anita Rachvelishvili as Delilah.<\/p>\n<p>&#13;<\/p>\n<p class=\"isSelectedEnd\">The opera is conducted by Thomas Guggeis and features a performance by the Choir of Wroc\u0142aw&#8217;s National Forum of Music (NFM), which organises the festival.<\/p>\n<p>&#13;<\/p>\n<p class=\"isSelectedEnd\">\n<p>&#13;<\/p>\n<p class=\"isSelectedEnd\">This year&#8217;s programme\u00a0includes\u00a0works exploring themes\u00a0such as maturity and responsibility, according to artistic director Andrzej Kosendiak.<\/p>\n<p>&#13;<\/p>\n<p class=\"isSelectedEnd\">The\u00a0motto\u00a0of this year&#8217;s festival is &#8222;The Shadow Line,&#8221; a reference to the novel by Polish-British writer Joseph Conrad.<\/p>\n<p>&#13;<\/p>\n<p class=\"isSelectedEnd\">Kosendiak said the theme\u00a0refers to the transition into adulthood and the assumption of responsibility, both individually and as a society.<\/p>\n<p>&#13;<\/p>\n<p class=\"isSelectedEnd\">The world people know today is different from that of the past, he elaborated, while the future remains uncertain.<\/p>\n<p>&#13;<\/p>\n<p class=\"isSelectedEnd\">This year&#8217;s\u00a0festival features\u00a0works by J.S. Bach, Igor Stravinsky and Claudio Monteverdi, as well as Polish composers Henryk Miko\u0142aj G\u00f3recki, Stanis\u0142aw Moniuszko and Karol Szymanowski.<\/p>\n<p>&#13;<\/p>\n<p class=\"isSelectedEnd\">Also on the programme is Henry Purcell&#8217;s opera Dido and Aeneas.<\/p>\n<p>&#13;<\/p>\n<p class=\"isSelectedEnd\">Next Thursday, former festival artistic director Giovanni Antonini will perform with the Italian ensemble Il Giardino Armonico, presenting 17th-century music by Monteverdi and Castello, among other works.<\/p>\n<p>&#13;<\/p>\n<p class=\"isSelectedEnd\">One of the festival&#8217;s special guests is veteran Polish conductor and composer Jerzy Maksymiuk, who turns 90 this year.<\/p>\n<p>&#13;<\/p>\n<p class=\"isSelectedEnd\">On September 11, he will conduct a concert featuring Debussy\u2019s La Mer and Stravinsky\u2019s Symphony of Psalms.<\/p>\n<p>&#13;<\/p>\n<p class=\"isSelectedEnd\">Concerts are taking place at venues including the National Forum of Music, the Pan Tadeusz Museum, the Old Town Hall and churches in Wroc\u0142aw, as well as in other cities in\u00a0Poland&#8217;s southwestern Lower Silesia region.<\/p>\n<p>&#13;<\/p>\n<p>The festival will close on September 13 with Gustav Mahler\u2019s Symphony No. 6, performed by the Staatskapelle Dresden orchestra.<\/p>\n<p>&#13;<\/p>\n<p style=\"font-weight: 400;\">First held in 1966, Wratislavia Cantans is one of Poland&#8217;s oldest music festivals.<\/p>\n<p>&#13;<\/p>\n<p style=\"font-weight: 400;\">(sp\/gs)<\/p>\n<p>&#13;<\/p>\n<p style=\"font-weight: 400;\">Source: PAP,\u00a0<a href=\"https:\/\/www.nfm.wroclaw.pl\/en\/festivals\/wratislavia-cantans\" rel=\"nofollow noopener\" target=\"_blank\">nfm.wroclaw.pl<\/a><\/p>\n","protected":false},"excerpt":{"rendered":"The opening\u00a0show is Camille Saint-Sa\u00ebns\u2019 opera Samson and Delilah, starring tenor Nikolai Schukoff as Samson and mezzo-soprano Anita&hellip;\n","protected":false},"author":2,"featured_media":668397,"comment_status":"","ping_status":"","sticky":false,"template":"","format":"standard","meta":{"footnotes":"","_share_on_mastodon":"0"},"categories":[51607],"tags":[42,38,40,39,41,1853],"class_list":["post-668396","post","type-post","status-publish","format-standard","has-post-thumbnail","category-wroclaw","tag-pl","tag-poland","tag-polish","tag-polska","tag-polski","tag-wroclaw"],"share_on_mastodon":{"url":"https:\/\/pubeurope.com\/@pl\/117216463216913670","error":""},"_links":{"self":[{"href":"https:\/\/www.europesays.com\/pl\/wp-json\/wp\/v2\/posts\/668396","targetHints":{"allow":["GET"]}}],"collection":[{"href":"https:\/\/www.europesays.com\/pl\/wp-json\/wp\/v2\/posts"}],"about":[{"href":"https:\/\/www.europesays.com\/pl\/wp-json\/wp\/v2\/types\/post"}],"author":[{"embeddable":true,"href":"https:\/\/www.europesays.com\/pl\/wp-json\/wp\/v2\/users\/2"}],"replies":[{"embeddable":true,"href":"https:\/\/www.europesays.com\/pl\/wp-json\/wp\/v2\/comments?post=668396"}],"version-history":[{"count":0,"href":"https:\/\/www.europesays.com\/pl\/wp-json\/wp\/v2\/posts\/668396\/revisions"}],"wp:featuredmedia":[{"embeddable":true,"href":"https:\/\/www.europesays.com\/pl\/wp-json\/wp\/v2\/media\/668397"}],"wp:attachment":[{"href":"https:\/\/www.europesays.com\/pl\/wp-json\/wp\/v2\/media?parent=668396"}],"wp:term":[{"taxonomy":"category","embeddable":true,"href":"https:\/\/www.europesays.com\/pl\/wp-json\/wp\/v2\/categories?post=668396"},{"taxonomy":"post_tag","embeddable":true,"href":"https:\/\/www.europesays.com\/pl\/wp-json\/wp\/v2\/tags?post=668396"}],"curies":[{"name":"wp","href":"https:\/\/api.w.org\/{rel}","templated":true}]}}