{"id":668400,"date":"2026-09-05T04:08:45","date_gmt":"2026-09-05T04:08:45","guid":{"rendered":"https:\/\/www.europesays.com\/pl\/668400\/"},"modified":"2026-09-05T04:08:45","modified_gmt":"2026-09-05T04:08:45","slug":"ai-polska-i-czechy-lacza-sily-dla-gigafabrykipolska-i-czechy-lacza-sily-dla-gigafabryk-ai","status":"publish","type":"post","link":"https:\/\/www.europesays.com\/pl\/668400\/","title":{"rendered":"AI: Polska i Czechy \u0142\u0105cz\u0105 si\u0142y dla gigafabrykiPolska i Czechy \u0142\u0105cz\u0105 si\u0142y dla gigafabryk AI"},"content":{"rendered":"<p itemprop=\"description\">&#8222;Musimy zacz\u0105\u0107 dzia\u0142a\u0107 na miar\u0119 naszej prawdziwej wielko\u015bci \u2013 dziel\u0105c si\u0119 moc\u0105 obliczeniow\u0105, kapita\u0142em i talentami ponad granicami&#8221; &#8211; m\u00f3wi prezes.<\/p>\n<p>Minister cyfryzacji Krzysztof Gawkowski i minister przemys\u0142u i handlu Republiki Czeskiej, Karel Havl\u00ed\u010dek podpisali w Pradze memorandum o wsp\u00f3\u0142pracy m.in. przy rozwoju gigafabryk AI. W zale\u017cno\u015bci od wynik\u00f3w naboru<a href=\"https:\/\/crn.pl\/aktualnosci\/unia-europejska-oglasza-nabor-na-utworzenie-lokalnych-gigafabryk-ai\/\" rel=\"nofollow noopener\" target=\"_blank\"> w unijnym przetargu<\/a>.<\/p>\n<p>Co obejmie wsp\u00f3\u0142praca<\/p>\n<p>Dokument przewiduje wsp\u00f3lny projekt polsko-czeski, wsp\u00f3\u0142prac\u0119 dw\u00f3ch odr\u0119bnych fabryk lub udzia\u0142 obu pa\u0144stw w jednym wybranym projekcie, m.in. poprzez dost\u0119p do mocy obliczeniowych, podzia\u0142 obci\u0105\u017ce\u0144 i wsp\u00f3lne zam\u00f3wienia.<\/p>\n<p>Polska i Czechy deklaruj\u0105, i\u017c b\u0119d\u0105 wsp\u00f3lnie dzia\u0142a\u0107 na rzecz wzrostu konkurencyjno\u015bci Europy \u015arodkowej w obszarze sztucznej inteligencji.<\/p>\n<p>Memorandum zak\u0142ada tak\u017ce wsp\u00f3\u0142prac\u0119 robocz\u0105, konsultowanie stanowisk na forach europejskich oraz wsp\u00f3\u0142prac\u0119 przy wykorzystaniu finansowania <a href=\"https:\/\/www.eurohpc-ju.europa.eu\/ai-factories_en\" target=\"_blank\" rel=\"noreferrer noopener nofollow\">EuroHPC<\/a> i InvestAI, z uwzgl\u0119dnieniem wk\u0142adu obu pa\u0144stw. Infrastruktura ma by\u0107 wykorzystywana na potrzeby administracji, bezpiecze\u0144stwa, bada\u0144 i rozwoju AI. Wed\u0142ug AI Chamber, z dost\u0119pnych na ten moment informacji wynika, i\u017c do udzia\u0142u w przetargu na budow\u0119 gigafabryki AI przygotowuj\u0105 si\u0119 trzy konsorcja z Polski.<\/p>\n<p>\u201eMemorandum otwiera drog\u0119 do wsp\u00f3lnego rozwoju infrastruktury obliczeniowej, kompetencji i regulacji, kt\u00f3re b\u0119d\u0105 kszta\u0142towa\u0107 oba kraje na nast\u0119pne lata\u201d \u2013 podkre\u015bli\u0142 wiceminister cyfryzacji Dariusz Standerski.<\/p>\n<p>Do podpisania memorandum dosz\u0142o podczas CEE AI Summit w Pradze. Szczyt zosta\u0142 zorganizowany z inicjatywy AI Chamber \u2013 wywodz\u0105cej si\u0119 z Polski regionalnej organizacji reprezentuj\u0105cej firmy z sektora AI.<\/p>\n<p>\u201eEuropa \u015arodkowo-Wschodnia to 150 mln ludzi i gospodarka o warto\u015bci 2,5 biliona euro. Mimo to wci\u0105\u017c przyje\u017cd\u017camy do Brukseli, by negocjowa\u0107 jako ka\u017cdy kraj z osobna. Naszym celem nie mo\u017ce ju\u017c by\u0107 dogonienie reszty. Mamy to, czego potrzeba, aby sta\u0107 si\u0119 centrum innowacji, w kt\u00f3rym sztuczna inteligencja jest faktycznie tworzona, a nie tylko kupowana. Nie musimy w tym celu powo\u0142ywa\u0107 nowych instytucji. Musimy po prostu zacz\u0105\u0107 dzia\u0142a\u0107 na miar\u0119 naszej prawdziwej wielko\u015bci \u2013 dziel\u0105c si\u0119 moc\u0105 obliczeniow\u0105, kapita\u0142em i talentami ponad granicami oraz opieraj\u0105c si\u0119 na tym, co ju\u017c dzia\u0142a w s\u0105siednich krajach\u201d \u2013 m\u00f3wi\u0142 podczas CEE AI Summit, Tomasz Sna\u017cyk, prezes AI Chamber CEE.<\/p>\n","protected":false},"excerpt":{"rendered":"&#8222;Musimy zacz\u0105\u0107 dzia\u0142a\u0107 na miar\u0119 naszej prawdziwej wielko\u015bci \u2013 dziel\u0105c si\u0119 moc\u0105 obliczeniow\u0105, kapita\u0142em i talentami ponad granicami&#8221;&hellip;\n","protected":false},"author":2,"featured_media":668401,"comment_status":"","ping_status":"","sticky":false,"template":"","format":"standard","meta":{"footnotes":"","_share_on_mastodon":"0"},"categories":[12],"tags":[776,93008,109809,19096,42,38,40,39,41,777],"class_list":["post-668400","post","type-post","status-publish","format-standard","has-post-thumbnail","category-polska","tag-ai","tag-ai-chamber","tag-gigafabryka-ai","tag-ministerstwo-cyfryzacji","tag-pl","tag-poland","tag-polish","tag-polska","tag-polski","tag-sztuczna-inteligencja"],"share_on_mastodon":{"url":"https:\/\/pubeurope.com\/@pl\/117216471263725048","error":""},"_links":{"self":[{"href":"https:\/\/www.europesays.com\/pl\/wp-json\/wp\/v2\/posts\/668400","targetHints":{"allow":["GET"]}}],"collection":[{"href":"https:\/\/www.europesays.com\/pl\/wp-json\/wp\/v2\/posts"}],"about":[{"href":"https:\/\/www.europesays.com\/pl\/wp-json\/wp\/v2\/types\/post"}],"author":[{"embeddable":true,"href":"https:\/\/www.europesays.com\/pl\/wp-json\/wp\/v2\/users\/2"}],"replies":[{"embeddable":true,"href":"https:\/\/www.europesays.com\/pl\/wp-json\/wp\/v2\/comments?post=668400"}],"version-history":[{"count":0,"href":"https:\/\/www.europesays.com\/pl\/wp-json\/wp\/v2\/posts\/668400\/revisions"}],"wp:featuredmedia":[{"embeddable":true,"href":"https:\/\/www.europesays.com\/pl\/wp-json\/wp\/v2\/media\/668401"}],"wp:attachment":[{"href":"https:\/\/www.europesays.com\/pl\/wp-json\/wp\/v2\/media?parent=668400"}],"wp:term":[{"taxonomy":"category","embeddable":true,"href":"https:\/\/www.europesays.com\/pl\/wp-json\/wp\/v2\/categories?post=668400"},{"taxonomy":"post_tag","embeddable":true,"href":"https:\/\/www.europesays.com\/pl\/wp-json\/wp\/v2\/tags?post=668400"}],"curies":[{"name":"wp","href":"https:\/\/api.w.org\/{rel}","templated":true}]}}