{"id":668402,"date":"2026-09-05T04:10:00","date_gmt":"2026-09-05T04:10:00","guid":{"rendered":"https:\/\/www.europesays.com\/pl\/668402\/"},"modified":"2026-09-05T04:10:00","modified_gmt":"2026-09-05T04:10:00","slug":"elektrownia-jadrowa-przy-granicy-z-polska-rzad-zabral-glos","status":"publish","type":"post","link":"https:\/\/www.europesays.com\/pl\/668402\/","title":{"rendered":"Elektrownia j\u0105drowa przy granicy z Polsk\u0105? Rz\u0105d zabra\u0142 g\u0142os"},"content":{"rendered":"<p>                            <img decoding=\"async\" src=\"https:\/\/www.europesays.com\/pl\/wp-content\/uploads\/2026\/09\/55165633506_e1432c5c86_k-aspect-ratio-618-360-921x537.jpg\"   style=\"aspect-ratio: auto 921 \/ 537\" alt=\"Elektrownia j\u0105drowa przy granicy z Polsk\u0105? Rz\u0105d zabra\u0142 g\u0142os\"\/> Wiceminister klimatu i \u015brodowiska Urszula Zieli\u0144ska. Fot. Ministerstwo Klimatu i \u015arodowiska\/Flickr            <\/p>\n<p>Rolls-Royce, dostawca technologii SMR, poinformowa\u0142 o podpisaniu porozumienia w sprawie przygotowania terenu pod lokalizacj\u0119 ma\u0142ego atomu przy granicy z Polsk\u0105. Wiceminister Urszula Zieli\u0144ska wyja\u015bni\u0142a, \u017ce nie ma oficjalnego potwierdzenia ze strony czeskiego rz\u0105du. Polityk wyja\u015bni\u0142a, jak wygl\u0105da dialog mi\u0119dzy Warszaw\u0105 a Prag\u0105 w sprawie SMR.<\/p>\n<p>Niepok\u00f3j w\u015br\u00f3d mieszka\u0144c\u00f3w przygranicznych z Czechami budz\u0105 doniesienia medialne o budowie ma\u0142ego reaktora modu\u0142owego w miejscowo\u015bci Dzie\u0107morowice (cz. D\u011btmarovice). Do pog\u0142osek odnios\u0142a si\u0119 Urszula Zieli\u0144ska, wiceminister klimatu i \u015brodowiska.<\/p>\n<p>Zieli\u0144ska zadeklarowa\u0142a, \u017ce Generalna Dyrekcja Ochrony \u015arodowiska (GDO\u015a) na bie\u017c\u0105co monitoruje informacje zwi\u0105zane z Dzie\u0107morowicami i \u201euwzgl\u0119dnieniem co najmniej jeszcze jednej lokalizacji\u201d. Temat jest przedmiotem prac polsko-czeskiej grupy roboczej ds. oceny oddzia\u0142ywania na \u015brodowisko. Jak przekaza\u0142a wiceminister, ostatni raz grupa robocza spotka\u0142a si\u0119 w maju 2025 r., a kolejne rozmowy przewidziane s\u0105 na 15\u201316 pa\u017adziernika 2026 r.&#13;\n    <\/p>\n<p>REKLAMA<\/p>\n<p> <a href=\"https:\/\/procarte.pl\/?utm_source=gramwzielone&amp;utm_medium=banner&amp;utm_campaign=procarte_gramwzielone\" target=\"_blank\" data-dce=\"eventClick:{&quot;id&quot;:0,&quot;type&quot;:&quot;Z:left:https:\\\/\\\/procarte.pl\\\/?utm_source=gramwzielone&amp;utm_medium=banner&amp;utm_campaign=procarte_gramwzielone&quot;,&quot;s&quot;:&quot;b9f99358052003d2ee52cf198c677574808786c7&quot;}\" rel=\"nofollow noopener\">   <img src=\"https:\/\/www.europesays.com\/pl\/wp-content\/uploads\/2026\/09\/640x95-gif-01.gif\" height=\"95\" width=\"640\" loading=\"lazy\" decoding=\"async\" style=\"width: 100%; height: auto;\"\/>  <\/a>                         <\/p>\n<p>REKLAMA<\/p>\n<p> <a href=\"https:\/\/www.4sun.eu\" target=\"_blank\" data-dce=\"eventClick:{&quot;id&quot;:0,&quot;type&quot;:&quot;Z:right:https:\\\/\\\/www.4sun.eu&quot;,&quot;s&quot;:&quot;18380e9c312cc403c57913b9a5fea786339740b9&quot;}\" rel=\"nofollow noopener\">   <img src=\"https:\/\/www.europesays.com\/pl\/wp-content\/uploads\/2026\/09\/4SUN-GWZ-640x95px.gif\" height=\"95\" width=\"640\" loading=\"lazy\" decoding=\"async\" style=\"width: 100%; height: auto;\"\/>  <\/a>                         <\/p>\n<p>Kluczowe dla sprawy jest to, \u017ce lokalizacja w Dzie\u0107morowicach jest wskazywana jako preferowana przez media, ale nie potwierdza tego czeskie Ministerstwo \u015arodowiska. Oficjalne stanowisko brzmi, \u017ce nie jest to lokalizacja preferowana. Tym samym nie wszcz\u0119to formalnej procedury oceny oddzia\u0142ywania na \u015brodowisko w tej lokalizacji, z kt\u00f3r\u0105 mog\u0142aby zapozna\u0107 si\u0119 strona polska.<\/p>\n<p>\u2013 Wiemy, \u017ce informacje medialne m\u00f3wi\u0105 co\u015b innego. M\u00f3wi\u0105, \u017ce jest to preferowana lokalizacja, ale nie potwierdza tego Ministerstwo \u015arodowiska Republiki Czeskiej \u2013 powiedzia\u0142a wiceminister klimatu i \u015brodowiska.<\/p>\n<p>Co istotne, dostawca technologii SMR do Czech, brytyjski koncern Rolls-Royce, przekaza\u0142, \u017ce zawar\u0142 porozumienie dotycz\u0105ce przygotowania terenu pod lokalizacj\u0119 w Dzie\u0107morowicach.<\/p>\n<p>Co Polska mo\u017ce zrobi\u0107?<\/p>\n<p>Urszula Zieli\u0144ska zadeklarowa\u0142a, \u017ce je\u017celi lokalizacja zostanie potwierdzona, to Polska skorzysta z odpowiednich instrument\u00f3w prawa mi\u0119dzynarodowego oraz unijnego, kt\u00f3re gwarantuj\u0105 pe\u0142en udzia\u0142 Polski w procedurze oceny oddzia\u0142ywania na \u015brodowisko. Kluczowa jest tu Konwencja o ocenach oddzia\u0142ywania na \u015brodowisko w kontek\u015bcie transgranicznym (konwencja z Espoo).<\/p>\n<p>Prawo mi\u0119dzynarodowe umo\u017cliwi Polsce:<\/p>\n<p>pozyskanie dokumentacji \u015brodowiskowej w j\u0119zyku polskim,<br \/>\nprzedstawienie uwag i stanowisk przez organy administracji rz\u0105dowej i samorz\u0105dowej,<br \/>\nudzia\u0142 wyspecjalizowanych instytucji, takich jak Pa\u0144stwowa Agencja Atomistyki, w pracach.<\/p>\n<p>Oba kraje wsp\u00f3\u0142pracuj\u0105 w kwestii lokalizacji dotycz\u0105cych SMR po obu stronach granicy. Po stronie Czech s\u0105 to: Temeliny i Tu\u015bnica, a po stronie polskiej: W\u0142oc\u0142awek, Stawy Monowskie, Stalowa Wola.&#13;\n    <\/p>\n<p>REKLAMA<\/p>\n<p> <a href=\"https:\/\/www.dmegcsolar.com\/\" target=\"_blank\" data-dce=\"eventClick:{&quot;id&quot;:0,&quot;type&quot;:&quot;D:left:https:\\\/\\\/www.dmegcsolar.com\\\/&quot;,&quot;s&quot;:&quot;8cfb4a001a9a3e190e3d2850be2df6e8bfa4687e&quot;}\" rel=\"nofollow noopener\">   <img src=\"https:\/\/www.europesays.com\/pl\/wp-content\/uploads\/2026\/09\/Mobile-banner-size-640x95-1.jpg\" height=\"95\" width=\"640\" loading=\"lazy\" decoding=\"async\" style=\"width: 100%; height: auto;\"\/>  <\/a>                         <\/p>\n<p>REKLAMA<\/p>\n<p> <a href=\"https:\/\/pl.goodwe.com\/esa-cashback\" target=\"_blank\" data-dce=\"eventClick:{&quot;id&quot;:0,&quot;type&quot;:&quot;D:middle:https:\\\/\\\/pl.goodwe.com\\\/esa-cashback&quot;,&quot;s&quot;:&quot;5c63383f65a9eb271161d9a5e3ee4e8fb8c45edc&quot;}\" rel=\"nofollow noopener\">   <img src=\"https:\/\/www.europesays.com\/pl\/wp-content\/uploads\/2026\/09\/640x95px_GIF-1.gif\" height=\"95\" width=\"640\" loading=\"lazy\" decoding=\"async\" style=\"width: 100%; height: auto;\"\/>  <\/a>                         <\/p>\n<p>Czesi id\u0105 w atom<\/p>\n<p>W Czechach obecnie dzia\u0142aj\u0105 dwie du\u017ce elektrownie j\u0105drowe: Dukovany (cztery reaktory) i Temelin (dwa reaktory), obie w radzieckiej technologii VVER. \u0141\u0105cznie odpowiadaj\u0105 za 35\u201340 proc. produkcji energii elektrycznej w kraju, a ich operatorem jest pa\u0144stwowy koncern \u010cEZ. Po agresji Rosji na Ukrain\u0119 Czechy rozpocz\u0119\u0142y proces odchodzenia od tamtejszego paliwa. W tym roku po raz pierwszy dostarczy\u0142 je ameryka\u0144ski Westinghouse.<\/p>\n<p>Elektrownia j\u0105drowa w Dukovanach ma zosta\u0107 rozbudowana o dwa kolejne bloki. Wykonawc\u0105 jest po\u0142udniowokorea\u0144ski KHNP, z kt\u00f3rym w czerwcu 2025 r. podpisano kontrakt EPC. Budowa ma ruszy\u0107 w 2029 r., a uko\u0144czenie pierwszego bloku planowane jest na 2036 r. W tym samym roku w Polsce ma pop\u0142yn\u0105\u0107 pr\u0105d z pierwszego bloku elektrowni j\u0105drowej w lokalizacji Lubiatowo-Kopalino.<\/p>\n<p>Opr\u00f3cz du\u017cego atomu Czechy planuj\u0105 rozw\u00f3j technologii SMR, kt\u00f3r\u0105 ma dostarczy\u0107 brytyjski Rolls-Royce. Operatorem i w tym przypadku b\u0119dzie \u010cEZ. Pierwszy ma\u0142y atom ma powsta\u0107 na terenie Temelina, gdzie zako\u0144czono ju\u017c badania geologiczne pod lokalizacj\u0119. We wrze\u015bniu 2026 r. Rolls-Royce SMR i \u010cEZ podpisa\u0142y umow\u0119 o wczesnych pracach nad budow\u0105 reaktora w Temelinie.<\/p>\n<p>Brytyjski koncern poinformowa\u0142 we wrze\u015bniu, \u017ce podpisa\u0142 z czeskim operatorem memorandum w sprawie przygotowania teren\u00f3w pod budow\u0119 dw\u00f3ch kolejnych lokalizacji: Tu\u0161imice i Dzie\u0107morowice.<\/p>\n<p>Polska energetyka j\u0105drowa<\/p>\n<p>A jak przebiega polski program energetyki j\u0105drowej? Obecnie trwaj\u0105 prace budowlane w lokalizacji Lubiatowo-Kopalino w gminie Choczewo. Trzy reaktory AP1000 zostan\u0105 dostarczone przez ameryka\u0144ski Westinghouse. Pr\u0105d z pierwszego ma pop\u0142yn\u0105\u0107 w 2036 r., a kolejne maj\u0105 rozpocz\u0105\u0107 dzia\u0142anie odpowiednio w 2037 i 2038 r.<\/p>\n<p>Tymczasem trwaj\u0105 prace nad budow\u0105 ma\u0142ych reaktor\u00f3w j\u0105drowych, nad czym pracuje sp\u00f3\u0142ka OSGE, za\u015b rz\u0105d rozwa\u017ca lokalizacje pod budow\u0119 drugiej du\u017cej elektrowni j\u0105drowej. Pod uwag\u0119 brane s\u0105 Be\u0142chat\u00f3w, Konin, Kozienice i Po\u0142aniec.<\/p>\n<p>Wi\u0119cej na ten temat mo\u017cna dowiedzie\u0107 si\u0119 z artyku\u0142u: <a href=\"https:\/\/www.gramwzielone.pl\/trendy\/20371855\/na-jakim-etapie-jest-polski-atom-od-lat-80-tych-do-lania-betonu\" target=\"_blank\" rel=\"noopener nofollow\">Od \u017barnowca do Choczewa. Tak powstaje pierwsza elektrownia j\u0105drowa w Polsce<\/a>.<\/p>\n<p>Marcin Karwowski<\/p>\n<p>marcin.karwowski@gramwzielone.pl<\/p>\n<p>\u00a9 Materia\u0142 chroniony prawem autorskim. Wszelkie prawa zastrze\u017cone. Dalsze rozpowszechnianie artyku\u0142u tylko za zgod\u0105 wydawcy E-Magazyny Sp. z o.o.<\/p>\n","protected":false},"excerpt":{"rendered":"Wiceminister klimatu i \u015brodowiska Urszula Zieli\u0144ska. Fot. Ministerstwo Klimatu i \u015arodowiska\/Flickr Rolls-Royce, dostawca technologii SMR, poinformowa\u0142 o podpisaniu&hellip;\n","protected":false},"author":2,"featured_media":668403,"comment_status":"","ping_status":"","sticky":false,"template":"","format":"standard","meta":{"footnotes":"","_share_on_mastodon":"0"},"categories":[12],"tags":[779,109023,12173,42,38,40,39,41,44781],"class_list":["post-668402","post","type-post","status-publish","format-standard","has-post-thumbnail","category-polska","tag-czechy","tag-elektrownie-jadrowe","tag-ministerstwo-klimatu-i-srodowiska","tag-pl","tag-poland","tag-polish","tag-polska","tag-polski","tag-smr"],"share_on_mastodon":{"url":"https:\/\/pubeurope.com\/@pl\/117216480146200572","error":""},"_links":{"self":[{"href":"https:\/\/www.europesays.com\/pl\/wp-json\/wp\/v2\/posts\/668402","targetHints":{"allow":["GET"]}}],"collection":[{"href":"https:\/\/www.europesays.com\/pl\/wp-json\/wp\/v2\/posts"}],"about":[{"href":"https:\/\/www.europesays.com\/pl\/wp-json\/wp\/v2\/types\/post"}],"author":[{"embeddable":true,"href":"https:\/\/www.europesays.com\/pl\/wp-json\/wp\/v2\/users\/2"}],"replies":[{"embeddable":true,"href":"https:\/\/www.europesays.com\/pl\/wp-json\/wp\/v2\/comments?post=668402"}],"version-history":[{"count":0,"href":"https:\/\/www.europesays.com\/pl\/wp-json\/wp\/v2\/posts\/668402\/revisions"}],"wp:featuredmedia":[{"embeddable":true,"href":"https:\/\/www.europesays.com\/pl\/wp-json\/wp\/v2\/media\/668403"}],"wp:attachment":[{"href":"https:\/\/www.europesays.com\/pl\/wp-json\/wp\/v2\/media?parent=668402"}],"wp:term":[{"taxonomy":"category","embeddable":true,"href":"https:\/\/www.europesays.com\/pl\/wp-json\/wp\/v2\/categories?post=668402"},{"taxonomy":"post_tag","embeddable":true,"href":"https:\/\/www.europesays.com\/pl\/wp-json\/wp\/v2\/tags?post=668402"}],"curies":[{"name":"wp","href":"https:\/\/api.w.org\/{rel}","templated":true}]}}