{"id":668412,"date":"2026-09-05T04:17:20","date_gmt":"2026-09-05T04:17:20","guid":{"rendered":"https:\/\/www.europesays.com\/pl\/668412\/"},"modified":"2026-09-05T04:17:20","modified_gmt":"2026-09-05T04:17:20","slug":"iphone-ultra-przecieki-cen-oczy-wyszly-mi-poza-orbite","status":"publish","type":"post","link":"https:\/\/www.europesays.com\/pl\/668412\/","title":{"rendered":"iPhone Ultra \u2013 przecieki cen. Oczy wysz\u0142y mi poza orbit\u0119"},"content":{"rendered":"<p class=\"lead\">Po latach d\u0142ugo oczekiwanego iPhone\u2019a ten pojawi si\u0119 raptem za kilka dni. Mowa oczywi\u015bcie o iPhone Ultra i wysz\u0142y przecieki cen oraz informacje, kiedy ruszy przedsprzeda\u017c. Natomiast ceny w zale\u017cno\u015bci od konfiguracji s\u0105 astronomiczne. Za sk\u0142adany format od Apple b\u0119dzie trzeba zap\u0142aci\u0107 dobre 12 000 z\u0142otych.<\/p>\n<ul>\n<li>iPhone Ultra zadebiutuje ju\u017c za kilka dni.<\/li>\n<li>Wyciek\u0142y ceny i termin przedsprzeda\u017cy.<\/li>\n<li>Cena mo\u017ce zwali\u0107 z n\u00f3g \u2014 za sk\u0142adanego iPhone\u2019a trzeba b\u0119dzie zap\u0142aci\u0107 nawet oko\u0142o 12 000 z\u0142.<\/li>\n<\/ul>\n<p>Ju\u017c nied\u0142ugo zadebiutuj\u0105 nowe iPhone\u2019y 18 Pro, Pro Max, a w\u015br\u00f3d nich iPhone Ultra. Jest to wielkopomna chwila w historii producenta, poniewa\u017c jest to pierwsze sk\u0142adane urz\u0105dzenie. Okazuje si\u0119, \u017ce Apple ceni je na tyle mocno, \u017ce b\u0119dzie kosztowa\u0107 tyle, co dwa standardowe flagowce.<\/p>\n<p>iPhone Ultra przecieki cen z Australii<\/p>\n<p>Wed\u0142ug \u017ar\u00f3d\u0142a iPhone Ultra zosta\u0142 zam\u00f3wiony ju\u017c w Australii, natomiast jego przedsprzeda\u017c ma si\u0119 rozpocz\u0105\u0107 12 wrze\u015bnia. Co ciekawe, przecieki potwierdzaj\u0105 r\u00f3wnie\u017c to, czy sprzeda\u017c sk\u0142adanego iPhone\u2019a odb\u0119dzie si\u0119 w tym samym czasie co premiera.<\/p>\n<p><img loading=\"lazy\" decoding=\"async\" aria-describedby=\"caption-attachment-1654271\" data-attachment-id=\"1654271\" data-permalink=\"https:\/\/www.gsmmaniak.pl\/1654239\/apple-iphone-ultra-skladany-iphone-wyglad-iphone-18-pro-max\/attachment\/apple-iphone-ultra\/\" data-orig-file=\"https:\/\/www.gsmmaniak.pl\/wp-content\/uploads\/gsmmaniak\/2026\/04\/apple-iphone-ultra.jpg\" data-orig-size=\"1024,1365\" data-comments-opened=\"0\" data-image-meta=\"[]\" data-image-title=\"apple-iphone-ultra\" data-image-description=\"\" data-image-caption=\"&lt;p&gt;Z\u0142o\u017cony Apple iPhone Ultra \/ fot. Vadim Yuryev&lt;\/p&gt;&#10;\" data-medium-file=\"https:\/\/www.europesays.com\/pl\/wp-content\/uploads\/2026\/09\/apple-iphone-ultra-medium.jpg\" data-large-file=\"https:\/\/www.gsmmaniak.pl\/wp-content\/uploads\/gsmmaniak\/2026\/04\/apple-iphone-ultra.jpg\" class=\"size-medium wp-image-1654271\" src=\"https:\/\/www.europesays.com\/pl\/wp-content\/uploads\/2026\/09\/apple-iphone-ultra-medium.jpg\" alt=\"Apple iPhone Ultra\" width=\"500\" height=\"667\"   itemprop=\"image\" \/><\/p>\n<p id=\"caption-attachment-1654271\" class=\"wp-caption-text\">Z\u0142o\u017cony Apple iPhone Ultra \/ fot. Vadim Yuryev<\/p>\n<p>Poza tym, \u017ce znana jest data przedsprzeda\u017cy, wysz\u0142y r\u00f3wnie\u017c wide\u0142ki cenowe w zale\u017cno\u015bci od konfiguracji pami\u0119ci. Natomiast ceny rodz\u0105 szereg w\u0105tpliwo\u015bci.<\/p>\n<p>Model z pami\u0119ci\u0105 256 GB zaczyna si\u0119 ju\u017c od oko\u0142o 3699 dolar\u00f3w australijskich, co daje oko\u0142o 9900 z\u0142otych. Niestety pojemno\u015b\u0107 256 GB w dzisiejszych czasach jest nieakceptowalna. Dalej mamy wariant 512 GB, kt\u00f3ry kosztuje oko\u0142o 4199 dolar\u00f3w i przek\u0142ada si\u0119 na oko\u0142o 11 200 z\u0142otych.<\/p>\n<p>Wersja na bogato, czyli 1 TB, to ju\u017c koszt 4699 dolar\u00f3w, czyli 12 500 z\u0142otych. Trzeba doda\u0107 fakt, \u017ce we wszystkich konfiguracjach jedynym wariantem pami\u0119ci RAM jest 12 GB. Jest to szale\u0144stwo, zwa\u017cywszy na to, \u017ce jeszcze miesi\u0105c temu m\u00f3wi\u0142o si\u0119 o 10 tysi\u0105cach z\u0142otych.<\/p>\n<p>W takim zestawieniu Samsung wydaje si\u0119 stosunkowo tani<\/p>\n<p>Za podstawow\u0105 wersj\u0119 <a href=\"https:\/\/www.gsmmaniak.pl\/1676841\/samsung-galaxy-z-fold8-test\/\" rel=\"nofollow noopener\" target=\"_blank\">Samsunga Galaxy Z Fold<\/a> 8 trzeba zap\u0142aci\u0107 oko\u0142o <a href=\"https:\/\/www.ceneo.pl\/198237036#pid=525\" rel=\"nofollow noopener\" target=\"_blank\">6700 z\u0142otych<\/a>, czyli za wariant 12 GB \/ 256 GB. Natomiast wersja 16 GB \/ 1 TB nie przekracza <a href=\"https:\/\/www.ceneo.pl\/198326464#pid=525\" rel=\"nofollow noopener\" target=\"_blank\">10 000 z\u0142otych<\/a>. Co dostajemy w zamian?<\/p>\n<p><a href=\"https:\/\/www.gsmmaniak.pl\/wp-content\/uploads\/gsmmaniak\/2026\/09\/Ceneo-Fold.png\" rel=\"lightbox-post4 nofollow noopener\" title=\"Galeria dla Ceneo Fold\" target=\"_blank\"><img loading=\"lazy\" decoding=\"async\" aria-describedby=\"caption-attachment-1685639\" data-attachment-id=\"1685639\" data-permalink=\"https:\/\/www.gsmmaniak.pl\/wp-content\/uploads\/gsmmaniak\/2026\/09\/Ceneo-Fold.png\" rel=\"lightbox-post4\" data-orig-file=\"https:\/\/www.gsmmaniak.pl\/wp-content\/uploads\/gsmmaniak\/2026\/09\/Ceneo-Fold.png\" data-orig-size=\"660,487\" data-comments-opened=\"1\" data-image-meta=\"[]\" data-image-title=\"Ceneo Fold\" data-image-description=\"\" data-image-caption=\"&lt;p&gt;Samsung Galaxy Z Fold 8 na ceneo\/ fot. ceneo.pl&lt;\/p&gt;&#10;\" data-medium-file=\"https:\/\/www.europesays.com\/pl\/wp-content\/uploads\/2026\/09\/Ceneo-Fold-medium.png\" data-large-file=\"https:\/\/www.gsmmaniak.pl\/wp-content\/uploads\/gsmmaniak\/2026\/09\/Ceneo-Fold.png\" class=\"size-medium wp-image-1685639\" src=\"https:\/\/www.europesays.com\/pl\/wp-content\/uploads\/2026\/09\/Ceneo-Fold-medium.png\" alt=\"\" width=\"500\" height=\"369\"   \/><\/a><\/p>\n<p id=\"caption-attachment-1685639\" class=\"wp-caption-text\">Samsung Galaxy Z Fold 8 na ceneo\/ fot. ceneo.pl<\/p>\n<p>W zamian dostajemy por\u00f3wnywaln\u0105 specyfikacj\u0119, mi\u0119dzy innymi podw\u00f3jny aparat oraz bateri\u0119 w granicach 5000 mAh. Na obron\u0119 Samsunga producent jest na tyle uprzejmy, \u017ce oferuje 16 GB RAM-u, czego w sk\u0142adanym iPhonie brak. Niemniej za kilka dni zobaczymy, jak bardzo przesadzona b\u0119dzie cena \u201enowego\u201d urz\u0105dzenia od Apple.<\/p>\n<p>\u0179r\u00f3d\u0142o: <a href=\"https:\/\/www.ceneo.pl\/198326464#pid=525\" rel=\"nofollow noopener\" target=\"_blank\">ceneo.pl<\/a>, @Saurav_DJ47, via <a href=\"https:\/\/x.com\/Saurav_DJ47\/status\/2095440884259295453\" rel=\"nofollow\">x.com<\/a>, opracowanie w\u0142asne\u00a0<\/p>\n","protected":false},"excerpt":{"rendered":"Po latach d\u0142ugo oczekiwanego iPhone\u2019a ten pojawi si\u0119 raptem za kilka dni. Mowa oczywi\u015bcie o iPhone Ultra i&hellip;\n","protected":false},"author":2,"featured_media":668413,"comment_status":"","ping_status":"","sticky":false,"template":"","format":"standard","meta":{"footnotes":"","_share_on_mastodon":"0"},"categories":[20],"tags":[120,118,119,42,38,40,39,41,116,114,115,121,117],"class_list":["post-668412","post","type-post","status-publish","format-standard","has-post-thumbnail","category-nauka-i-technika","tag-nauka","tag-nauka-i-technika","tag-naukatechnika","tag-pl","tag-poland","tag-polish","tag-polska","tag-polski","tag-science","tag-science-and-technology","tag-sciencetechnology","tag-technika","tag-technology"],"share_on_mastodon":{"url":"https:\/\/pubeurope.com\/@pl\/117216507622633757","error":""},"_links":{"self":[{"href":"https:\/\/www.europesays.com\/pl\/wp-json\/wp\/v2\/posts\/668412","targetHints":{"allow":["GET"]}}],"collection":[{"href":"https:\/\/www.europesays.com\/pl\/wp-json\/wp\/v2\/posts"}],"about":[{"href":"https:\/\/www.europesays.com\/pl\/wp-json\/wp\/v2\/types\/post"}],"author":[{"embeddable":true,"href":"https:\/\/www.europesays.com\/pl\/wp-json\/wp\/v2\/users\/2"}],"replies":[{"embeddable":true,"href":"https:\/\/www.europesays.com\/pl\/wp-json\/wp\/v2\/comments?post=668412"}],"version-history":[{"count":0,"href":"https:\/\/www.europesays.com\/pl\/wp-json\/wp\/v2\/posts\/668412\/revisions"}],"wp:featuredmedia":[{"embeddable":true,"href":"https:\/\/www.europesays.com\/pl\/wp-json\/wp\/v2\/media\/668413"}],"wp:attachment":[{"href":"https:\/\/www.europesays.com\/pl\/wp-json\/wp\/v2\/media?parent=668412"}],"wp:term":[{"taxonomy":"category","embeddable":true,"href":"https:\/\/www.europesays.com\/pl\/wp-json\/wp\/v2\/categories?post=668412"},{"taxonomy":"post_tag","embeddable":true,"href":"https:\/\/www.europesays.com\/pl\/wp-json\/wp\/v2\/tags?post=668412"}],"curies":[{"name":"wp","href":"https:\/\/api.w.org\/{rel}","templated":true}]}}