{"id":668416,"date":"2026-09-05T04:19:21","date_gmt":"2026-09-05T04:19:21","guid":{"rendered":"https:\/\/www.europesays.com\/pl\/668416\/"},"modified":"2026-09-05T04:19:21","modified_gmt":"2026-09-05T04:19:21","slug":"andrew-i-tristan-tate-z-zarzutami-w-rumunii-chodzi-o-handel-ludzmi-2","status":"publish","type":"post","link":"https:\/\/www.europesays.com\/pl\/668416\/","title":{"rendered":"Andrew i Tristan Tate z zarzutami w Rumunii. Chodzi o handel lud\u017ami"},"content":{"rendered":"<p>Wed\u0142ug \u015bledczych Andrew Tate us\u0142ysza\u0142 zarzuty gwa\u0142tu, handlu lud\u017ami, posiadania nieprzyzwoitych zdj\u0119\u0107 dziecka, tzw. ekstremalnej pornografii oraz napa\u015bci. Jego brat Tristan odpowiada za wsp\u00f3\u0142udzia\u0142 oraz \u0142\u0105cznie 17 przest\u0119pstw, w tym napa\u015b\u0107 seksualn\u0105, gwa\u0142t i handel lud\u017ami. Prokuratura podkre\u015bla, \u017ce zarzuty dotycz\u0105 siedmiu kobiet.<\/p>\n<p>Dalszy ci\u0105g artyku\u0142u pod materia\u0142em wideoDzia\u0142alno\u015b\u0107 braci Tate i wcze\u015bniejsze zarzuty<a href=\"https:\/\/www.onet.pl\/\" title=\"Strona G\u0142\u00f3wna\" aria-label=\"Strona G\u0142\u00f3wna\" data-astro-prefetch=\"tap\" class=\"ods-a-logo-main-desktop\" rel=\"nofollow noopener\" target=\"_blank\"><img src=\"https:\/\/cdn.wiadomosci.onet.pl\/img\/Logo_desktop_Onet.svg\" class=\"ods-a-logo-main-desktop__image\" alt=\"Logo\" width=\"107\" height=\"60\" fetchpriority=\"high\" decoding=\"sync\" style=\"height:60px\"\/><\/a><\/p>\n<p class=\"ods-m-google-article__text\">Czytaj nas cz\u0119\u015bciej w Google<\/p>\n<p><a href=\"https:\/\/google.com\/preferences\/source?q=onet.pl\" target=\"_blank\" rel=\"noopener noreferrer nofollow\" aria-label=\"Dodaj w Google\" title=\"Dodaj w Google\" class=\"ods-a-button ods-a-button__primary ods-a-button__default ods-a-button-l\">Dodaj w Google<\/a><\/p>\n<p>Obaj zostali zatrzymani pod koniec lipca w Miami, tu\u017c przed planowan\u0105 przez nich gal\u0105 walk. Brytyjska prokuratura ju\u017c w maju wyst\u0105pi\u0142a o ekstradycj\u0119 braci Tate, po postawieniu im 21 nowych zarzut\u00f3w. Obecnie Andrew i Tristan przebywaj\u0105 w areszcie federalnym.<\/p>\n<p><img class=\"ods-a-photo ods-a-photo--background\" src=\"https:\/\/www.europesays.com\/pl\/wp-content\/uploads\/2026\/09\/YA7k9lBaHR0cHM6Ly9vY2RuLmV1L3B1bHNjbXMvTURBXy9jOGFhZTk5ZmE5NjM0ZjIwOGY3YWExN2MyNTg2NjYzYi5qcGeRlQLNA.jpeg\" height=\"254\" width=\"450\" alt=\"Blake Lively, Justin Baldoni\" loading=\"lazy\" fetchpriority=\"low\" decoding=\"async\"\/><\/p>\n<p>Za po\u015brednictwem swojego prawnika, informowali o trudnych warunkach panuj\u0105cych w plac\u00f3wce oraz zapewniali, \u017ce nie przyznaj\u0105 si\u0119 do stawianych im zarzut\u00f3w.<\/p>\n<blockquote class=\"ods-o-quote\">\n<p class=\"ods-o-quote__paragraph\">Zbadamy ka\u017cdy aspekt oskar\u017cenia z takim samym poziomem szczeg\u00f3\u0142owo\u015bci i zakwestionujemy wszelkie braki dowodowe, proceduralne lub prawne w drodze odpowiedniego post\u0119powania s\u0105dowego. Nasi klienci nadal odrzucaj\u0105 stawiane im zarzuty<\/p>\n<\/blockquote>\n<p>\u2014 o\u015bwiadczy\u0142 Eugen Vidineac, rumu\u0144ski reprezentant prawny braci Tate.<\/p>\n<p>Bracia Tate s\u0105 znani jako liderzy tzw. manosfery \u2014 internetowych spo\u0142eczno\u015bci, kt\u00f3re kieruj\u0105 swoje tre\u015bci do m\u0142odych m\u0119\u017cczyzn i cz\u0119sto promuj\u0105 seksistowskie pogl\u0105dy. Rumu\u0144ska prokuratura ju\u017c w 2022 r. postawi\u0142a im pierwsze zarzuty, kiedy mieszkali jeszcze w Rumunii.<\/p>\n<p>Wed\u0142ug dziennika &#8222;Financial Times&#8221;, w 2025 r. administracja prezydenta USA <a href=\"https:\/\/plejada.pl\/temat\/donald-trump-prezydent-usa\/tfyb98s\" id=\"dcfb0069-59ce-44d7-95c4-0dd97a269eb2\" rel=\"nofollow noopener\" target=\"_blank\">Donalda Trumpa<\/a> mia\u0142a naciska\u0107 na rumu\u0144skie w\u0142adze, by zwr\u00f3ci\u0142y braciom paszporty i umo\u017cliwi\u0142y ich wyjazd z kraju. Po zniesieniu zakazu, bracia Tate opu\u015bcili Rumuni\u0119 i udali si\u0119 do Stan\u00f3w Zjednoczonych.<img class=\"ods-a-photo ods-a-photo--background\" src=\"https:\/\/www.europesays.com\/pl\/wp-content\/uploads\/2026\/09\/5b3k9lBaHR0cHM6Ly9vY2RuLmV1L3B1bHNjbXMvTURBXy82Nzc3ZjcyMjRlYzdhMGYxNjI3M2I2YjM3ZjI0OTA2Ny5wbmeRkwXNB.jpeg\" height=\"530\" width=\"940\" alt=\"Andrew Tate, Tristan Tate, Donald Trump\" loading=\"lazy\" fetchpriority=\"auto\" decoding=\"auto\" url=\"https:\/\/ocdn.eu\/pulscms\/MDA_\/6777f7224ec7a0f16273b6b37f249067.png\" description=\"Andrew Tate, Tristan Tate, Donald Trump\" author=\"UkrPictures, LCV \/ Shutterstock\" source=\"\" link=\"\"\/><\/p>\n<p>UkrPictures, LCV \/ Shutterstock<\/p>\n<p>Andrew Tate, Tristan Tate, Donald Trump<\/p>\n<p>Dzi\u0119kujemy, \u017ce przeczyta\u0142a\u015b\/e\u015b nasz artyku\u0142 do ko\u0144ca. W serwisie Plejada.pl ka\u017cdego dnia piszemy o najwa\u017cniejszych wydarzeniach show-biznesowych. B\u0105d\u017a na bie\u017c\u0105co!<a rel=\"nofollow noopener\" href=\"https:\/\/profile.google.com\/cp\/Cg0vZy8xMWJ6X19wdHBx\" id=\"42ed36d3-6781-483d-b745-5d5d38b56d79\" target=\"_blank\"> Obserwuj<\/a> Plejad\u0119 w Google. Odwied\u017a nas tak\u017ce na<a rel=\"nofollow noopener\" href=\"https:\/\/www.facebook.com\/plejadapl\" id=\"1e6adf67-480a-4c52-8fd8-8469745634ef\" target=\"_blank\"> Facebooku<\/a>,<a rel=\"nofollow noopener\" href=\"https:\/\/www.instagram.com\/plejadapl\/\" id=\"07494750-6186-4478-8d45-1993bab74a32\" target=\"_blank\"> Instagramie<\/a>,<a rel=\"nofollow noopener\" href=\"https:\/\/www.youtube.com\/c\/plejada\" id=\"f6ebb29a-50c5-43d5-991a-b345ba6b2264\" target=\"_blank\"> YouTubie<\/a> oraz<a rel=\"nofollow noopener\" href=\"https:\/\/www.tiktok.com\/@plejada_pl\" id=\"aa197ed6-ded8-4530-8b4e-c39836813262\" target=\"_blank\"> TikToku<\/a>.Chcesz podzieli\u0107 si\u0119 ciekawym newsem lub zaproponowa\u0107 temat? Skontaktuj si\u0119 z nami, pisz\u0105c maila na adres: <a rel=\"nofollow noopener\" href=\"https:\/\/www.onet.pl\/styl-zycia\/plejada\/andrew-i-tristan-tate-z-zarzutami-w-rumunii-chodzi-o-handel-ludzmi\/mailto:plejada@redakcjaonet.pl\" id=\"7ebfb6c0-b6a7-4414-8d63-e19b597dee76\" target=\"_blank\">plejada@redakcjaonet.pl<\/a>.<script async src=\"\/\/www.instagram.com\/embed.js\"><\/script><script async src=\"\/\/www.tiktok.com\/embed.js\"><\/script><\/p>\n","protected":false},"excerpt":{"rendered":"Wed\u0142ug \u015bledczych Andrew Tate us\u0142ysza\u0142 zarzuty gwa\u0142tu, handlu lud\u017ami, posiadania nieprzyzwoitych zdj\u0119\u0107 dziecka, tzw. ekstremalnej pornografii oraz napa\u015bci.&hellip;\n","protected":false},"author":2,"featured_media":668417,"comment_status":"","ping_status":"","sticky":false,"template":"","format":"standard","meta":{"footnotes":"","_share_on_mastodon":"0"},"categories":[14],"tags":[61195,32,33,27,34,35,28,31,48,25,125,46,55,40,41,412,542,47,80,29,30,26,82,83,84],"class_list":["post-668416","post","type-post","status-publish","format-standard","has-post-thumbnail","category-swiat","tag-bottomfeed_styl","tag-breaking-news","tag-breakingnews","tag-headlines","tag-latest-news","tag-latestnews","tag-naglowki","tag-najwazniejsze-artykuly","tag-nat_styl","tag-news","tag-newsy","tag-omp","tag-phx","tag-polish","tag-polski","tag-prawo_sady_prawnicy","tag-rumunia","tag-screening_general","tag-swiat","tag-top-stories","tag-topstories","tag-wiadomosci","tag-world","tag-world-news","tag-worldnews"],"share_on_mastodon":{"url":"https:\/\/pubeurope.com\/@pl\/117216515258248004","error":""},"_links":{"self":[{"href":"https:\/\/www.europesays.com\/pl\/wp-json\/wp\/v2\/posts\/668416","targetHints":{"allow":["GET"]}}],"collection":[{"href":"https:\/\/www.europesays.com\/pl\/wp-json\/wp\/v2\/posts"}],"about":[{"href":"https:\/\/www.europesays.com\/pl\/wp-json\/wp\/v2\/types\/post"}],"author":[{"embeddable":true,"href":"https:\/\/www.europesays.com\/pl\/wp-json\/wp\/v2\/users\/2"}],"replies":[{"embeddable":true,"href":"https:\/\/www.europesays.com\/pl\/wp-json\/wp\/v2\/comments?post=668416"}],"version-history":[{"count":0,"href":"https:\/\/www.europesays.com\/pl\/wp-json\/wp\/v2\/posts\/668416\/revisions"}],"wp:featuredmedia":[{"embeddable":true,"href":"https:\/\/www.europesays.com\/pl\/wp-json\/wp\/v2\/media\/668417"}],"wp:attachment":[{"href":"https:\/\/www.europesays.com\/pl\/wp-json\/wp\/v2\/media?parent=668416"}],"wp:term":[{"taxonomy":"category","embeddable":true,"href":"https:\/\/www.europesays.com\/pl\/wp-json\/wp\/v2\/categories?post=668416"},{"taxonomy":"post_tag","embeddable":true,"href":"https:\/\/www.europesays.com\/pl\/wp-json\/wp\/v2\/tags?post=668416"}],"curies":[{"name":"wp","href":"https:\/\/api.w.org\/{rel}","templated":true}]}}