{"id":668422,"date":"2026-09-05T04:22:15","date_gmt":"2026-09-05T04:22:15","guid":{"rendered":"https:\/\/www.europesays.com\/pl\/668422\/"},"modified":"2026-09-05T04:22:15","modified_gmt":"2026-09-05T04:22:15","slug":"szymon-holownia-z-teka-wicepremiera-huczy-od-spekulacji-tusk-go-sponiewieral-wprost","status":"publish","type":"post","link":"https:\/\/www.europesays.com\/pl\/668422\/","title":{"rendered":"Szymon Ho\u0142ownia z tek\u0105 wicepremiera? Huczy od spekulacji. \u201eTusk go sponiewiera\u0142\u201d \u2013 Wprost"},"content":{"rendered":"\n<p>&#13;<br \/>\nDwa starty w\u00a0wyborach prezydenckich, obj\u0119cie stanowiska marsza\u0142ka Sejmu, a\u00a0potem przekazanie go\u00a0\u2013 na\u00a0mocy umowy koalicyjnej \u2013\u00a0W\u0142odzimierzowi Czarzastemu. Do\u00a0tego koniec szefowania w\u00a0Polsce 2050 i\u00a0fiasko w\u00a0staraniu si\u0119 o\u00a0mi\u0119dzynarodowe stanowisko wysokiego komisarza Organizacji Narod\u00f3w Zjednoczonych ds. uchod\u017ac\u00f3w \u2013\u00a0tak mo\u017cna by\u0142oby w\u00a0skr\u00f3cie opisa\u0107 kilka ostatnich lat Szymona Ho\u0142owni. &#13;\n<\/p>\n<p>Szymon Ho\u0142ownia wicepremierem w\u00a0rz\u0105dzie Donalda Tuska? Huczy od\u00a0spekulacji<\/p>\n<p>&#13;<br \/>\nI gdy wydawa\u0142o si\u0119, \u017ce\u00a0Ho\u0142ownia przejdzie na\u00a0polityczn\u0105 emerytur\u0119, nast\u0105pi\u0142 zwrot. Na\u00a0stole pojawi\u0142 si\u0119 scenariusz, kt\u00f3ry wskazuje na\u00a0to, \u017ce\u00a0wicemarsza\u0142ek Sejmu nie\u00a0tylko nie\u00a0planuje zako\u0144czy\u0107 swojej dzia\u0142alno\u015bci, ale\u00a0chce si\u0119gn\u0105\u0107 po\u00a0wi\u0119cej. W\u015br\u00f3d spekulacji medialnych m\u00f3wi si\u0119 o\u00a0tym, \u017ce\u00a0<a href=\"https:\/\/www.wprost.pl\/polityka\/12410094\/szymon-holownia-wicepremierem-w-rzadzie-donalda-tuska-dziwna-sytuacja-powiem-szczerze.html\" target=\"_blank\" rel=\"nofollow noopener\">Szymon Ho\u0142ownia mia\u0142by zosta\u0107 wicepremierem i\u00a0ministrem kultury<\/a>, ale\u00a0wcze\u015bniej mia\u0142by ponownie stan\u0105\u0107 na\u00a0czele Polski 2050 (obecnie t\u0119\u00a0funkcj\u0119 sprawuje Katarzyna Pe\u0142czy\u0144ska-Na\u0142\u0119cz). &#13;\n<\/p>\n<p>&#13;<br \/>\n<img decoding=\"async\" alt=\"\" src=\"https:\/\/www.europesays.com\/pl\/wp-content\/uploads\/2026\/09\/1788582135_351_player-ratio.png\"\/>&#13;\n<\/p>\n<p>&#13;<br \/>\nSam Ho\u0142ownia poinformowa\u0142, \u017ce\u00a0nie dosta\u0142 propozycji obj\u0119cia stanowiska w\u00a0rz\u0105dzie i\u00a0zapewni\u0142, \u017ce\u00a0nie zabiega o\u00a0tak\u0105 funkcj\u0119. Jednocze\u015bnie zastrzeg\u0142, \u017ce\u00a0je\u017celi pojawi\u0142aby si\u0119 taka wola zar\u00f3wno ze\u00a0strony koalicjant\u00f3w, jak i\u00a0jego ugrupowania, to\u00a0jest otwarty na\u00a0r\u00f3\u017cnego rodzaju propozycje. Wspomnia\u0142 te\u017c, \u017ce\u00a0w\u00a0czasie rozmowy z\u00a0Donaldem Tuskiem przewin\u0105\u0142 si\u0119 w\u0105tek tego, \u017ce\u00a0Polska i\u00a0rz\u0105d potrzebuj\u0105 kogo\u015b, kto \u201eb\u0119dzie koordynowa\u0142 bezpiecze\u0144stwo informacyjne\u201d. &#13;\n<\/p>\n<p>Co dalej z\u00a0Ho\u0142owni\u0105? \u201eNa\u00a0pewien czas sobie odpu\u015bci\u0142\u201d<\/p>\n","protected":false},"excerpt":{"rendered":"&#13; Dwa starty w\u00a0wyborach prezydenckich, obj\u0119cie stanowiska marsza\u0142ka Sejmu, a\u00a0potem przekazanie go\u00a0\u2013 na\u00a0mocy umowy koalicyjnej \u2013\u00a0W\u0142odzimierzowi Czarzastemu. Do\u00a0tego&hellip;\n","protected":false},"author":2,"featured_media":668423,"comment_status":"","ping_status":"","sticky":false,"template":"","format":"standard","meta":{"footnotes":"","_share_on_mastodon":"0"},"categories":[62713],"tags":[1345,49,64711,129710,59734,907,3512,5978,72297,9384,79272,65514,43315],"class_list":["post-668422","post","type-post","status-publish","format-standard","has-post-thumbnail","category-donald-tusk","tag-donald-tusk","tag-kraj","tag-magdalena-frindt","tag-ociepa","tag-opinie-i-komentarze","tag-polityka","tag-premium","tag-sawicki","tag-szczucki","tag-szymon-holownia","tag-tomasz-stankiewicz","tag-tylko-u-nas","tag-wprost"],"share_on_mastodon":{"url":"https:\/\/pubeurope.com\/@pl\/117216526145244956","error":""},"_links":{"self":[{"href":"https:\/\/www.europesays.com\/pl\/wp-json\/wp\/v2\/posts\/668422","targetHints":{"allow":["GET"]}}],"collection":[{"href":"https:\/\/www.europesays.com\/pl\/wp-json\/wp\/v2\/posts"}],"about":[{"href":"https:\/\/www.europesays.com\/pl\/wp-json\/wp\/v2\/types\/post"}],"author":[{"embeddable":true,"href":"https:\/\/www.europesays.com\/pl\/wp-json\/wp\/v2\/users\/2"}],"replies":[{"embeddable":true,"href":"https:\/\/www.europesays.com\/pl\/wp-json\/wp\/v2\/comments?post=668422"}],"version-history":[{"count":0,"href":"https:\/\/www.europesays.com\/pl\/wp-json\/wp\/v2\/posts\/668422\/revisions"}],"wp:featuredmedia":[{"embeddable":true,"href":"https:\/\/www.europesays.com\/pl\/wp-json\/wp\/v2\/media\/668423"}],"wp:attachment":[{"href":"https:\/\/www.europesays.com\/pl\/wp-json\/wp\/v2\/media?parent=668422"}],"wp:term":[{"taxonomy":"category","embeddable":true,"href":"https:\/\/www.europesays.com\/pl\/wp-json\/wp\/v2\/categories?post=668422"},{"taxonomy":"post_tag","embeddable":true,"href":"https:\/\/www.europesays.com\/pl\/wp-json\/wp\/v2\/tags?post=668422"}],"curies":[{"name":"wp","href":"https:\/\/api.w.org\/{rel}","templated":true}]}}