{"id":668436,"date":"2026-09-05T04:35:15","date_gmt":"2026-09-05T04:35:15","guid":{"rendered":"https:\/\/www.europesays.com\/pl\/668436\/"},"modified":"2026-09-05T04:35:15","modified_gmt":"2026-09-05T04:35:15","slug":"przeglad-prasy-gdansk-5-09-najwazniejsze-doniesienia-prasowe-z-piatku","status":"publish","type":"post","link":"https:\/\/www.europesays.com\/pl\/668436\/","title":{"rendered":"Przegl\u0105d prasy Gda\u0144sk (5.09). Najwa\u017cniejsze doniesienia prasowe z pi\u0105tku"},"content":{"rendered":"<p><img decoding=\"async\" loading=\"eager\" fetchpriority=\"high\" class=\"atomsArticleGalleryImage__mainImg\" src=\"https:\/\/www.europesays.com\/pl\/wp-content\/uploads\/2026\/09\/il20260624_970030613_medium.jpg\" alt=\"Pora na przegl&#x105;d prasy? Z nami wczorajsz&#x105; pras&#xF3;wk&#x119; regionaln&#x105; z pi&#x105;tku zrobisz najszybciej.\" width=\"1920\" height=\"1280\"\/><\/p>\n<p>\n        Pora na przegl\u0105d prasy? Z nami wczorajsz\u0105 pras\u00f3wk\u0119 regionaln\u0105 z pi\u0105tku zrobisz najszybciej.<\/p>\n<p>          fot. Manu Vega\/ Getty Images\n        <\/p>\n<p>Przygotowali\u015bmy dla Ciebie porann\u0105 pras\u00f3wk\u0119. Zobacz artyku\u0142y, kt\u00f3re nasi czytelnicy czytali najch\u0119tniej wczoraj, 4.09, w Gda\u0144sku. Sprawd\u017a, czy nie min\u0119\u0142o Ci\u0119 nic wa\u017cnego. Czy czyta\u0142e\u015b artyku\u0142: \u201e5. edycja \u015awiat\u0142oSi\u0142y rozpocz\u0119\u0142a si\u0119 w Stoczni Gda\u0144skiej!\u201d?<\/p>\n","protected":false},"excerpt":{"rendered":"Pora na przegl\u0105d prasy? Z nami wczorajsz\u0105 pras\u00f3wk\u0119 regionaln\u0105 z pi\u0105tku zrobisz najszybciej. fot. Manu Vega\/ Getty Images&hellip;\n","protected":false},"author":2,"featured_media":668437,"comment_status":"","ping_status":"","sticky":false,"template":"","format":"standard","meta":{"footnotes":"","_share_on_mastodon":"0"},"categories":[51610],"tags":[1048,42,38,40,39,41,74764,74763],"class_list":["post-668436","post","type-post","status-publish","format-standard","has-post-thumbnail","category-gdansk","tag-gdansk","tag-pl","tag-poland","tag-polish","tag-polska","tag-polski","tag-przeglad-prasy","tag-wiadomosci-z-kraju"],"share_on_mastodon":{"url":"https:\/\/pubeurope.com\/@pl\/117216578228245356","error":""},"_links":{"self":[{"href":"https:\/\/www.europesays.com\/pl\/wp-json\/wp\/v2\/posts\/668436","targetHints":{"allow":["GET"]}}],"collection":[{"href":"https:\/\/www.europesays.com\/pl\/wp-json\/wp\/v2\/posts"}],"about":[{"href":"https:\/\/www.europesays.com\/pl\/wp-json\/wp\/v2\/types\/post"}],"author":[{"embeddable":true,"href":"https:\/\/www.europesays.com\/pl\/wp-json\/wp\/v2\/users\/2"}],"replies":[{"embeddable":true,"href":"https:\/\/www.europesays.com\/pl\/wp-json\/wp\/v2\/comments?post=668436"}],"version-history":[{"count":0,"href":"https:\/\/www.europesays.com\/pl\/wp-json\/wp\/v2\/posts\/668436\/revisions"}],"wp:featuredmedia":[{"embeddable":true,"href":"https:\/\/www.europesays.com\/pl\/wp-json\/wp\/v2\/media\/668437"}],"wp:attachment":[{"href":"https:\/\/www.europesays.com\/pl\/wp-json\/wp\/v2\/media?parent=668436"}],"wp:term":[{"taxonomy":"category","embeddable":true,"href":"https:\/\/www.europesays.com\/pl\/wp-json\/wp\/v2\/categories?post=668436"},{"taxonomy":"post_tag","embeddable":true,"href":"https:\/\/www.europesays.com\/pl\/wp-json\/wp\/v2\/tags?post=668436"}],"curies":[{"name":"wp","href":"https:\/\/api.w.org\/{rel}","templated":true}]}}