{"id":668442,"date":"2026-09-05T04:40:49","date_gmt":"2026-09-05T04:40:49","guid":{"rendered":"https:\/\/www.europesays.com\/pl\/668442\/"},"modified":"2026-09-05T04:40:49","modified_gmt":"2026-09-05T04:40:49","slug":"wroclaw-wprowadza-nowe-bilety-komunikacji-miejskiej","status":"publish","type":"post","link":"https:\/\/www.europesays.com\/pl\/668442\/","title":{"rendered":"Wroc\u0142aw wprowadza nowe bilety komunikacji miejskiej"},"content":{"rendered":"<p>Oferta Urbancard dla biznesu ma dotyczy\u0107 imiennych bilet\u00f3w 30-, 180- lub 360- dniowych. W zale\u017cno\u015bci od wielko\u015bci zakup\u00f3w firmy dostan\u0105 na nie od 5 do 15 procent rabatu. W odr\u00f3\u017cnieniu od obowi\u0105zuj\u0105cych dzi\u015b zni\u017cek w ramach programu Nasz Wroc\u0142aw, nikt nie b\u0119dzie weryfikowa\u0142, czy dana osoba p\u0142aci w mie\u015bcie podatki. Zni\u017cka b\u0119dzie przyznana automatycznie po podpisaniu przez firm\u0119 umowy z miastem. Za bilety maj\u0105 p\u0142aci\u0107 nie sami pasa\u017cerowie, ale zatrudniaj\u0105ce ich firmy czy instytucje. Zasada ma by\u0107 podobna, jak przy pakietach medycznych czy sportowych.\\<\/p>\n<p>&#8211;\u00a0W 2021 roku wdro\u017cono nowe rozwi\u0105zanie skierowane do wroc\u0142awskich podatnik\u00f3w, u\u017cytkownik\u00f3w programu Nasz Wroc\u0142aw, obejmuj\u0105ce mo\u017cliwo\u015b\u0107 zakupu bilet\u00f3w okresowych imiennych w nowej taryfie. Rozwi\u0105zanie to zosta\u0142o pozytywnie ocenione przez mieszka\u0144c\u00f3w. Obecnie proponowana taryfa \u201eURBNCARD dla biznesu\u201d jest rozwini\u0119ciem pierwotnego pomys\u0142u preferencyjnych cen bilet\u00f3w okresowych imiennych dla konkretnych grup pasa\u017cer\u00f3w, w tym przypadku pomys\u0142 ten jest skierowany do szerokiego grona pracodawc\u00f3w, przedsi\u0119biorc\u00f3w, zar\u00f3wno z sektora du\u017cych, jak i ma\u0142ych i \u015brednich firm &#8211; czytamy w przygotowanym przez Paulin\u0119 Tyniec &#8211; Piszcz, szefow\u0105 Departamentu Infrastruktury i Transportu\u00a0uzasadnieniu projektu uchwa\u0142y, kt\u00f3rym Rada Miejska Wroc\u0142awia ma si\u0119 zaj\u0105\u0107 jesieni\u0105.<\/p>\n<p>Nowe bilety maj\u0105 by\u0107 dost\u0119pne od 1 stycznia 2027. &#8211;\u00a0Wysoko\u015b\u0107 rabatu uwzgl\u0119dniona w proponowanej nowej taryfie uzale\u017cniona b\u0119dzie od miesi\u0119cznej warto\u015bci zakupu bilet\u00f3w\u00a0i wyniesie odpowiednio 5%, 10% lub 15% &#8211; t\u0142umaczy ratusz.\u00a0<\/p>\n<p>Ile maj\u0105 kosztowa\u0107 nowe bilety?<\/p>\n<p>PRZY ZAKUPACH DO 9999 z\u0142 MIESI\u0118CZNIE<\/p>\n<p>\tbilet 30-dniowy na wszystkie linie<br \/>\n\tnormalny &#8211; 105 z\u0142<br \/>\n\tulgowy &#8211; 52,50 z\u0142<br \/>\n\tbilet 180-dniowy na wszystkie linie<br \/>\n\tnormalny &#8211; 532 z\u0142<br \/>\n\tulgowy &#8211; 266 z\u0142<br \/>\n\tbilet 365-dniowy na wszystkie linie<br \/>\n\tnormalny &#8211; 998 z\u0142<br \/>\n\tulgowy &#8211; 449 z\u0142<\/p>\n<p>PRZY ZAKUPWACH ZA 10000 &#8211; 14999 z\u0142 MIESI\u0118CZNIE<\/p>\n<p>\tbilet 30-dniowy na wszystkie linie<br \/>\n\tnormalny &#8211; 99 z\u0142<br \/>\n\tulgowy &#8211; 49,50 z\u0142<br \/>\n\tbilet 180-dniowy na wszystkie linie<br \/>\n\tnormalny &#8211; 504 z\u0142<br \/>\n\tulgowy &#8211; 252 z\u0142<br \/>\n\tbilet 365-dniowy na wszystkie linie<br \/>\n\tnormalny &#8211; 945 z\u0142<br \/>\n\tulgowy &#8211; 472,50 z\u0142<\/p>\n<p>PRZY ZAKUPACH POWY\u017bEJ 15000 z\u0142 MIESI\u0118CZNIE<\/p>\n<p>\tbilet 30-dniowy na wszystkie linie<br \/>\n\tnormalny &#8211; 94 z\u0142<br \/>\n\tulgowy &#8211; 47 z\u0142<br \/>\n\tbilet 180-dniowy na wszystkie linie<br \/>\n\tnormalny &#8211; 476 z\u0142<br \/>\n\tulgowy &#8211; 238 z\u0142<br \/>\n\tbilet 365-dniowy na wszystkie linie<br \/>\n\tnormalny &#8211; 893 z\u0142<br \/>\n\tulgowy &#8211; 446,50 z\u0142<\/p>\n<p>                                                                                                                                                                                                        ]]><\/p>\n","protected":false},"excerpt":{"rendered":"Oferta Urbancard dla biznesu ma dotyczy\u0107 imiennych bilet\u00f3w 30-, 180- lub 360- dniowych. W zale\u017cno\u015bci od wielko\u015bci zakup\u00f3w&hellip;\n","protected":false},"author":2,"featured_media":668443,"comment_status":"","ping_status":"","sticky":false,"template":"","format":"standard","meta":{"footnotes":"","_share_on_mastodon":"0"},"categories":[51607],"tags":[42,38,40,39,41,1853],"class_list":["post-668442","post","type-post","status-publish","format-standard","has-post-thumbnail","category-wroclaw","tag-pl","tag-poland","tag-polish","tag-polska","tag-polski","tag-wroclaw"],"share_on_mastodon":{"url":"https:\/\/pubeurope.com\/@pl\/117216600565821004","error":""},"_links":{"self":[{"href":"https:\/\/www.europesays.com\/pl\/wp-json\/wp\/v2\/posts\/668442","targetHints":{"allow":["GET"]}}],"collection":[{"href":"https:\/\/www.europesays.com\/pl\/wp-json\/wp\/v2\/posts"}],"about":[{"href":"https:\/\/www.europesays.com\/pl\/wp-json\/wp\/v2\/types\/post"}],"author":[{"embeddable":true,"href":"https:\/\/www.europesays.com\/pl\/wp-json\/wp\/v2\/users\/2"}],"replies":[{"embeddable":true,"href":"https:\/\/www.europesays.com\/pl\/wp-json\/wp\/v2\/comments?post=668442"}],"version-history":[{"count":0,"href":"https:\/\/www.europesays.com\/pl\/wp-json\/wp\/v2\/posts\/668442\/revisions"}],"wp:featuredmedia":[{"embeddable":true,"href":"https:\/\/www.europesays.com\/pl\/wp-json\/wp\/v2\/media\/668443"}],"wp:attachment":[{"href":"https:\/\/www.europesays.com\/pl\/wp-json\/wp\/v2\/media?parent=668442"}],"wp:term":[{"taxonomy":"category","embeddable":true,"href":"https:\/\/www.europesays.com\/pl\/wp-json\/wp\/v2\/categories?post=668442"},{"taxonomy":"post_tag","embeddable":true,"href":"https:\/\/www.europesays.com\/pl\/wp-json\/wp\/v2\/tags?post=668442"}],"curies":[{"name":"wp","href":"https:\/\/api.w.org\/{rel}","templated":true}]}}