{"id":668470,"date":"2026-09-05T04:56:43","date_gmt":"2026-09-05T04:56:43","guid":{"rendered":"https:\/\/www.europesays.com\/pl\/668470\/"},"modified":"2026-09-05T04:56:43","modified_gmt":"2026-09-05T04:56:43","slug":"nowe-swiadczenie-nawet-4700-zl-dla-uczniow-szkol-ponadpodstawowych-prezydent-karol-nawrocki-spelnia-jedna-ze-swoich-obietnic-wyborczych","status":"publish","type":"post","link":"https:\/\/www.europesays.com\/pl\/668470\/","title":{"rendered":"Nowe \u015bwiadczenie nawet 4700 z\u0142 dla uczni\u00f3w szk\u00f3\u0142 ponadpodstawowych. Prezydent Karol Nawrocki spe\u0142nia jedn\u0105 ze swoich obietnic wyborczych"},"content":{"rendered":"<p>Aktualnie, z bezp\u0142atnych lekcji nauki jazdy \u2013 w formie zaj\u0119\u0107 szkolnych, a nie kursu w O\u015brodku Szkolenia Kierowc\u00f3w (OSK) \u2013 mog\u0105 skorzysta\u0107 uczniowie przygotowuj\u0105cy si\u0119 do niekt\u00f3rych zawod\u00f3w z bran\u017cy motoryzacyjnej, ogrodniczej, rolno-hodowlanej i transportu drogowego. Nie ka\u017cdy ucze\u0144 szko\u0142y ponadpodstawowej mo\u017ce zatem liczy\u0107 na \u201eluksus\u201d w postaci darmowego kursu na prawo jazdy. Zmiany w tym zakresie \u2013 w postaci nowego programu, nad kt\u00f3rego za\u0142o\u017ceniami pracuje obecnie dzia\u0142aj\u0105ca przy Prezydencie Rada ds. M\u0142odzie\u017cy \u2013 Karol Nawrocki zapowiedzia\u0142 podczas briefingu prasowego w Juracie, kt\u00f3ry mia\u0142 miejsce w dniu 29 sierpnia br.<\/p>\n<p>    Bezp\u0142atne lekcje nauki jazdy dla uczni\u00f3w szk\u00f3\u0142 ponadpodstawowych \u2013 komu przys\u0142uguj\u0105, zgodnie z obecnie obowi\u0105zuj\u0105cymi przepisami?<\/p>\n<p>Aktualnie, z bezp\u0142atnych lekcji nauki jazdy \u2013 w formie zaj\u0119\u0107 szkolnych, a nie kursu w O\u015brodku Szkolenia Kierowc\u00f3w (OSK) \u2013 mog\u0105 skorzysta\u0107 uczniowie przygotowuj\u0105cy si\u0119 do niekt\u00f3rych zawod\u00f3w z bran\u017cy motoryzacyjnej, ogrodniczej, rolno-hodowlanej i transportu drogowego. Zgodnie z rozporz\u0105dzeniem Ministra Edukacji Narodowej z dnia 16 maja 2019 r. w sprawie podstaw programowych kszta\u0142cenia w zawodach szkolnictwa bran\u017cowego oraz dodatkowych umiej\u0119tno\u015bci zawodowych w zakresie wybranych zawod\u00f3w szkolnictwa bran\u017cowego:<\/p>\n<p>szko\u0142a bran\u017cowa, przygotowuj\u0105ca do zawod\u00f3w:elektromechanika pojazd\u00f3w samochodowych,mechanika pojazd\u00f3w samochodowych,technika elektromobilno\u015bci oraztechnika pojazd\u00f3w samochodowych,<\/p>\n<p style=\"margin-left: 40px;\">zobowi\u0105zana jest zapewni\u0107 \u2013 w ramach zaj\u0119\u0107 indywidualnych z uczniem \u2013 nauk\u0119 jazdy w zakresie kategorii B, zgodnie z przepisami dotycz\u0105cymi kieruj\u0105cych pojazdami. Po odbyciu ww. zaj\u0119\u0107 ucze\u0144 ma by\u0107 \u201eprzygotowywany do kierowania pojazdem silnikowym oraz do egzaminu pa\u0144stwowego na prawo jazdy odpowiedniej kategorii zgodnie z przepisami dotycz\u0105cymi kieruj\u0105cych pojazdami.\u201d (zgodnie z za\u0142\u0105cznikiem nr 17 do ww. rozporz\u0105dzenia MEN);<\/p>\n<p>szko\u0142a bran\u017cowa, przygotowuj\u0105ca do zawodu:ogrodnika teren\u00f3w zieleni oraztechnika architektury krajobrazu i arborystyki,<\/p>\n<p style=\"margin-left: 40px;\">zobowi\u0105zana jest zapewni\u0107 \u2013 w ramach zaj\u0119\u0107 indywidualnych z uczniem \u2013 nauk\u0119 jazdy w zakresie kategorii B, zgodnie z przepisami dotycz\u0105cymi kieruj\u0105cych pojazdami. Po odbyciu ww. zaj\u0119\u0107 ucze\u0144 ma by\u0107 \u201eprzygotowywany do kierowania pojazdem silnikowym oraz do egzaminu pa\u0144stwowego na prawo jazdy odpowiedniej kategorii zgodnie z przepisami dotycz\u0105cymi kieruj\u0105cych pojazdami.\u201d (zgodnie z za\u0142\u0105cznikiem nr 19 do ww. rozporz\u0105dzenia MEN);<\/p>\n<p>szko\u0142a bran\u017cowa, przygotowuj\u0105ca do zawodu:mechanika-operatora pojazd\u00f3w i maszyn rolniczych oraztechnika mechanizacji rolnictwa i agrotechniki,<\/p>\n<p style=\"margin-left: 40px;\">zobowi\u0105zana jest zapewni\u0107 \u2013 w ramach zaj\u0119\u0107 indywidualnych z uczniem \u2013 nauk\u0119 jazdy w zakresie kategorii B i T, zgodnie z przepisami dotycz\u0105cymi kieruj\u0105cych pojazdami. Po odbyciu ww. zaj\u0119\u0107 ucze\u0144 ma by\u0107 \u201eprzygotowywany do kierowania pojazdem silnikowym oraz do egzaminu pa\u0144stwowego na prawo jazdy odpowiedniej kategorii zgodnie z przepisami dotycz\u0105cymi kieruj\u0105cych pojazdami\u201d; i ponadto \u2013 przygotowuj\u0105c do zawodu:<\/p>\n<p style=\"margin-left: 40px;\">szko\u0142a zobowi\u0105zana jest zapewni\u0107 \u2013 w ramach zaj\u0119\u0107 indywidualnych z uczniem \u2013 nauk\u0119 jazdy w zakresie kategorii B, zgodnie z przepisami dotycz\u0105cymi kieruj\u0105cych pojazdami. Po odbyciu ww. zaj\u0119\u0107 ucze\u0144 ma by\u0107 \u201eprzygotowywany do kierowania pojazdem silnikowym oraz do egzaminu pa\u0144stwowego na prawo jazdy odpowiedniej kategorii zgodnie z przepisami dotycz\u0105cymi kieruj\u0105cych pojazdami.\u201d (zgodnie z za\u0142\u0105cznikiem nr 24 do ww. rozporz\u0105dzenia MEN);<\/p>\n<p>Dalszy ci\u0105g materia\u0142u pod wideo<\/p>\n<p>szko\u0142a bran\u017cowa, przygotowuj\u0105ca do zawodu:kierowcy mechanika oraztechnika transportu drogowego<\/p>\n<p style=\"margin-left: 40px;\">zobowi\u0105zana jest zapewni\u0107 \u2013 w ramach zaj\u0119\u0107 indywidualnych z uczniem \u2013 nauk\u0119 jazdy w zakresie kategorii B, C i C+E, zgodnie z przepisami dotycz\u0105cymi kieruj\u0105cych pojazdami oraz doskonalenie techniki jazdy zgodnie z przepisami o transporcie drogowym. Po odbyciu ww. zaj\u0119\u0107 ucze\u0144 ma by\u0107 \u201eprzygotowywany do kierowania pojazdem silnikowym oraz do egzaminu pa\u0144stwowego na prawo jazdy kategorii B, C i C+E zgodnie z przepisami dotycz\u0105cymi kieruj\u0105cych pojazdami.\u201d (zgodnie z za\u0142\u0105cznikiem nr 29 do ww. rozporz\u0105dzenia MEN).<\/p>\n<p>Przywo\u0142ane powy\u017cej za\u0142\u0105czniki do rozporz\u0105dzenia MEN okre\u015blaj\u0105 podstawy programowe kszta\u0142cenia w poszczeg\u00f3lnych zawodach. Zgodnie z art. 14 ust. 1 pkt 1 oraz pkt 4 lit. a ustawy z dnia 14 grudnia 2016 r. \u2013 Prawo o\u015bwiatowe natomiast \u2013 szko\u0142a zobowi\u0105zana jest zapewni\u0107 bezp\u0142atne nauczanie w zakresie ramowych plan\u00f3w nauczania oraz realizowa\u0107 programy nauczania uwzgl\u0119dniaj\u0105ce podstaw\u0119 programow\u0105 kszta\u0142cenia og\u00f3lnego, a w przypadku szko\u0142y prowadz\u0105cej kszta\u0142cenie zawodowe \u2013 r\u00f3wnie\u017c podstawy programowe kszta\u0142cenia w zawodach szkolnictwa bran\u017cowego albo podstawy programowe kszta\u0142cenia w zawodach szkolnictwa artystycznego. Ww. przepisy s\u0105 podstaw\u0119 bezp\u0142atno\u015bci zaj\u0119\u0107 nauki jazdy w ramach przygotowania do wymienionych zawod\u00f3w w szko\u0142ach bran\u017cowych.<\/p>\n<p>Dopuszczenie szkolenia w celu nabycia uprawnienia do kierowania pojazdami \u2013 w formie zaj\u0119\u0107 w szkole, a nie wy\u0142\u0105cznie kursu prowadzonego przez OSK \u2013 wynika natomiast z art. 21 ust. 1 pkt 1 oraz art. 23 ust. 1 pkt 2 ustawy z dnia 5 stycznia 2011 r. o kieruj\u0105cych pojazdami. Zgodnie z pierwszym z ww. przepis\u00f3w \u2013 osoba ubiegaj\u0105ca si\u0119 o uzyskanie uprawnienia do kierowania pojazdem silnikowym, kt\u00f3ra jest uczniem szko\u0142y ponadpodstawowej prowadz\u0105cej kszta\u0142cenie w zawodzie, dla kt\u00f3rego podstawa programowa kszta\u0142cenia w zawodzie szkolnictwa bran\u017cowego, przewiduje przygotowanie do uzyskania umiej\u0119tno\u015bci kierowania pojazdem silnikowym \u2013 mo\u017ce rozpocz\u0105\u0107 szkolenie wraz z rozpocz\u0119ciem nauki w tej szkole (tj. przed osi\u0105gni\u0119ciem minimalnego wieku, o kt\u00f3rym mowa odpowiednio w art. 8 lub art. 9 ww. ustawy). Z drugiego z ww. przepis\u00f3w wynika natomiast wprost, \u017ce \u2013 szkolenie osoby ubiegaj\u0105cej si\u0119 o uzyskanie uprawnienia do kierowania pojazdem silnikowym \u2013 mo\u017ce odbywa\u0107 si\u0119 nie tylko w formie kursu, ale r\u00f3wnie\u017c zaj\u0119\u0107 szkolnych.<\/p>\n<p>Bezp\u0142atne lekcje nauki jazdy dla uczni\u00f3w szk\u00f3\u0142 ponadpodstawowych \u2013 nowa inicjatywa ustawodawcza Prezydenta Karola Nawrockiego, dzi\u0119ki kt\u00f3rej b\u0119dzie mo\u017cna zaoszcz\u0119dzi\u0107 na kursie prawa jazdy<\/p>\n<p>Podczas briefingu prasowego na wydarzeniu \u201ePrzysz\u0142o\u015b\u0107.pl\u201d, kt\u00f3ry mia\u0142 miejsce w dniu 29 sierpnia 2026 r. w Juracie, Prezydent Karol Nawrocki poinformowa\u0142 o nowej inicjatywie ustawodawczej, nad kt\u00f3r\u0105 pracuje obecnie dzia\u0142aj\u0105ca przy Prezydencie Rada ds. M\u0142odzie\u017cy. Jest ni\u0105 \u2013 projekt dotycz\u0105cy bezp\u0142atnej nauki jazdy dla uczni\u00f3w szk\u00f3\u0142 ponadpodstawowych.<\/p>\n<p>\u2013 \u201eRada do Spraw M\u0142odzie\u017cy przygotowuje ju\u017c inicjatyw\u0119 ustawodawcz\u0105, kt\u00f3ra jest cz\u0119\u015bci\u0105 mojego Planu 21, a odnosi si\u0119 do bezp\u0142atnych lekcji na nauk\u0119 jazdy w szko\u0142ach. Taka inicjatywa ustawodawcza jest przygotowywana\u201d \u2013 poinformowa\u0142 Karol Nawrocki.<\/p>\n<p>Jak przypomina PAP \u2013 bezp\u0142atne lekcje nauki jazdy dla pe\u0142noletnich uczni\u00f3w by\u0142y ju\u017c wcze\u015bniej obiecywane przez Prezydenta, podczas jego kampanii wyborczej w 2025 r. \u201e18-latkowie powinni mie\u0107 finansowan\u0105 przez pa\u0144stwo nauk\u0119 jazdy, bo jest potrzebna w doros\u0142ym \u017cyciu\u201d \u2013 przekonywa\u0142 w\u00f3wczas Karol Nawrocki.<\/p>\n<p>Na dzie\u0144 dzisiejszy, zapowiedziany przez Prezydenta <a class=\"seoMapping\" href=\"https:\/\/mojafirma.infor.pl\/tematy\/projekt\/\" title=\"projekt\" rel=\"nofollow noopener\" target=\"_blank\">projekt<\/a>, kt\u00f3ry mia\u0142by wprowadzi\u0107 bezp\u0142atne lekcje nauki jazdy dla wszystkich uczni\u00f3w szk\u00f3\u0142 podstawowych, a nie wy\u0142\u0105cznie dla wybranych (wspomnianych powy\u017cej) zawod\u00f3w w ramach szkolnictwa bran\u017cowego \u2013 nie zosta\u0142 jeszcze podany do publicznej wiadomo\u015bci i nie znamy jego szczeg\u00f3\u0142\u00f3w.<\/p>\n<p>Ile aktualnie kosztuje kurs na <a class=\"seoMapping\" href=\"https:\/\/ksiegowosc.infor.pl\/tematy\/prawo\/\" title=\"prawo\" rel=\"nofollow noopener\" target=\"_blank\">prawo<\/a> jazdy kat. B?<\/p>\n<p>Wed\u0142ug badania przeprowadzonego przez jednego z instruktor\u00f3w nauki jazdy w lipcu 2026 r. \u2013 \u015brednia cena kursu na <a class=\"seoMapping\" href=\"https:\/\/moto.infor.pl\/tematy\/prawo-jazdy\/\" title=\"prawo jazdy\" rel=\"nofollow noopener\" target=\"_blank\">prawo jazdy<\/a> kategorii B w 18 miastach wojew\u00f3dzkich wynosi 4150 z\u0142, a mediana 4100 z\u0142. Najwi\u0119cej, za nauk\u0119 jazdy, p\u0142ac\u0105 mieszka\u0144cy Warszawy \u2013 \u015brednio 4741 z\u0142 (zgodnie z danymi zebranymi z 75 o\u015brodk\u00f3w).1<\/p>\n<p>Przyjmuj\u0105c, \u017ce kurs na <a class=\"seoMapping\" href=\"https:\/\/mojafirma.infor.pl\/tematy\/prawo\/\" title=\"prawo\" rel=\"nofollow noopener\" target=\"_blank\">prawo<\/a> jazdy kat. B, mo\u017cna kosztowa\u0107 nawet 4741 z\u0142 \u2013 wprowadzenie przez Prezydenta Karola Nawrockiego bezp\u0142atnych lekcji nauki jady dla wszystkich uczni\u00f3w szk\u00f3\u0142 podstawowych \u2013 pozwoli\u0142oby im zatem zaoszcz\u0119dzi\u0107 kwot\u0119 rz\u0119du nawet 4700 z\u0142.<\/p>\n<p>1 Andrzej \u0141apa, \u201eCeny kurs\u00f3w na prawo jazdy kat. B w miastach wojew\u00f3dzkich (https:\/\/andrzejinstruktor.pl\/cena-kursu-kat-b), 5 lipca 2026 r.<\/p>\n<p>Podstawa prawna:<\/p>\n<p>Rozporz\u0105dzenie Ministra Edukacji Narodowej z dnia 16 maja 2019 r. w sprawie podstaw programowych kszta\u0142cenia w zawodach szkolnictwa bran\u017cowego oraz dodatkowych umiej\u0119tno\u015bci zawodowych w zakresie wybranych zawod\u00f3w szkolnictwa bran\u017cowego (t.j. Dz.U. z 2019 r., poz. 991 z p\u00f3\u017an. zm.)Ustawa z dnia 14 grudnia 2016 r. \u2013 Prawo o\u015bwiatowe (t.j. Dz.U. z 2026 r., poz. 820 z po\u017an. zm.)Ustawa z dnia 5 stycznia 2011 r. o kieruj\u0105cych pojazdami (t.j. Dz.U. z 2025 r., poz. 1226 z p\u00f3\u017an. zm.)<\/p>\n<p>fot. Miko\u0142aj Bujak\/KPRP<\/p>\n","protected":false},"excerpt":{"rendered":"Aktualnie, z bezp\u0142atnych lekcji nauki jazdy \u2013 w formie zaj\u0119\u0107 szkolnych, a nie kursu w O\u015brodku Szkolenia Kierowc\u00f3w&hellip;\n","protected":false},"author":2,"featured_media":668471,"comment_status":"","ping_status":"","sticky":false,"template":"","format":"standard","meta":{"footnotes":"","_share_on_mastodon":"0"},"categories":[62712],"tags":[690,128049,13306,1005,3278,420,6160],"class_list":["post-668470","post","type-post","status-publish","format-standard","has-post-thumbnail","category-karol-nawrocki","tag-karol-nawrocki","tag-nauka-jazdy","tag-prawo-jazdy","tag-prezydent","tag-swiadczenie","tag-szkola","tag-uczniowie"],"share_on_mastodon":{"url":"https:\/\/pubeurope.com\/@pl\/117216659747325653","error":""},"_links":{"self":[{"href":"https:\/\/www.europesays.com\/pl\/wp-json\/wp\/v2\/posts\/668470","targetHints":{"allow":["GET"]}}],"collection":[{"href":"https:\/\/www.europesays.com\/pl\/wp-json\/wp\/v2\/posts"}],"about":[{"href":"https:\/\/www.europesays.com\/pl\/wp-json\/wp\/v2\/types\/post"}],"author":[{"embeddable":true,"href":"https:\/\/www.europesays.com\/pl\/wp-json\/wp\/v2\/users\/2"}],"replies":[{"embeddable":true,"href":"https:\/\/www.europesays.com\/pl\/wp-json\/wp\/v2\/comments?post=668470"}],"version-history":[{"count":0,"href":"https:\/\/www.europesays.com\/pl\/wp-json\/wp\/v2\/posts\/668470\/revisions"}],"wp:featuredmedia":[{"embeddable":true,"href":"https:\/\/www.europesays.com\/pl\/wp-json\/wp\/v2\/media\/668471"}],"wp:attachment":[{"href":"https:\/\/www.europesays.com\/pl\/wp-json\/wp\/v2\/media?parent=668470"}],"wp:term":[{"taxonomy":"category","embeddable":true,"href":"https:\/\/www.europesays.com\/pl\/wp-json\/wp\/v2\/categories?post=668470"},{"taxonomy":"post_tag","embeddable":true,"href":"https:\/\/www.europesays.com\/pl\/wp-json\/wp\/v2\/tags?post=668470"}],"curies":[{"name":"wp","href":"https:\/\/api.w.org\/{rel}","templated":true}]}}