{"id":668480,"date":"2026-09-05T05:05:47","date_gmt":"2026-09-05T05:05:47","guid":{"rendered":"https:\/\/www.europesays.com\/pl\/668480\/"},"modified":"2026-09-05T05:05:47","modified_gmt":"2026-09-05T05:05:47","slug":"wiadomosci-szczecin-szczecin-zyska-nowa-zielona-przestrzen-majowa-laka-powstanie-na-osiedlu-majowym","status":"publish","type":"post","link":"https:\/\/www.europesays.com\/pl\/668480\/","title":{"rendered":"Wiadomo\u015bci Szczecin &#8211; Szczecin zyska now\u0105 zielon\u0105 przestrze\u0144. Majowa \u0141\u0105ka powstanie na Osiedlu Majowym"},"content":{"rendered":"<p>Na Osiedlu Majowym w Szczecinie rozpoczyna si\u0119 zagospodarowanie kolejnego terenu rekreacyjno-wypoczynkowego. Przy ul. Andrzejewskiego powstanie Majowa \u0141\u0105ka \u2013 zielona przestrze\u0144 z alejkami, \u0142awkami, le\u017cakami, hamakami i pergol\u0105. Prace potrwaj\u0105 do ko\u0144ca listopada.<\/p>\n<p>\u00a0<\/p>\n<p>\u00a0<\/p>\n<p>Plac budowy zostanie przekazany wykonawcy 11 wrze\u015bnia. Za realizacj\u0119 inwestycji odpowiada firma Us\u0142ugi Budowlane Wies\u0142aw Furtak.<\/p>\n<p>\u00a0<\/p>\n<p>&#13;<\/p>\n<p>Chodzi o dotychczas niezagospodarowan\u0105 cz\u0119\u015b\u0107 terenu przy ul. Andrzejewskiego\u00a0&#8211; informuje Paulina \u0141\u0105tka z Centrum Informacji Miasta. &#8211; Jego fragment zosta\u0142 ju\u017c wcze\u015bniej przekszta\u0142cony w nowoczesny plac zabaw otoczony zieleni\u0105 i elementami ma\u0142ej architektury. Teraz zagospodarowana zostanie pozosta\u0142a cz\u0119\u015b\u0107 dzia\u0142ki.<\/p>\n<p>&#13;<\/p>\n<p>\u00a0<\/p>\n<p>Powstanie tam teren rekreacyjno-wypoczynkowy Majowa \u0141\u0105ka, kt\u00f3ry ma by\u0107 miejscem przeznaczonym przede wszystkim do odpoczynku w\u015br\u00f3d zieleni.<\/p>\n<p>\u00a0<\/p>\n<p>Alejki, hamaki, le\u017caki i drewniana pergola<\/p>\n<p>\u00a0<\/p>\n<p>W ramach inwestycji teren zostanie oczyszczony i uporz\u0105dkowany. Zaplanowano budow\u0119 mineralnych alejek oraz betonowych siedzisk.<\/p>\n<p>Na nowych trawnikach pojawi\u0105 si\u0119:<\/p>\n<p>&#13;<br \/>\n\t&#13;<\/p>\n<p>\u0142awki,<\/p>\n<p>&#13;<br \/>\n\t&#13;<br \/>\n\t&#13;<\/p>\n<p>le\u017caki,<\/p>\n<p>&#13;<br \/>\n\t&#13;<br \/>\n\t&#13;<\/p>\n<p>hamaki,<\/p>\n<p>&#13;<br \/>\n\t&#13;<br \/>\n\t&#13;<\/p>\n<p>betonowe siedziska,<\/p>\n<p>&#13;<br \/>\n\t&#13;<br \/>\n\t&#13;<\/p>\n<p>drewniana pergola.<\/p>\n<p>&#13;<br \/>\n\t&#13;<\/p>\n<p>&#13;<br \/>\nNajwa\u017cniejszym elementem Majowej \u0141\u0105ki b\u0119dzie jednak starannie zaprojektowana ziele\u0144, kt\u00f3ra ma zmienia\u0107 sw\u00f3j charakter wraz z porami roku.<\/p>\n<p>\u00a0<\/p>\n<p>Tysi\u0105ce nowych ro\u015blin na Majowej \u0141\u0105ce<\/p>\n<p>\u00a0<\/p>\n<p>Centraln\u0105 cz\u0119\u015b\u0107 terenu wype\u0142ni kompozycja ro\u015blin ozdobnych atrakcyjna przez ca\u0142y rok. W pobli\u017cu placu zabaw dominowa\u0107 b\u0119d\u0105 trawy ozdobne oraz wielopniowe wierzby.<\/p>\n<p>Od strony ul. Andrzejewskiego zaplanowano drzewa i krzewy pe\u0142ni\u0105ce funkcj\u0119 zar\u00f3wno dekoracyjn\u0105, jak i os\u0142onow\u0105. Z kolei nasadzenia od strony wschodniej stworz\u0105 zielon\u0105 barier\u0119 oddzielaj\u0105c\u0105 teren rekreacyjny od s\u0105siedniego parkingu.<\/p>\n<p>\u0141\u0105cznie posadzonych zostanie:<\/p>\n<p>&#13;<br \/>\n\t&#13;<\/p>\n<p>30 drzew, m.in. sosen, robinii i wierzb,<\/p>\n<p>&#13;<br \/>\n\t&#13;<br \/>\n\t&#13;<\/p>\n<p>blisko 500 krzew\u00f3w, w tym tawu\u0142, r\u00f3\u017c, budlei, dereni, ja\u015bminowc\u00f3w i kalin,<\/p>\n<p>&#13;<br \/>\n\t&#13;<br \/>\n\t&#13;<\/p>\n<p>setki bylin,<\/p>\n<p>&#13;<br \/>\n\t&#13;<br \/>\n\t&#13;<\/p>\n<p>trawy ozdobne,<\/p>\n<p>&#13;<br \/>\n\t&#13;<br \/>\n\t&#13;<\/p>\n<p>pn\u0105cza,<\/p>\n<p>&#13;<br \/>\n\t&#13;<br \/>\n\t&#13;<\/p>\n<p>\u0142\u0105ka kwietna.<\/p>\n<p>&#13;<br \/>\n\t&#13;<\/p>\n<p>\u00a0<\/p>\n<p>Prace potrwaj\u0105 do ko\u0144ca listopada<\/p>\n<p>\u00a0<\/p>\n<p>Realizacja Majowej \u0141\u0105ki ma potrwa\u0107 do ko\u0144ca listopada 2026 roku. Koszt inwestycji wynosi 1 576 000 z\u0142.\u00a0Po zako\u0144czeniu prac mieszka\u0144cy Osiedla Majowego zyskaj\u0105 kolejn\u0105 zielon\u0105 przestrze\u0144 do odpoczynku, spacer\u00f3w i sp\u0119dzania czasu na \u015bwie\u017cym powietrzu.<\/p>\n","protected":false},"excerpt":{"rendered":"Na Osiedlu Majowym w Szczecinie rozpoczyna si\u0119 zagospodarowanie kolejnego terenu rekreacyjno-wypoczynkowego. Przy ul. Andrzejewskiego powstanie Majowa \u0141\u0105ka \u2013&hellip;\n","protected":false},"author":2,"featured_media":668481,"comment_status":"","ping_status":"","sticky":false,"template":"","format":"standard","meta":{"footnotes":"","_share_on_mastodon":"0"},"categories":[51611],"tags":[129718,129713,129717,3511,129716,115491,118706,129712,53530,42,26617,38,40,39,41,56882,129719,2307,129715,129714,11589],"class_list":["post-668480","post","type-post","status-publish","format-standard","has-post-thumbnail","category-szczecin","tag-aktualnosci-szczecin","tag-andrzejewskiego","tag-informacje-szczecin","tag-inwestycje","tag-inwestycje-w-szczecinie","tag-majowa-laka","tag-nasadzenia","tag-osiedle-majowe","tag-park","tag-pl","tag-plac-zabaw","tag-poland","tag-polish","tag-polska","tag-polski","tag-przestrzen-miejska","tag-spacery-w-szczecinie","tag-szczecin","tag-szczecin-parki","tag-tereny-rekreacyjne","tag-zielen"],"share_on_mastodon":{"url":"https:\/\/pubeurope.com\/@pl\/117216699079846835","error":""},"_links":{"self":[{"href":"https:\/\/www.europesays.com\/pl\/wp-json\/wp\/v2\/posts\/668480","targetHints":{"allow":["GET"]}}],"collection":[{"href":"https:\/\/www.europesays.com\/pl\/wp-json\/wp\/v2\/posts"}],"about":[{"href":"https:\/\/www.europesays.com\/pl\/wp-json\/wp\/v2\/types\/post"}],"author":[{"embeddable":true,"href":"https:\/\/www.europesays.com\/pl\/wp-json\/wp\/v2\/users\/2"}],"replies":[{"embeddable":true,"href":"https:\/\/www.europesays.com\/pl\/wp-json\/wp\/v2\/comments?post=668480"}],"version-history":[{"count":0,"href":"https:\/\/www.europesays.com\/pl\/wp-json\/wp\/v2\/posts\/668480\/revisions"}],"wp:featuredmedia":[{"embeddable":true,"href":"https:\/\/www.europesays.com\/pl\/wp-json\/wp\/v2\/media\/668481"}],"wp:attachment":[{"href":"https:\/\/www.europesays.com\/pl\/wp-json\/wp\/v2\/media?parent=668480"}],"wp:term":[{"taxonomy":"category","embeddable":true,"href":"https:\/\/www.europesays.com\/pl\/wp-json\/wp\/v2\/categories?post=668480"},{"taxonomy":"post_tag","embeddable":true,"href":"https:\/\/www.europesays.com\/pl\/wp-json\/wp\/v2\/tags?post=668480"}],"curies":[{"name":"wp","href":"https:\/\/api.w.org\/{rel}","templated":true}]}}