{"id":66850,"date":"2025-10-24T19:20:10","date_gmt":"2025-10-24T19:20:10","guid":{"rendered":"https:\/\/www.europesays.com\/pl\/66850\/"},"modified":"2025-10-24T19:20:10","modified_gmt":"2025-10-24T19:20:10","slug":"w-strone-6-latki-oddano-335-strzalow-strzelac-mieli-zolnierze-imperium-wampirow","status":"publish","type":"post","link":"https:\/\/www.europesays.com\/pl\/66850\/","title":{"rendered":"W stron\u0119 6-latki oddano 335 strza\u0142\u00f3w. Strzela\u0107 mieli \u017co\u0142nierze 'Imperium Wampir\u00f3w&#8217;"},"content":{"rendered":"<p> Sze\u015bciolatka uwi\u0119ziona w samochodzie z cia\u0142ami krewnych<\/p>\n<p class=\"art_paragraph\">By\u0142 koniec stycznia 2024 roku, gdy Izrael nakaza\u0142 ewakuacj\u0119 dzielnicy Tel al-Hawa w Gazie. 6-letnia Hind Rajab jecha\u0142a wraz z cioci\u0105, wujkiem i czw\u00f3rk\u0105 kuzyn\u00f3w niewielk\u0105 osobow\u0105 ki\u0105, inni cz\u0142onkowie rodziny mieli ucieka\u0107 pieszo. Nie ujechali daleko, zostali uwi\u0119zieni przy ruinach stacji benzynowej mi\u0119dzy zawalonymi budynkami i nadje\u017cd\u017caj\u0105cymi <a href=\"https:\/\/wiadomosci.gazeta.pl\/czolgi#anchorLink\" rel=\"nofollow noopener\" target=\"_blank\">czo\u0142gami<\/a>. Jak okaza\u0142o si\u0119 kilka godzin p\u00f3\u017aniej, izraelska armia ostrzela\u0142a siedmioosobow\u0105 rodzin\u0119. Prze\u017cy\u0142y tylko Hind i 15-letnia Layan, kt\u00f3ra skontaktowa\u0142a si\u0119 z wujkiem w Niemczech, a ten powiadomi\u0142 Palesty\u0144ski Czerwony P\u00f3\u0142ksi\u0119\u017cyc. Gdy dyspozytor PRCS dodzwoni\u0142 si\u0119 do dziewczynek, Layan zd\u0105\u017cy\u0142a przekaza\u0107, \u017ce s\u0105 same w samochodzie, a p\u00f3\u017aniej s\u0142ycha\u0107 by\u0142o ju\u017c tylko przera\u017caj\u0105ce krzyki i strza\u0142y. Cho\u0107 szanse na to, \u017ce kto\u015b w samochodzie prze\u017cy\u0142, by\u0142y znikome, dyspozytor wybra\u0142 numer, z kt\u00f3rego dzwoni\u0142a 15-latka. Telefon odebra\u0142a Hind, pozosta\u0142e przy \u017cyciu dziecko upchni\u0119te w aucie z cia\u0142ami swoich krewnych.<\/p>\n<p class=\"art_paragraph\">Pracownicy PRCS przez kilka godzin rozmawiali z 6-latk\u0105, kt\u00f3ra b\u0142aga\u0142a, by j\u0105 stamt\u0105d zabra\u0107 i nie zostawia\u0107 jej samej. W tym czasie walczono o zgod\u0119 na bezpieczny przejazd jedynej karetki pozosta\u0142ej w tym rejonie Gazy. Dziewczynka wraz z up\u0142ywem czasu traci\u0142a si\u0142y, by\u0142a ranna, spragniona i wyzi\u0119biona, ale o\u017cywi\u0142a si\u0119, gdy uda\u0142o si\u0119 po\u0142\u0105czy\u0107 z jej mam\u0105. Po godzinie 18, czyli ok. dziewi\u0119ciu godzinach od wyjazdu\u00a0z domu, ratownicy dotarli autoryzowan\u0105 przez Izrael tras\u0105 w okolice stacji benzynowej. W ca\u0142kowitej ciemno\u015bci zdo\u0142ali wypatrzy\u0107 samoch\u00f3d, o czym poinformowali dyspozytor\u00f3w. Chwil\u0119 p\u00f3\u017aniej nast\u0105pi\u0142a eksplozja &#8211; pocisk wystrzelony z izraelskiego czo\u0142gu uderzy\u0142 w prz\u00f3d auta. Hind krwawi\u0142a z ust, ale nie chcia\u0142a wyciera\u0107 krwi, by mama nie mia\u0142a k\u0142opotu z praniem jej ubra\u0144. Gdy kobieta zapewni\u0142a, \u017ce upierze ubranie, dziewczynka zgodzi\u0142a si\u0119 wytrze\u0107 krew, ale jej g\u0142os znikn\u0105\u0142. Dyspozytorka Palesty\u0144skiego Czerwonego P\u00f3\u0142ksi\u0119\u017cyca szacowa\u0142a, \u017ce kontakt z Hind stracono kilka minut po eksplozji karetki.<\/p>\n<p>\n    Zobacz wideo Izrael ju\u017c \u0142amie zawieszenie broni\n  <\/p>\n<p> 335 strza\u0142\u00f3w oddanych w kierunku Hind<\/p>\n<p class=\"art_paragraph\">\u015aledztwo w sprawie Hind przeprowadzi\u0142y Forensic Architecture, agencja badawcza Uniwersytetu Londy\u0144skiego, kt\u00f3ra przy pomocy zaawansowanych technologii rekonstruuje przypadki \u0142amania praw cz\u0142owieka, organizacja Earshot, kt\u00f3ra prowadzi analizy d\u017awi\u0119k\u00f3w i dziennikarze programu &#8222;Fault Lines&#8221; Al Jazeery. Na podstawie m.in. odg\u0142os\u00f3w zarejestrowanych na po\u0142\u0105czeniach z PRCS, modelu 3D znalezionego po prawie dw\u00f3ch tygodniach samochodu i zdj\u0119\u0107 satelitarnych ustalono, \u017ce w auto w\u0142adowano 335 kul z karabinka automatycznego M4 lub karabinu maszynowego FN MAG, kt\u00f3re s\u0105 montowane na izraelskich czo\u0142gach Merkawa. Wiadomo r\u00f3wnie\u017c, \u017ce czo\u0142g znajdowa\u0142 si\u0119 mi\u0119dzy 13 a 23 metrami od auta, wi\u0119c &#8211; jak oceniono &#8211; nie jest mo\u017cliwe, by strzelaj\u0105cy nie widzia\u0142, \u017ce oddaje strza\u0142y do samochodu z cywilami, w tym z dzie\u0107mi.<\/p>\n<p class=\"art_paragraph\">Historia Hind trafia na ekrany widz\u00f3w na ca\u0142ym \u015bwiecie za po\u015brednictwem filmu &#8222;G\u0142os Hind Rajab&#8221;. W Polsce film zaprezentowano na Warszawskim Festiwalu Filmowym, a premier\u0119 b\u0119dzie mie\u0107 29 stycznia 2026 roku. Producentami wykonawczymi filmu, by nada\u0107 mu rozg\u0142osu, zostali m.in. Brad Pitt, Joaquin Phoenix i Rooney Mara. Izrael wci\u0105\u017c jednak nie bierze odpowiedzialno\u015bci za zab\u00f3jstwo, twierdz\u0105c, \u017ce w tej okolicy w og\u00f3le nie by\u0142o <a href=\"https:\/\/wiadomosci.gazeta.pl\/wojsko#anchorLink\" rel=\"nofollow noopener\" target=\"_blank\">wojsk<\/a>, cho\u0107 zdj\u0119cia satelitarne pokazuj\u0105 co najmniej 15 izraelskich pojazd\u00f3w wojskowych, a analitycy Foreign Architecture mogli wskaza\u0107 konkretny czo\u0142g, z kt\u00f3rego oddawano strza\u0142y. Co wi\u0119cej, armia sama informowa\u0142a o dzia\u0142aniach przeprowadzanych w dzielnicy Tel al-Hawa w komunikacie prasowym, kt\u00f3ry p\u00f3\u017aniej usuni\u0119to ze strony internetowej.<\/p>\n<p> \u015aledztwo wskazuje odpowiedzialnych za tragedi\u0119<\/p>\n<p class=\"art_paragraph\">By\u0107 mo\u017ce najnowsze ustalenia zwi\u0119ksz\u0105 szans\u0119 na to, \u017ce winnych tej tragedii dosi\u0119gnie sprawiedliwo\u015b\u0107. Po wielomiesi\u0119cznym \u015bledztwie dziennikarzy Al Jazeery i Fundacji Hind Rajab wskazano wojskowych, kt\u00f3rzy maj\u0105 by\u0107 odpowiedzialni za \u015bmier\u0107 Hind, jej rodziny i ratownik\u00f3w medycznych, kt\u00f3rzy pr\u00f3bowali uratowa\u0107 dziewczynk\u0119.\u00a0Efektem \u015bledztwa jest 120-stronicowy akt oskar\u017cenia skierowany do Mi\u0119dzynarodowego Trybuna\u0142u Karnego w Hadze, w kt\u00f3rym podano nazwiska ponad 20 \u017co\u0142nierzy i oficer\u00f3w. W reporta\u017cu wymieniono cztery z nich. Dlaczego nie wszystkie? O tym nieco dalej.<\/p>\n<p class=\"art_paragraph\">Najwy\u017cszy rang\u0105 wymieniony oficer to Beni (Benny) Aharon, 42-letni dow\u00f3dca 146. Dywizji izraelskiej armii, jeszcze do niedawna dow\u00f3dca 401. Brygady Pancernej. Fundacja skarg\u0119 na Aharona z\u0142o\u017cy\u0142a do Hagi ju\u017c kilka miesi\u0119cy temu, wskazuj\u0105c go jako dow\u00f3dc\u0119, kt\u00f3ry autoryzowa\u0142 atak i w konsekwencji <a href=\"https:\/\/wiadomosci.gazeta.pl\/zabojstwo#anchorLink\" rel=\"nofollow noopener\" target=\"_blank\">zab\u00f3jstwo<\/a> 6-latki. Dalsze \u015bledztwo pozwoli\u0142o na wskazanie jego podkomendnych, r\u00f3wnie\u017c odpowiedzialnych za napa\u015b\u0107, kt\u00f3ra wstrz\u0105sn\u0119\u0142a \u015bwiatem.<\/p>\n<p class=\"art_paragraph\">Jedn\u0105 z jednostek operacyjnych brygady jest 52. batalion pancerny (zwany HaBok&#8217;im &#8211; &#8222;ci, kt\u00f3rzy naruszaj\u0105, niszcz\u0105&#8221;). To jedna z najbardziej \u015bmierciono\u015bnych jednostek w IDF. Batalion by\u0142 pierwszym, kt\u00f3ry wjecha\u0142 do Strefy Gazy, gdy w pa\u017adzierniku 2023 roku rozpocz\u0119to inwazj\u0119 l\u0105dow\u0105. Szturmowa\u0142 szpital <a href=\"https:\/\/wiadomosci.gazeta.pl\/dziecko#anchorLink\" rel=\"nofollow noopener\" target=\"_blank\">dzieci<\/a>\u0119cy im. Abdela Aziza al-Rantisi, szpital Hamad i przewodzi\u0142 szturmowi na szpital Al-Shifa, gdzie zgin\u0119\u0142o kilkaset os\u00f3b. Dow\u00f3dc\u0105 batalionu jest podpu\u0142kownik Daniel Ella.<\/p>\n<p class=\"art_paragraph\">Z kolei cz\u0119\u015bci\u0105 batalionu jest kompania, kt\u00f3rej oficjaln\u0105 nazw\u0105 jest &#8222;Imperium Wampir\u00f3w&#8221; (ang. &#8222;Vampire Empire&#8221;). \u017bo\u0142nierze, kt\u00f3rych dow\u00f3dc\u0105 jest major Sean Glass, nazywaj\u0105 sami siebie &#8222;wampirami&#8221; i &#8222;bestiami&#8221;. Nie bez kozery &#8211; Beni Aharon, dow\u00f3dca ca\u0142ej Brygady, m\u00f3wi\u0142 z dumn\u0105, \u017ce &#8222;Imperium Wampir\u00f3w&#8221; nie s\u0142ucha rozkaz\u00f3w, wychodzi przed szereg i robi &#8222;szalone&#8221; rzeczy.\u00a0&#8211; Major Glass uwa\u017ca si\u0119 za inspiruj\u0105cego lidera, my\u015bliciela. To on wyda\u0142 rozkaz, by strzela\u0107 do samochodu, on jest odpowiedzialny za zabicie Hind Rajab &#8211; m\u00f3wi Dyab Abou Jahjah, wsp\u00f3\u0142za\u0142o\u017cyciel fundacji. Major mia\u0142 te\u017c wyda\u0107 rozkaz do ataku na karetk\u0119, kt\u00f3ra przyjecha\u0142a po Hind, oraz rozkaz ingerowania w miejsce zbrodni.<\/p>\n<p class=\"art_paragraph\">Brak hebrajskiej nazwy &#8211; wyja\u015bnia Fundacja Hind Rajab &#8211; wskazuje na to, \u017ce jest to jednostka &#8222;mi\u0119dzynarodowa&#8221;, sk\u0142adaj\u0105ca si\u0119 co najmniej w cz\u0119\u015bci z \u017co\u0142nierzy posiadaj\u0105cych podw\u00f3jne obywatelstwo. Dla fundacji to szczeg\u00f3lnie wa\u017cne, bo otwiera drog\u0119 do dzia\u0142a\u0144 prawnych poza Izraelem, w krajach, z kt\u00f3rych pochodz\u0105 wojskowi lub ich rodziny. Jednym z szeregowych &#8222;wampir\u00f3w&#8221; jest Itay Choukirkov (Cukierkopf), kt\u00f3ry posiada obywatelstwo argenty\u0144skie. Jego nazwisko zosta\u0142o ujawnione, bo fundacja z\u0142o\u017cy\u0142a ju\u017c zawiadomienie do organ\u00f3w \u015bcigania w Buenos Aires i oczekuje na ich reakcj\u0119. W trakcie nagrywania reporta\u017cu Choukirkov mia\u0142 przebywa\u0107 w Argentynie.<\/p>\n<p> \u017bo\u0142nierze sami dostarczaj\u0105 dowod\u00f3w zbrodni<\/p>\n<p class=\"art_paragraph\">Nazwisk innych \u017co\u0142nierzy nie ujawniono, \u017ceby nie uprzedza\u0107 ich ruch\u00f3w czy pr\u00f3b ucieczki. Bardzo wielu dowod\u00f3w analitykom dostarczaj\u0105 bowiem sami wojskowi, kt\u00f3rzy w mediach spo\u0142eczno\u015bciowych zamieszczaj\u0105 nagrania i zdj\u0119cia ze Strefy Gazy i chwal\u0105 si\u0119 swoimi podbojami. S\u0105 nawet przypadki nagra\u0144 ze strzelania do dzieci i p\u00f3\u017aniejszego \u015bwi\u0119towania. Z powodu nowo zyskanej s\u0142awy mjr Sean Glass zablokowa\u0142 swoje profile w mediach spo\u0142eczno\u015bciowych, cho\u0107 w sieci zosta\u0142y po nich \u015blady. Wci\u0105\u017c mo\u017cna wyszuka\u0107 wpis, kt\u00f3ry \u017co\u0142nierz zamie\u015bci\u0142 na grupie dla kosmetyczek poszukuj\u0105cych modelek. Doda\u0142 tam kilka swoich zdj\u0119\u0107 i napisa\u0142, \u017ce od pocz\u0105tku wojny jest w Strefie Gazy. Wci\u0105\u017c &#8222;wisi&#8221; te\u017c strona, na kt\u00f3rej matka Glassa prowadzi zbi\u00f3rk\u0119 na wydanie swojej ksi\u0105\u017cki &#8211; ma pokazywa\u0107 perspektyw\u0119 matki \u017co\u0142nierzy (w wojsku s\u0105 wszystkie jej doros\u0142e dzieci), a dow\u00f3dca &#8222;Imperium Wampir\u00f3w&#8221;, jako najstarszy syn, ma by\u0107 jej g\u0142\u00f3wnym bohaterem.<\/p>\n<p class=\"art_paragraph\">Reporta\u017c Al Jazeery na przyk\u0142adzie Shimona Zuckermana z Korpusu In\u017cynieryjnego ujawnia te\u017c, jak \u017co\u0142nierze swoimi wpisami w mediach spo\u0142eczno\u015bciowych obci\u0105\u017caj\u0105 siebie i swoje jednostki. Na nagraniach i zdj\u0119ciach pokaza\u0142 on niszczenie wioski Chuz&#8217;a przez umieszczanie materia\u0142\u00f3w wybuchowych w cywilnych budynkach. Wypowiedzi i opisy Zuckermana wskazywa\u0142y na brak konieczno\u015bci militarnej &#8211; Chuz&#8217;a zosta\u0142a zmieciona z powierzchni ziemi wy\u0142\u0105cznie z zemsty, pobudek rasistowskich i w ramach systemowego, metodycznego wyniszczania Strefy Gazy.<\/p>\n<p class=\"art_paragraph\">Melanie Schweizer, by\u0142a prawniczka niemieckiego Ministerstwa <a href=\"https:\/\/wiadomosci.gazeta.pl\/praca#anchorLink\" rel=\"nofollow noopener\" target=\"_blank\">Pracy<\/a> i Spraw Socjalnych, wnios\u0142a w Niemczech spraw\u0119 przeciwko Zuckermanowi na podstawie V\u00f6lkerstrafgesetzbuch, czyli prawa pozwalaj\u0105cego \u015bciga\u0107 zbrodnie mi\u0119dzynarodowe takie jak ludob\u00f3jstwo, zbrodnie przeciwko ludzko\u015bci i zbrodnie wojenne. &#8211; Wyj\u0105tkowe w sprawie Zuckermana jest to, \u017ce mo\u017cna go nazwa\u0107 &#8222;influencerem ludob\u00f3jstwa&#8221; albo &#8222;influencerem wojennym&#8221; &#8211; stwierdzi\u0142a Schweizer. Liczne nagrania z Zuckermanem i jego kompanami zosta\u0142y przekazane organom \u015bcigania. Zdaniem prawniczki dowody w jego przypadku s\u0105 tak mocne, \u017ce \u015bledztwo musi zosta\u0107 wszcz\u0119te.<\/p>\n","protected":false},"excerpt":{"rendered":"Sze\u015bciolatka uwi\u0119ziona w samochodzie z cia\u0142ami krewnych By\u0142 koniec stycznia 2024 roku, gdy Izrael nakaza\u0142 ewakuacj\u0119 dzielnicy Tel&hellip;\n","protected":false},"author":2,"featured_media":66851,"comment_status":"","ping_status":"","sticky":false,"template":"","format":"standard","meta":{"footnotes":""},"categories":[14],"tags":[32,33,27,34,35,28,31,25,40,41,80,29,30,26,82,83,84],"class_list":{"0":"post-66850","1":"post","2":"type-post","3":"status-publish","4":"format-standard","5":"has-post-thumbnail","7":"category-swiat","8":"tag-breaking-news","9":"tag-breakingnews","10":"tag-headlines","11":"tag-latest-news","12":"tag-latestnews","13":"tag-naglowki","14":"tag-najwazniejsze-artykuly","15":"tag-news","16":"tag-polish","17":"tag-polski","18":"tag-swiat","19":"tag-top-stories","20":"tag-topstories","21":"tag-wiadomosci","22":"tag-world","23":"tag-world-news","24":"tag-worldnews"},"share_on_mastodon":{"url":"https:\/\/pubeurope.com\/@pl\/115430767119287451","error":""},"_links":{"self":[{"href":"https:\/\/www.europesays.com\/pl\/wp-json\/wp\/v2\/posts\/66850","targetHints":{"allow":["GET"]}}],"collection":[{"href":"https:\/\/www.europesays.com\/pl\/wp-json\/wp\/v2\/posts"}],"about":[{"href":"https:\/\/www.europesays.com\/pl\/wp-json\/wp\/v2\/types\/post"}],"author":[{"embeddable":true,"href":"https:\/\/www.europesays.com\/pl\/wp-json\/wp\/v2\/users\/2"}],"replies":[{"embeddable":true,"href":"https:\/\/www.europesays.com\/pl\/wp-json\/wp\/v2\/comments?post=66850"}],"version-history":[{"count":0,"href":"https:\/\/www.europesays.com\/pl\/wp-json\/wp\/v2\/posts\/66850\/revisions"}],"wp:featuredmedia":[{"embeddable":true,"href":"https:\/\/www.europesays.com\/pl\/wp-json\/wp\/v2\/media\/66851"}],"wp:attachment":[{"href":"https:\/\/www.europesays.com\/pl\/wp-json\/wp\/v2\/media?parent=66850"}],"wp:term":[{"taxonomy":"category","embeddable":true,"href":"https:\/\/www.europesays.com\/pl\/wp-json\/wp\/v2\/categories?post=66850"},{"taxonomy":"post_tag","embeddable":true,"href":"https:\/\/www.europesays.com\/pl\/wp-json\/wp\/v2\/tags?post=66850"}],"curies":[{"name":"wp","href":"https:\/\/api.w.org\/{rel}","templated":true}]}}