{"id":668504,"date":"2026-09-05T05:18:25","date_gmt":"2026-09-05T05:18:25","guid":{"rendered":"https:\/\/www.europesays.com\/pl\/668504\/"},"modified":"2026-09-05T05:18:25","modified_gmt":"2026-09-05T05:18:25","slug":"prywatna-misja-na-wenus-opozniona-problemy-techniczne-z-rakieta","status":"publish","type":"post","link":"https:\/\/www.europesays.com\/pl\/668504\/","title":{"rendered":"Prywatna misja na Wenus op\u00f3\u017aniona.Problemy techniczne z rakiet\u0105"},"content":{"rendered":"<p><a href=\"https:\/\/www.google.com\/preferences\/source?q=tech.wp.pl\" target=\"_blank\" rel=\"nofollow noopener\" class=\"preferred-source-banner\" id=\"preferred-source-banner\" data-vab-box=\"preferred_source_banner\"><\/p>\n<p class=\"preferred-source-banner-title\">Dodaj WP Tech jako preferowane \u017ar\u00f3d\u0142o w Google<\/p>\n<p class=\"preferred-source-banner-subtitle\">Nasze tre\u015bci b\u0119d\u0105 cz\u0119\u015bciej wy\u015bwietla\u0107 si\u0119 w Twoich wynikach Google<\/p>\n<p><\/a> <\/p>\n<p>Czo\u0142owi naukowcy z\u00a0Massachusetts Institute of Technology oraz firma Rocket Lab wsp\u00f3\u0142pracuj\u0105 nad pioniersk\u0105 misj\u0105 analizuj\u0105c\u0105 atmosfer\u0119 Wenus w\u00a0poszukiwaniu potencjalnych oznak \u017cycia. Kluczowym elementem b\u0119dzie wys\u0142anie niewielkiej sondy wyposa\u017conej w\u00a0autofluorescencyjny nefelometr, pozwalaj\u0105cy precyzyjnie mierzy\u0107 cz\u0105steczki obecne w\u00a0wenusja\u0144skich chmurach. Jednak realizacja projektu utkn\u0119\u0142a, poniewa\u017c konieczne jest uko\u0144czenie test\u00f3w lotnych ca\u0142kowicie nowej rakiety Neutron \u2013 rakieta ta nie wykona\u0142a jeszcze pierwszego lotu i\u00a0nie jest gotowa do wykorzystania.<\/p>\n<p>Profesor Sara Seager z\u00a0MIT podkre\u015bli\u0142a, \u017ce prze\u0142omowa misja zosta\u0142a prze\u0142o\u017cona, gdy Rocket Lab zdecydowa\u0142 o\u00a0przeniesieniu projektu w\u0142a\u015bnie na platform\u0119 Neutron, kt\u00f3ra wymaga pe\u0142nego cyklu kwalifikacji. Start misji, planowany z\u00a0kompleksu na Wallops Island w\u00a0stanie Wirginia, pozostaje wi\u0119c uzale\u017cniony od przebiegu test\u00f3w i\u00a0dopuszczenia rakiety do lot\u00f3w. Sonda oraz jej kluczowe urz\u0105dzenia s\u0105 ju\u017c gotowe, lecz aktualnie czekaj\u0105 na zielone \u015bwiat\u0142o po stronie technicznej.<\/p>\n<p>Za konstrukcj\u0119 pow\u0142oki sondy odpowiada Rocket Lab, natomiast kluczowy osprz\u0119t \u2013 specjaln\u0105 tarcz\u0119 termiczn\u0105 zaprojektowan\u0105 do pracy w\u00a0ekstremalnych warunkach wej\u015bcia w\u00a0atmosfer\u0119 Wenus \u2013 dostarczy\u0142a NASA. Tarcza HEEET, przekazana firmie Rocket Lab w\u00a0marcu 2025\u00a0r., pozwoli os\u0142oni\u0107 urz\u0105dzenie przed \u017carem si\u0119gaj\u0105cym 2,5 tys. stopni Celsjusza. Tak\u017ce ci\u015bnieniowy kad\u0142ub sondy jest ju\u017c gotowy do dzia\u0142ania. Ca\u0142y zestaw przechowywany jest obecnie w\u00a0siedzibie Rocket Lab w\u00a0Long Beach.<\/p>\n<p> <img role=\"presentation\" class=\"absolute left-1\/2 top-1\/2 max-h-[80%] max-w-[100px] -translate-x-1\/2 -translate-y-1\/2\" src=\"https:\/\/v.wpimg.pl\/ZXJfd3AudTkrBBIAbg54LGhcRlAxHQUrPgJGH2MAeGJoSQ1eIBI_K2UHAEVuBTY5KQMMXC0RPyoVERQdMgM9ejc\" loading=\"lazy\" decoding=\"async\"\/> Samsung &#8211;\u00a0przegl\u0105d oferty lod\u00f3wek  <\/p>\n<p>Naukowcy z\u00a0MIT nie ukrywaj\u0105, \u017ce maj\u0105 dalekosi\u0119\u017cne plany zwi\u0105zane z\u00a0Wenus. Kolejna planowana misja mia\u0142aby umo\u017cliwi\u0107 dok\u0142adniejsze rozpoznanie obecno\u015bci skomplikowanych cz\u0105steczek organicznych za pomoc\u0105 nowoczesnych instrument\u00f3w, takich jak laserowy spektrometr masowy ORIGIN zbudowany w\u00a0Bernie. Trwaj\u0105 r\u00f3wnie\u017c prace nad balonem, kt\u00f3ry m\u00f3g\u0142by przez tydzie\u0144 bada\u0107 atmosfer\u0119 Wenus, oraz miniaturowymi czujnikami biomolekularnymi zdolnymi identyfikowa\u0107 wybrane zwi\u0105zki.<\/p>\n<p>W\u015br\u00f3d ekspert\u00f3w misja budzi spore nadzieje, cho\u0107 podkre\u015blaj\u0105 oni, \u017ce wyzwania technologiczne s\u0105 tu wyj\u0105tkowo du\u017ce. Paul Byrne z\u00a0University of Washington zauwa\u017ca, \u017ce op\u00f3\u017anienia s\u0105 cz\u0119st\u0105 rzeczywisto\u015bci\u0105 w\u00a0kosmicznych projektach, zw\u0142aszcza gdy dotycz\u0105 one nowych rakiet i\u00a0tak ma\u0142o zbadanych planet. &#8222;W eksploracji kosmosu nale\u017cy by\u0107 przygotowanym na przesuni\u0119cia harmonogram\u00f3w, szczeg\u00f3lnie przy projekcie realizowanym przez sektor prywatny&#8221; \u2013 m\u00f3wi\u0142, wyra\u017caj\u0105c jednak wiar\u0119 w\u00a0powodzenie projektu.<\/p>\n<p> <img role=\"presentation\" class=\"absolute left-1\/2 top-1\/2 max-h-[80%] max-w-[100px] -translate-x-1\/2 -translate-y-1\/2\" src=\"https:\/\/v.wpimg.pl\/ZXJfd3AudTkrBBIAbg54LGhcRlAxHQUrPgJGH2MAeGJoSQ1eIBI_K2UHAEVuBTY5KQMMXC0RPyoVERQdMgM9ejc\" loading=\"lazy\" decoding=\"async\"\/> <a href=\"https:\/\/www.benchmark.pl\/hipotetyczny-ksiezyc-wenus-modele-pokazuja-czemu-nie-mialby-szans-7325078058301536a\" class=\"teaser-inline\" rel=\"nofollow noopener\" target=\"_blank\">  <img decoding=\"async\" src=\"https:\/\/www.europesays.com\/pl\/wp-content\/uploads\/2026\/09\/MGY5MmQ1YiY4VztefkpvM3sPbwQ4E2FlLBd3T34Af39pTWILOF0oNTxFIkM2Qzg3OEI9QyFdYiYpXGIbYB4pLipFIQwoHigqO1Ap.jpeg\" loading=\"lazy\" class=\"wp-media-image cropped\" alt=\"Hipotetyczny ksi\u0119\u017cyc Wenus? Modele pokazuj\u0105, czemu nie mia\u0142by szans\"\/><\/p>\n<p>Hipotetyczny ksi\u0119\u017cyc Wenus? Modele pokazuj\u0105, czemu nie mia\u0142by szans<\/p>\n<p><\/a> <\/p>\n<p>Sam temat poszukiwa\u0144 \u017cycia na Wenus nabra\u0142 w\u00a0ostatnim czasie szczeg\u00f3lnego znaczenia. Wed\u0142ug Seager rosn\u0105ca liczba danych wskazuje, \u017ce w\u00a0chmurach tej planety mog\u0105 zachodzi\u0107 procesy sprzyjaj\u0105ce istnieniu prostych form organicznych. Badania jej zespo\u0142u wykaza\u0142y, \u017ce kr\u00f3tkie peptydy \u2013 \u0142a\u0144cuchy aminokwas\u00f3w \u2013 mog\u0105 by\u0107 stabilne nawet w\u00a0bardzo kwa\u015bnych warunkach, jakie panuj\u0105 w\u00a0atmosferze Wenus, a\u00a0ich struktura potencjalnie umo\u017cliwia im pe\u0142nienie funkcji biologicznych.<\/p>\n<p>Rocket Lab nie ogranicza si\u0119 do misji wenusja\u0144skich \u2013 aktywnie uczestniczy tak\u017ce w\u00a0projektach marsja\u0144skich, jak misja ESCAPADE realizowana wsp\u00f3lnie z\u00a0NASA. Firma ma wi\u0119c do\u015bwiadczenie w\u00a0konstruowaniu sond mi\u0119dzyplanetarnych. Tymczasem start pierwszej prywatnej misji do Wenus pozostaje w\u00a0fazie oczekiwania na uko\u0144czenie test\u00f3w rakiety Neutron, a\u00a0dalsze dzia\u0142ania uzale\u017cnione s\u0105 od wynik\u00f3w kolejnych pr\u00f3b technologicznych.<\/p>\n","protected":false},"excerpt":{"rendered":"Dodaj WP Tech jako preferowane \u017ar\u00f3d\u0142o w Google Nasze tre\u015bci b\u0119d\u0105 cz\u0119\u015bciej wy\u015bwietla\u0107 si\u0119 w Twoich wynikach Google&hellip;\n","protected":false},"author":2,"featured_media":668505,"comment_status":"","ping_status":"","sticky":false,"template":"","format":"standard","meta":{"footnotes":"","_share_on_mastodon":"0"},"categories":[20],"tags":[120,118,119,42,38,40,39,41,116,114,115,121,117],"class_list":["post-668504","post","type-post","status-publish","format-standard","has-post-thumbnail","category-nauka-i-technika","tag-nauka","tag-nauka-i-technika","tag-naukatechnika","tag-pl","tag-poland","tag-polish","tag-polska","tag-polski","tag-science","tag-science-and-technology","tag-sciencetechnology","tag-technika","tag-technology"],"share_on_mastodon":{"url":"https:\/\/pubeurope.com\/@pl\/117216747763964548","error":""},"_links":{"self":[{"href":"https:\/\/www.europesays.com\/pl\/wp-json\/wp\/v2\/posts\/668504","targetHints":{"allow":["GET"]}}],"collection":[{"href":"https:\/\/www.europesays.com\/pl\/wp-json\/wp\/v2\/posts"}],"about":[{"href":"https:\/\/www.europesays.com\/pl\/wp-json\/wp\/v2\/types\/post"}],"author":[{"embeddable":true,"href":"https:\/\/www.europesays.com\/pl\/wp-json\/wp\/v2\/users\/2"}],"replies":[{"embeddable":true,"href":"https:\/\/www.europesays.com\/pl\/wp-json\/wp\/v2\/comments?post=668504"}],"version-history":[{"count":0,"href":"https:\/\/www.europesays.com\/pl\/wp-json\/wp\/v2\/posts\/668504\/revisions"}],"wp:featuredmedia":[{"embeddable":true,"href":"https:\/\/www.europesays.com\/pl\/wp-json\/wp\/v2\/media\/668505"}],"wp:attachment":[{"href":"https:\/\/www.europesays.com\/pl\/wp-json\/wp\/v2\/media?parent=668504"}],"wp:term":[{"taxonomy":"category","embeddable":true,"href":"https:\/\/www.europesays.com\/pl\/wp-json\/wp\/v2\/categories?post=668504"},{"taxonomy":"post_tag","embeddable":true,"href":"https:\/\/www.europesays.com\/pl\/wp-json\/wp\/v2\/tags?post=668504"}],"curies":[{"name":"wp","href":"https:\/\/api.w.org\/{rel}","templated":true}]}}