{"id":668536,"date":"2026-09-05T05:47:15","date_gmt":"2026-09-05T05:47:15","guid":{"rendered":"https:\/\/www.europesays.com\/pl\/668536\/"},"modified":"2026-09-05T05:47:15","modified_gmt":"2026-09-05T05:47:15","slug":"krakow-wspiera-biznes-kluczem-jest-roznorodnosc","status":"publish","type":"post","link":"https:\/\/www.europesays.com\/pl\/668536\/","title":{"rendered":"Krak\u00f3w wspiera biznes. Kluczem jest r\u00f3\u017cnorodno\u015b\u0107"},"content":{"rendered":"<p>\n        W walce o pieni\u0105dze, innowacje i talent wygrywaj\u0105 te miasta, kt\u00f3re traktuj\u0105 firmy jak partner\u00f3w. M\u0105dre wsparcie biznesu to po prostu usuwanie barier tak, by przedsi\u0119biorcy mogli sprawniej podejmowa\u0107 decyzje i inwestowa\u0107 bez obaw.\n    <\/p>\n<p>\n        Przyk\u0142adem wsp\u00f3\u0142pracy nauki, samorz\u0105du i biznesu jest <a href=\"https:\/\/www.newsweek.pl\/trendy-i-inspiracje\/podroze\/kulturalne-lato-we-wroclawiu-najciekawsze-wydarzenia\/6mw4ebs\" id=\"edc6d111-1281-44e8-8c44-e23c04f9ea06\" rel=\"nofollow noopener\" target=\"_blank\">Wroc\u0142aw<\/a>. Dzi\u0119ki dzia\u0142alno\u015bci Agencji Rozwoju Aglomeracji Wroc\u0142awskiej (ARAW) miasto przyci\u0105gn\u0119\u0142o liczne centra badawczo-rozwojowe oraz firmy technologiczne. Wroc\u0142awski Park Technologiczny, programy akceleracyjne i wsp\u00f3\u0142praca z Politechnik\u0105 Wroc\u0142awsk\u0105 stworzy\u0142y \u015brodowisko sprzyjaj\u0105ce rozwojowi innowacyjnych firm. Miasto oferuje r\u00f3wnie\u017c rozwini\u0119t\u0105 opiek\u0119 nad inwestorami po rozpocz\u0119ciu dzia\u0142alno\u015bci. To sprzyja rozwojowi zar\u00f3wno globalnych korporacji, jak i lokalnych firm technologicznych. R\u00f3wnie\u017c Pozna\u0144 wspiera mikro, ma\u0142e i \u015brednie przedsi\u0119biorstwa oraz rozwija wsp\u00f3\u0142prac\u0119 biznesu z uczelniami. Pozna\u0144ski Park Naukowo-Technologiczny od 30 lat pomaga we wdra\u017caniu wynik\u00f3w bada\u0144 i rozwoju innowacyjnych firm, a miejskie inicjatywy (takie jak strefa Plus Jeden Pozna\u0144) oferuj\u0105 programy dla bran\u017c kreatywnych i technologicznych.\n    <\/p>\n<p>\n        Szczecin z kolei pokazuje, jak wykorzysta\u0107 potencja\u0142 gospodarki morskiej i logistyki, ale te\u017c po\u0142o\u017cenie przygraniczne. Miasto wspiera przedsi\u0119biorc\u00f3w poprzez Szczeci\u0144ski Park Naukowo-Technologiczny (Technopark Pomerania) oraz inicjatywy zwi\u0105zane z zielon\u0105 transformacj\u0105 portu i przemys\u0142u offshore. Gda\u0144sk z kolei \u0142\u0105czy potencja\u0142 gospodarki morskiej i logistyki z rozwojem nowych technologii. Gda\u0144ska Agencja Rozwoju Gospodarczego (InvestGDA) oraz Gda\u0144ski Inkubator Przedsi\u0119biorczo\u015bci STARTER wspieraj\u0105 start-upy oraz ma\u0142e i \u015brednie przedsi\u0119biorstwa. Miasto inwestuje tak\u017ce w cyfryzacj\u0119 i zielon\u0105 gospodark\u0119.\n    <\/p>\n<p>\n        Ka\u017cda z polskich metropolii buduje sw\u00f3j potencja\u0142 w inny spos\u00f3b: Wroc\u0142aw na wsp\u00f3\u0142pracy nauki z biznesem, <a href=\"https:\/\/www.newsweek.pl\/biznes\/poznan-buduje-wlasna-doline-krzemowa-tu-rodzi-sie-fabryka-ai\/w0gdxmx\" id=\"c452aec8-4501-483e-ab04-4ec801f90f97\" rel=\"nofollow noopener\" target=\"_blank\">Pozna\u0144<\/a> na sile sektora M\u015aP, Szczecin na gospodarce morskiej, a Gda\u0144sk na po\u0142\u0105czeniu przemys\u0142u, logistyki i nowych technologii. Krak\u00f3w pr\u00f3buje po\u0142\u0105czy\u0107 te elementy w jeden ekosystem.\n    <\/p>\n<p>                    <img width=\"610\" height=\"458\" alt=\"Akademia G\u00f3rniczo-Hutnicza \u2014 gmach g\u0142\u00f3wny\" title=\"Akademia G\u00f3rniczo-Hutnicza \u2014 gmach g\u0142\u00f3wny\" class=\"image imgWithMetaData\" src=\"https:\/\/www.europesays.com\/pl\/wp-content\/uploads\/2026\/09\/c_mk9kpTURBXy9hYWRjZTlkNjA4MDhiYTMxYWYxZWU5NmZiMzY1MDZmYi5qcGeRlQLNAmLNAcrCw94AAaEwAQ.jpeg\" loading=\"lazy\" decoding=\"async\"\/> <\/p>\n<p>        Dialog z sektorem prywatnym<\/p>\n<p>\n        Krak\u00f3w od dawna nie kojarzy si\u0119 wy\u0142\u0105cznie z zabytkow\u0105 architektur\u0105 ani turystyk\u0105. Dzi\u015b stolica Ma\u0142opolski jest najwi\u0119kszym regionalnym i drugim co do wielko\u015bci rynkiem biurowym w Polsce, z zasobem oko\u0142o 1,84 mln mkw. nowoczesnej powierzchni oraz jednym z najwa\u017cniejszych europejskich o\u015brodk\u00f3w nowoczesnych us\u0142ug dla biznesu. W Krakowie dzia\u0142a obecnie oko\u0142o 300 centr\u00f3w us\u0142ug biznesowych, zatrudniaj\u0105cych ponad 100 tys. os\u00f3b. To jeden z najwi\u0119kszych o\u015brodk\u00f3w sektora nowoczesnych us\u0142ug biznesowych w Europie \u015arodkowo-Wschodniej. Jednocze\u015bnie Krak\u00f3w rozwija lokaln\u0105 przedsi\u0119biorczo\u015b\u0107 i wspiera firmy rodzinne, kt\u00f3re s\u0105 wa\u017cnym elementem miejskiej gospodarki.\n    <\/p>\n<p>\n        \u2014 Krak\u00f3w rozwija si\u0119 w taki spos\u00f3b, \u017ceby miejsce znalaz\u0142y zar\u00f3wno du\u017ce inwestycje, jak i lokalna przedsi\u0119biorczo\u015b\u0107, czyli firmy rodzinne, start-upy i innowacyjne projekty tworzone przez Krakowian \u2014 m\u00f3wi Jacek Liguzi\u0144ski, dyrektor Wydzia\u0142u ds. Przedsi\u0119biorczo\u015bci i Innowacji Urz\u0119du Miasta Krakowa.\n    <\/p>\n<p>\n        Istot\u0105 stworzenia sprawnie dzia\u0142aj\u0105cego ekosystemu jest sta\u0142y kana\u0142 komunikacji mi\u0119dzy magistratem a rynkiem. Odpowiedzi\u0105 na t\u0119 potrzeb\u0119 by\u0142o powo\u0142anie Krakowskiej Rady Przedsi\u0119biorczo\u015bci. To cia\u0142o opiniodawczo-doradcze skupia przedstawicieli biznesu, uczelni, organizacji bran\u017cowych i miejskich jednostek. Ma wzmacnia\u0107 dialog miasta z przedsi\u0119biorcami i przekazywa\u0107 prezydentowi rekomendacje dotycz\u0105ce rozwoju przedsi\u0119biorczo\u015bci.\n    <\/p>\n<p>\n        \u2014 Krakowska Rada Przedsi\u0119biorczo\u015bci i &#8222;Memorandum na rzecz zr\u00f3wnowa\u017conej wsp\u00f3\u0142pracy&#8221; pokazuj\u0105, jak bardzo zmieni\u0142o si\u0119 podej\u015bcie miasta do biznesu. Nie dzia\u0142amy ju\u017c tylko jednostronnie, lecz w sta\u0142ym dialogu z przedsi\u0119biorcami. Firmy nie s\u0105 dla nas dzi\u015b odbiorcami polityki miejskiej, ale realnymi wsp\u00f3\u0142tw\u00f3rcami rozwi\u0105za\u0144, kt\u00f3re wp\u0142ywaj\u0105 na warunki prowadzenia dzia\u0142alno\u015bci w Krakowie. Dzi\u0119ki temu przedsi\u0119biorcy maj\u0105 realny wp\u0142yw na nasze decyzje, a my zyskujemy wiedz\u0119, dzi\u0119ki kt\u00f3rej polityka gospodarcza lepiej odpowiada na potrzeby rynku. Pracujemy te\u017c nad wsp\u00f3ln\u0105 platform\u0105, kt\u00f3ra po\u0142\u0105czy wszystkie organizacje wspieraj\u0105ce start-upy w Krakowie \u2014 dodaje Jacek Liguzi\u0144ski.\n    <\/p>\n<p>                    <img width=\"610\" height=\"407\" alt=\"Inauguracja Gaia AI Factory\" title=\"Inauguracja Gaia AI Factory\" class=\"image imgWithMetaData\" src=\"https:\/\/www.europesays.com\/pl\/wp-content\/uploads\/2026\/09\/Olgk9kpTURBXy84N2Q2YmRkNTEyMzY2MDE0M2ZhNDA4Y2UyZmM4NjkzOC5qcGeRlQLNAmLNAZfCw94AAaEwAQ.jpeg\" loading=\"lazy\" decoding=\"async\"\/> <\/p>\n<p>        Od akademickich talent\u00f3w po cyfrowe pot\u0119gi<\/p>\n<p>\n        <a href=\"https:\/\/www.newsweek.pl\/biznes\/nowe-zerniki-maja-byc-miastem-15-minutowym-wzorowano-sie-na-projekcie-sprzed-100-lat\/xhflh9p\" id=\"e960693d-18bf-477e-af5e-56b6ac64f14c\" rel=\"nofollow noopener\" target=\"_blank\">Nowoczesna gospodarka wymaga elastycznego i g\u0142\u0119bokiego powi\u0105zania nauki, edukacji oraz biznesu<\/a>. Krak\u00f3w wiele lat temu pozna\u0142 t\u0119 zale\u017cno\u015b\u0107, buduj\u0105c ekosystem wspierania wysokich technologii, kszta\u0142cenia kadr przysz\u0142o\u015bci oraz komercjalizacji innowacji.\n    <\/p>\n<p>\n        Miasto rozwija r\u00f3wnie\u017c &#8222;Call for Business&#8221;, biuletyn skierowany do krakowskiego \u015brodowiska biznesowego, w kt\u00f3rym prezentowane s\u0105 informacje o inwestycjach, innowacjach i inicjatywach wa\u017cnych dla przedsi\u0119biorc\u00f3w.\n    <\/p>\n<p>\n        Z kolei odpowiedzi\u0105 na rosn\u0105ce zapotrzebowanie sektora nowoczesnych us\u0142ug biznesowych jest program studi\u00f3w Global Business Services (GBS), kszta\u0142c\u0105cy specjalist\u00f3w \u0142\u0105cz\u0105cych kompetencje mened\u017cerskie, analityczne i technologiczne.\n    <\/p>\n<p>\n        Samo kszta\u0142cenie kadr to jednak dopiero cz\u0119\u015b\u0107 sukcesu. Ko\u0142em zamachowym dla ma\u0142opolskiego biznesu staje si\u0119 dost\u0119p do zaawansowanej infrastruktury obliczeniowej, bez kt\u00f3rej dynamiczny rozw\u00f3j sztucznej inteligencji czy zaawansowanych symulacji in\u017cynieryjnych nie by\u0142by mo\u017cliwy.\n    <\/p>\n<p>\n        \u2014 Gaia AI Factory to polska fabryka sztucznej inteligencji, projekt o warto\u015bci 70 mln euro, finansowany po po\u0142owie przez Polsk\u0119 i Uni\u0119 Europejsk\u0105 w ramach Europejskiego Wsp\u00f3lnego Przedsi\u0119wzi\u0119cia w zakresie Oblicze\u0144 Wielkiej Skali (EuroHPC JU). Jej sercem b\u0119dzie superkomputer z ponad tysi\u0105cem akcelerator\u00f3w GPU, wielokrotnie wydajniejszy od Heliosa, kt\u00f3ry uruchomimy w Krakowie w drugiej po\u0142owie 2027 r. Ale fabryka to nie tylko sprz\u0119t. To tak\u017ce dost\u0119p do danych, narz\u0119dzi, szkole\u0144, doradztwa i wsparcia, od pomys\u0142u, przez prototyp, po produkcj\u0119 \u2014 t\u0142umaczy Marek Magry\u015b, dyrektor w Akademickim Centrum Komputerowym Cyfronet AGH.\n    <\/p>\n<p>\n        To sprawia, \u017ce zaawansowane technologie przestaj\u0105 by\u0107 tylko domen\u0105 naukowc\u00f3w, a staj\u0105 si\u0119 dla biznesu praktycznym narz\u0119dziem na co dzie\u0144. O sukcesie nie decyduje ju\u017c sama koncepcja, ale to, jak szybko i bezpiecznie uda si\u0119 j\u0105 wcieli\u0107 w \u017cycie.\n    <\/p>\n<p>\n        \u2014 Dost\u0119p do mocy obliczeniowej sta\u0142 si\u0119 czynnikiem konkurencyjno\u015bci, bo sztuczna inteligencja przesta\u0142a by\u0107 wy\u0142\u0105cznie eksperymentem, a sta\u0142a si\u0119 produktem. Pr\u00f3g wej\u015bcia w rozw\u00f3j sztucznej inteligencji jest jednak wysoko: w\u0142asny klaster GPU to inwestycja, na kt\u00f3r\u0105 mniejsza firma po prostu nie mo\u017ce sobie pozwoli\u0107. Gaia ten pr\u00f3g obni\u017ca. Ma\u0142e i \u015brednie przedsi\u0119biorstwa oraz start-upy skorzystaj\u0105 z zasob\u00f3w bez budowania w\u0142asnego zaplecza \u2014 dodaje Marek Magry\u015b.\n    <\/p>\n<p>        Duzi i mali przy jednym stole<\/p>\n<p>\n        Si\u0142\u0105 Krakowa jest r\u00f3\u017cnorodno\u015b\u0107 jego gospodarczego ekosystemu. Obok siebie dzia\u0142aj\u0105 tradycyjne zak\u0142ady rzemie\u015blnicze, firmy rodzinne, start-upy, \u015bwiatowe korporacje oraz rozbudowane zaplecze naukowo-badawcze reprezentowane m.in. przez Akademi\u0119 G\u00f3rniczo-Hutnicz\u0105 czy Uniwersytet Jagiello\u0144ski.\n    <\/p>\n<p>\n        \u2014 Du\u017co znacz\u0105 dzi\u015b inicjatywy odpowiadaj\u0105ce na realne potrzeby przedsi\u0119biorc\u00f3w, jak punkt konsultacyjny do spraw sukcesji dla sektora ma\u0142ych i \u015brednich przedsi\u0119biorstw, kt\u00f3ry pomaga firmom rodzinnym bezpiecznie przej\u015b\u0107 zmian\u0119 pokoleniow\u0105. R\u00f3wnie wa\u017cne jest przygotowanie kadr dla nowoczesnej gospodarki, dlatego rozwijamy wsp\u00f3\u0142prac\u0119 z uczelniami i programy buduj\u0105ce kompetencje. My\u015bl\u0119, \u017ce si\u0142a Krakowa nie polega na wyborze mi\u0119dzy globalnymi a lokalnymi firmami, tylko na budowaniu <a href=\"https:\/\/www.newsweek.pl\/biznes\/sztuczna-inteligencja-zmienia-miasto-jak-ai-usprawnia-zycie-mieszkancow-krakowa\/zbez92x\" id=\"411842ba-8ba0-4da5-8b18-12caea60ac90\" rel=\"nofollow noopener\" target=\"_blank\">ekosystemu<\/a>, w kt\u00f3rym te dwa \u015bwiaty si\u0119 uzupe\u0142niaj\u0105 \u2014 m\u00f3wi Jacek Liguzi\u0144ski.\n    <\/p>\n<p>Dzi\u0119ki takiemu podej\u015bciu stolica Ma\u0142opolski nie tylko przyci\u0105ga \u015bwiatowy kapita\u0142, ale te\u017c wzmacnia d\u0142ugofalow\u0105 odporno\u015b\u0107 gospodarcz\u0105. Samorz\u0105d natomiast nie pr\u00f3buje zast\u0119powa\u0107 biznesu, lecz buduje \u015brodowisko, w kt\u00f3rym przedsi\u0119biorcy mog\u0105 dzia\u0142a\u0107 i inwestowa\u0107 z wi\u0119ksz\u0105 pewno\u015bci\u0105. <\/p>\n","protected":false},"excerpt":{"rendered":"W walce o pieni\u0105dze, innowacje i talent wygrywaj\u0105 te miasta, kt\u00f3re traktuj\u0105 firmy jak partner\u00f3w. M\u0105dre wsparcie biznesu&hellip;\n","protected":false},"author":2,"featured_media":668537,"comment_status":"","ping_status":"","sticky":false,"template":"","format":"standard","meta":{"footnotes":"","_share_on_mastodon":"0"},"categories":[51606],"tags":[13950,1304,4027,129711,1066,42,38,40,39,41,1853],"class_list":["post-668536","post","type-post","status-publish","format-standard","has-post-thumbnail","category-krakow","tag-ekosystem","tag-krakow","tag-logistyka","tag-metropolie","tag-miasto","tag-pl","tag-poland","tag-polish","tag-polska","tag-polski","tag-wroclaw"],"share_on_mastodon":{"url":"https:\/\/pubeurope.com\/@pl\/117216861938287189","error":""},"_links":{"self":[{"href":"https:\/\/www.europesays.com\/pl\/wp-json\/wp\/v2\/posts\/668536","targetHints":{"allow":["GET"]}}],"collection":[{"href":"https:\/\/www.europesays.com\/pl\/wp-json\/wp\/v2\/posts"}],"about":[{"href":"https:\/\/www.europesays.com\/pl\/wp-json\/wp\/v2\/types\/post"}],"author":[{"embeddable":true,"href":"https:\/\/www.europesays.com\/pl\/wp-json\/wp\/v2\/users\/2"}],"replies":[{"embeddable":true,"href":"https:\/\/www.europesays.com\/pl\/wp-json\/wp\/v2\/comments?post=668536"}],"version-history":[{"count":0,"href":"https:\/\/www.europesays.com\/pl\/wp-json\/wp\/v2\/posts\/668536\/revisions"}],"wp:featuredmedia":[{"embeddable":true,"href":"https:\/\/www.europesays.com\/pl\/wp-json\/wp\/v2\/media\/668537"}],"wp:attachment":[{"href":"https:\/\/www.europesays.com\/pl\/wp-json\/wp\/v2\/media?parent=668536"}],"wp:term":[{"taxonomy":"category","embeddable":true,"href":"https:\/\/www.europesays.com\/pl\/wp-json\/wp\/v2\/categories?post=668536"},{"taxonomy":"post_tag","embeddable":true,"href":"https:\/\/www.europesays.com\/pl\/wp-json\/wp\/v2\/tags?post=668536"}],"curies":[{"name":"wp","href":"https:\/\/api.w.org\/{rel}","templated":true}]}}