{"id":668562,"date":"2026-09-05T06:01:39","date_gmt":"2026-09-05T06:01:39","guid":{"rendered":"https:\/\/www.europesays.com\/pl\/668562\/"},"modified":"2026-09-05T06:01:39","modified_gmt":"2026-09-05T06:01:39","slug":"karol-nawrocki-reaguje-w-sprawie-radoslawa-piesiewicza","status":"publish","type":"post","link":"https:\/\/www.europesays.com\/pl\/668562\/","title":{"rendered":"Karol Nawrocki reaguje w sprawie Rados\u0142awa Piesiewicza"},"content":{"rendered":"<p>W czwartek Karol Nawrocki spotka\u0142 si\u0119 z dziennikarzami i w trakcie nied\u0142ugiej rozmowy poruszonych zosta\u0142o wiele r\u00f3\u017cnych temat\u00f3w. R\u00f3wnie\u017c ten dotycz\u0105cy afery Zondacrypto i zatrzymanego kilka dni temu Rados\u0142awa Piesiewicza.<\/p>\n<p>Dalszy ci\u0105g artyku\u0142u pod materia\u0142em wideoKarol Nawrocki odpowiada w sprawie Rados\u0142awa Piesiewicza<a href=\"https:\/\/przegladsportowy.onet.pl\/\" title=\"Strona g\u0142\u00f3wna serwisu\" aria-label=\"Strona g\u0142\u00f3wna serwisu\" data-astro-prefetch=\"tap\" class=\"ods-a-logo-main-desktop\" rel=\"nofollow noopener\" target=\"_blank\"><img src=\"https:\/\/cdn.przegladsportowy.onet.pl\/img\/Logo_desktop_Onet.svg\" class=\"ods-a-logo-main-desktop__image\" alt=\"Logo\" width=\"107\" height=\"60\" fetchpriority=\"high\" decoding=\"sync\" style=\"height:60px\"\/><\/a><\/p>\n<p class=\"ods-m-google-article__text\">Czytaj nas cz\u0119\u015bciej w Google<\/p>\n<p><a href=\"https:\/\/google.com\/preferences\/source?q=przegladsportowy.onet.pl\" target=\"_blank\" rel=\"noopener noreferrer nofollow\" aria-label=\"Dodaj w Google\" title=\"Dodaj w Google\" class=\"ods-a-button ods-a-button__primary ods-a-button__default ods-a-button-l\">Dodaj w Google<\/a><\/p>\n<p>\u2014 Czy Rados\u0142aw Piesiewicz powinien by\u0107 odwo\u0142any ze stanowiska szefa PKOl? \u2014 zapyta\u0142 jeden z dziennikarzy. \u2014 To nie jest panie redaktorze moja sprawa. Wprawdzie jestem jako Prezydent Polski patronem Ruchu Olimpijskiego. Niezale\u017cnie, kto b\u0119dzie szefem PKOl-u, to ja b\u0119d\u0119 wspiera\u0142 polskich sportowc\u00f3w \u2014 zacz\u0105\u0142 Nawrocki.<\/p>\n<p>\u2014 Niebawem igrzyska m\u0142odzie\u017cowe w Senegalu. Jak przy igrzyskach olimpijskich w Mediolanie, polscy sportowcy mog\u0105 liczy\u0107 na wsparcie Pa\u0142acu Prezydenckiego. Wywi\u0105zuj\u0119 si\u0119 ze swoich obowi\u0105zk\u00f3w. Ktokolwiek nie b\u0119dzie prezesem PKOl-u, to mo\u017ce liczy\u0107 na wsparcie Prezydenta i Kancelarii Prezydenta. To jest rzecz oczywista \u2014 doda\u0142.<\/p>\n<p><img class=\"ods-a-photo ods-a-photo--background\" src=\"https:\/\/www.europesays.com\/pl\/wp-content\/uploads\/2026\/09\/N1_k9lBaHR0cHM6Ly9vY2RuLmV1L3B1bHNjbXMvTURBXy8xMDVmMWY5NTcyYzE3NTIyZDk2MDYyMTkxNTY2NDdiMC5qcGeRkwXNB.jpeg\" height=\"627\" width=\"940\" alt=\"Rados\u0142aw Piesiewicz\" loading=\"lazy\" fetchpriority=\"auto\" decoding=\"auto\" url=\"https:\/\/ocdn.eu\/pulscms\/MDA_\/105f1f9572c17522d9606219156647b0.jpg\" description=\"Rados\u0142aw Piesiewicz\" author=\"Marcin Solarz\/FotoPyk \/ newspix.pl\" source=\"\" link=\"\"\/><\/p>\n<p>Marcin Solarz\/FotoPyk \/ newspix.pl<\/p>\n<p>Rados\u0142aw Piesiewicz<\/p>\n<p>&#8222;Musz\u0105 sami wybiera\u0107 swojego prezesa&#8221;. Karol Nawrocki wprost<\/p>\n<p>Prezydent postawi\u0142 spraw\u0119 jasno: on za sytuacj\u0119 w komitecie nie odpowiada. \u2014 Natomiast jak wygl\u0105da wewn\u0119trzna sytuacja w PKOl-u, to musi pan redaktor wybaczy\u0107, to jest niezale\u017cne stowarzyszenie, wobec tego musz\u0105 sami wybiera\u0107 swojego prezesa. Ja nie wybieram prezesa PKOl-u \u2014 m\u00f3wi\u0142 dalej Nawrocki.<\/p>\n<p>\u2014 Kibicowskie serce w sprawie PKOl-u podpowiada mi, \u017ce zrobi\u0119 wszystko, aby m\u0142odzie\u017c pojecha\u0142a do Dakaru na m\u0142odzie\u017cowe igrzyska i zdoby\u0142a jak najwi\u0119cej medali. To nie jest moja decyzja, kto jest szefem PKOl-u. Mam nadziej\u0119, \u017ce wszystko odb\u0119dzie si\u0119 na odpowiednim poziomie \u2014 zako\u0144czy\u0142.<\/p>\n<p>Oto aktualna sytuacja Rados\u0142awa Piesiewicza<\/p>\n<p>Przypomnijmy, \u017ce w zesz\u0142y weekend s\u0105d zdecydowa\u0142 o tymczasowym trzymiesi\u0119cznym areszcie dla Piesiewicza. Dodatkowo us\u0142ysza\u0142 on dwa zarzuty zwi\u0105zane z afer\u0105 Zondacrypto. Wszystko wskazuje na to, \u017ce los Piesiewicza jako szefa PKOl-u jest ju\u017c przes\u0105dzony. We wtorek, 8 wrze\u015bnia, ma odby\u0107 si\u0119 spotkanie prezydium zarz\u0105du komitetu, a nast\u0119pnie sam zarz\u0105d. Wszystko po to, aby wybra\u0107 nast\u0119pc\u0119 aktualnego prezesa.<\/p>\n","protected":false},"excerpt":{"rendered":"W czwartek Karol Nawrocki spotka\u0142 si\u0119 z dziennikarzami i w trakcie nied\u0142ugiej rozmowy poruszonych zosta\u0142o wiele r\u00f3\u017cnych temat\u00f3w.&hellip;\n","protected":false},"author":2,"featured_media":668563,"comment_status":"","ping_status":"","sticky":false,"template":"","format":"standard","meta":{"footnotes":"","_share_on_mastodon":"0"},"categories":[62712],"tags":[128289,61195,2399,690,43,48,46,15347,15348,15346,47,130],"class_list":["post-668562","post","type-post","status-publish","format-standard","has-post-thumbnail","category-karol-nawrocki","tag-adshield_tst0","tag-bottomfeed_styl","tag-igrzyska_olimpijskie","tag-karol-nawrocki","tag-karol_nawrocki","tag-nat_styl","tag-omp","tag-pkol","tag-polski_komitet_olimpijski","tag-radoslaw_piesiewicz","tag-screening_general","tag-wiadomosci_sportowe"],"share_on_mastodon":{"url":"https:\/\/pubeurope.com\/@pl\/117216916473917507","error":""},"_links":{"self":[{"href":"https:\/\/www.europesays.com\/pl\/wp-json\/wp\/v2\/posts\/668562","targetHints":{"allow":["GET"]}}],"collection":[{"href":"https:\/\/www.europesays.com\/pl\/wp-json\/wp\/v2\/posts"}],"about":[{"href":"https:\/\/www.europesays.com\/pl\/wp-json\/wp\/v2\/types\/post"}],"author":[{"embeddable":true,"href":"https:\/\/www.europesays.com\/pl\/wp-json\/wp\/v2\/users\/2"}],"replies":[{"embeddable":true,"href":"https:\/\/www.europesays.com\/pl\/wp-json\/wp\/v2\/comments?post=668562"}],"version-history":[{"count":0,"href":"https:\/\/www.europesays.com\/pl\/wp-json\/wp\/v2\/posts\/668562\/revisions"}],"wp:featuredmedia":[{"embeddable":true,"href":"https:\/\/www.europesays.com\/pl\/wp-json\/wp\/v2\/media\/668563"}],"wp:attachment":[{"href":"https:\/\/www.europesays.com\/pl\/wp-json\/wp\/v2\/media?parent=668562"}],"wp:term":[{"taxonomy":"category","embeddable":true,"href":"https:\/\/www.europesays.com\/pl\/wp-json\/wp\/v2\/categories?post=668562"},{"taxonomy":"post_tag","embeddable":true,"href":"https:\/\/www.europesays.com\/pl\/wp-json\/wp\/v2\/tags?post=668562"}],"curies":[{"name":"wp","href":"https:\/\/api.w.org\/{rel}","templated":true}]}}