{"id":668564,"date":"2026-09-05T06:06:10","date_gmt":"2026-09-05T06:06:10","guid":{"rendered":"https:\/\/www.europesays.com\/pl\/668564\/"},"modified":"2026-09-05T06:06:10","modified_gmt":"2026-09-05T06:06:10","slug":"orlen-oil-motor-lublin-kontra-pres-grupa-deweloperska-torun-kazdy-punkt-przewagi-moze-byc-na-wage-zlota","status":"publish","type":"post","link":"https:\/\/www.europesays.com\/pl\/668564\/","title":{"rendered":"Orlen Oil Motor Lublin kontra PRES Grupa Deweloperska Toru\u0144. Ka\u017cdy punkt przewagi mo\u017ce by\u0107 na wag\u0119 z\u0142ota"},"content":{"rendered":"<p>Chyba rywalizacja z \u017cadnym innym zespo\u0142em PGE Ekstraligi nie elektryzuje kibic\u00f3w Orlen Oil Motoru, tak jak z ekip\u0105 z Torunia. W poprzednich latach \u201eKozio\u0142ki\u201d zdecydowanie zdominowa\u0142y najlepsz\u0105 \u017cu\u017clow\u0105 lig\u0119 \u015bwiata, ale z czasem by\u0142o im coraz trudniej, a\u017c w poprzednim sezonie po z\u0142oto si\u0119gn\u0119\u0142a w\u0142a\u015bnie PRES Grupa Deweloperska<\/p>\n<p>W 2019 roku w sz\u00f3stej kolejce fazy zasadniczej Lublinianie wygrali u siebie 48:42, a w rewan\u017cu w dziewi\u0105tej kolejce pokonali Torunian 53:37. Dwa lata p\u00f3\u017aniej, w pi\u0105tej kolejce \u201eKozio\u0142ki wygra\u0142y u siebie 51:39, a w Toruniu tak\u017ce okazali si\u0119 lepsi, ale wygrali ju\u017c tylko 46:44.<\/p>\n<p>W 2022 roku kalendarz u\u0142o\u017cy\u0142 si\u0119 tak, \u017ce Motor najpierw zawita\u0142 do Torunia. W czwartej kolejce Lublinianie wygrali na Motoarenie 48:42. Rewan\u017c w Lublinie, kt\u00f3ry mia\u0142 miejsce w 11. kolejce r\u00f3wnie\u017c zako\u0144czy\u0142 si\u0119 po my\u015bli Orlen Oil Motou (55:35)<\/p>\n<p>W tym samym sezonie w p\u00f3\u0142finale dosz\u0142o do kolejnych star\u0107 na linii Lublin \u2013 Toru\u0144. W pierwszym z nich na Motoarenie gospodarze wygrali 50:40, a w rewan\u017cu Motor odrobi\u0142 straty zwyci\u0119\u017caj\u0105c 54:36.<\/p>\n<p>Kolejne emocje przyni\u00f3s\u0142 sezon 2023. W rundzie zasadniczej, w sz\u00f3stej kolejce w Toruniu triumfowali gospodarze wygrywaj\u0105c 46:44, a w Lublinie Motor wygra\u0142 59:31. Kolejny raz obie dru\u017cyny spotka\u0142y si\u0119 na poziomie \u0107wier\u0107fina\u0142\u00f3w. W Toruniu Motor wygra\u0142 47:42 i by\u0142o to ich ostatnie do tej pory zwyci\u0119stwo na tym torze. Z kolei rewan\u017c przy Alejach Zygmuntowskich przyni\u00f3s\u0142 wygran\u0105 Kozio\u0142k\u00f3w 49:41.<\/p>\n<p>Dokonali niemal niemo\u017cliwego<\/p>\n<p>Czas na sezon 2024, kt\u00f3ry by\u0142 chyba najbardziej spektakularny. W trzeciej kolejce Motor wygra\u0142 u siebie 53:37, a w rewan\u017cu lepszy by\u0142 zesp\u00f3\u0142 z Torunia zwyci\u0119\u017caj\u0105c 48:42. Nast\u0119pnie oba zespo\u0142y spotka\u0142y si\u0119 w walce o fina\u0142 PGE Ekstraligi. W pierwszym meczu w Toruniu Motor uleg\u0142 a\u017c 39:51, ale w rewan\u017cu dzi\u0119ki spektakularnej je\u017adzie odrobi\u0142 straty z nawi\u0105zk\u0105 wygrywaj\u0105c 59:31.<\/p>\n<p>Miniona kampania przynios\u0142a jednak ostateczny kres dominacji \u201eKozio\u0142k\u00f3w\u201d. W rundzie zasadniczej Motor co prawda wygra\u0142 u siebie 55:35, ale w rewan\u017cu, kt\u00f3ry odby\u0142 si\u0119 tydzie\u0144 p\u00f3\u017aniej, przegra\u0142 42:48. Takie wyniki nie zwiastowa\u0142y tego, co wydarzy\u0142o si\u0119 w fazie play-off. Motor i PRES Grupa deweloperska spotka\u0142y si\u0119 w walce o z\u0142oty medal. Pierwszy mecz w Toruniu miejscowi wygrali 54:36, a w rewan\u017cu nie pozwolili Lublinianom na odrobienie strat. Motor wygra\u0142 co prawda 52:38, ale musia\u0142 zadowoli\u0107 si\u0119 \u201etylko\u201d srebrnym medalem.<\/p>\n<p>W obecnym sezonie oba zespo\u0142y spotka\u0142y si\u0119 ju\u017c w pierwszej kolejce. W Lublinie Motor wygra\u0142 56:34, ale w rewan\u017cu w dziewi\u0105tej kolejce przegra\u0142 na wyje\u017adzie a\u017c 29:61. Ten wynik mo\u017ce wi\u0119c budzi\u0107 ogromny niepok\u00f3j przed kolejn\u0105 wizyt\u0105 na Motoarenie. Najpierw jednak trzeba skupi\u0107 si\u0119 na kolejnej domowej rywalizacji. Jak pokazuje historia Bartosz Zmarzlik i sp\u00f3\u0142ka musz\u0105 zrobi\u0107 wszystko, by na swoim torze wypracowa\u0107 sobie jak najwi\u0119ksz\u0105 zaliczk\u0119 przed rewan\u017cem, bo ka\u017cdy dodatkowy punkt przewagi w finalnym rozrachunku mo\u017ce by\u0107 tym na wag\u0119 z\u0142ota.<\/p>\n<p>Jakie nastroje panuj\u0105 przed kolejn\u0105 ods\u0142on\u0105 starcia na linii Lublin \u2013 Toru\u0144? Na pewno w obu obozach s\u0105 bojowe, a kibice szykuj\u0105 si\u0119 na kolejne dwa spektakularne spotkania. Lublinianie w tym sezonie byli w tarapatach ju\u017c nie jeden raz i by\u0107 mo\u017ce przeciwno\u015bci losu z jakimi zmaga\u0142a si\u0119 dru\u017cyna trenera Macieja Kuciapy zahartuj\u0105 zesp\u00f3\u0142 w arcytrudnych starciach p\u00f3\u0142fina\u0142owych.<\/p>\n<p>Pocz\u0105tek niedzielnego meczu na torze przy Alejach Zygmuntowskich zaplanowano na godzin\u0119 19.30. Spotkanie b\u0119dzie mo\u017cna obejrze\u0107 na antenie Canal+ Sport. Tradycyjnie zach\u0119camy kibic\u00f3w do \u015bledzenia relacji \u201ebieg po biegu\u201d pod adresem dziennikwschodni.pl<\/p>\n","protected":false},"excerpt":{"rendered":"Chyba rywalizacja z \u017cadnym innym zespo\u0142em PGE Ekstraligi nie elektryzuje kibic\u00f3w Orlen Oil Motoru, tak jak z ekip\u0105&hellip;\n","protected":false},"author":2,"featured_media":668565,"comment_status":"","ping_status":"","sticky":false,"template":"","format":"standard","meta":{"footnotes":"","_share_on_mastodon":"0"},"categories":[52097],"tags":[100805,774,1334,42,38,40,39,41,174],"class_list":["post-668564","post","type-post","status-publish","format-standard","has-post-thumbnail","category-orlen","tag-lubelski-zuzel","tag-orlen","tag-pge-ekstraliga","tag-pl","tag-poland","tag-polish","tag-polska","tag-polski","tag-zuzel"],"share_on_mastodon":{"url":"https:\/\/pubeurope.com\/@pl\/117216934908589614","error":""},"_links":{"self":[{"href":"https:\/\/www.europesays.com\/pl\/wp-json\/wp\/v2\/posts\/668564","targetHints":{"allow":["GET"]}}],"collection":[{"href":"https:\/\/www.europesays.com\/pl\/wp-json\/wp\/v2\/posts"}],"about":[{"href":"https:\/\/www.europesays.com\/pl\/wp-json\/wp\/v2\/types\/post"}],"author":[{"embeddable":true,"href":"https:\/\/www.europesays.com\/pl\/wp-json\/wp\/v2\/users\/2"}],"replies":[{"embeddable":true,"href":"https:\/\/www.europesays.com\/pl\/wp-json\/wp\/v2\/comments?post=668564"}],"version-history":[{"count":0,"href":"https:\/\/www.europesays.com\/pl\/wp-json\/wp\/v2\/posts\/668564\/revisions"}],"wp:featuredmedia":[{"embeddable":true,"href":"https:\/\/www.europesays.com\/pl\/wp-json\/wp\/v2\/media\/668565"}],"wp:attachment":[{"href":"https:\/\/www.europesays.com\/pl\/wp-json\/wp\/v2\/media?parent=668564"}],"wp:term":[{"taxonomy":"category","embeddable":true,"href":"https:\/\/www.europesays.com\/pl\/wp-json\/wp\/v2\/categories?post=668564"},{"taxonomy":"post_tag","embeddable":true,"href":"https:\/\/www.europesays.com\/pl\/wp-json\/wp\/v2\/tags?post=668564"}],"curies":[{"name":"wp","href":"https:\/\/api.w.org\/{rel}","templated":true}]}}