{"id":668594,"date":"2026-09-05T06:26:10","date_gmt":"2026-09-05T06:26:10","guid":{"rendered":"https:\/\/www.europesays.com\/pl\/668594\/"},"modified":"2026-09-05T06:26:10","modified_gmt":"2026-09-05T06:26:10","slug":"tak-wyglada-grob-katarzyny-stoparczyk-rok-po-smierci-widok-porusza-plejada","status":"publish","type":"post","link":"https:\/\/www.europesays.com\/pl\/668594\/","title":{"rendered":"Tak wygl\u0105da gr\u00f3b Katarzyny Stoparczyk rok po \u015bmierci. Widok porusza &#8211; Plejada"},"content":{"rendered":"<ol>\n<li><a href=\"https:\/\/news.google.com\/rss\/articles\/CBMirAFBVV95cUxOQmdZelZVdUtQNzBIY2dUN0VOYlgwZ18wN3ZsS1VySG9udHdwY1BCcUpZT3g0R2c2QUtZVzRTT1hxXzV2SkRtUnNMZ0NKWkF1ZGFkTWt4YlZHRXBxNHhNQThwZzNHMS1oZGdnQWdfczNhYWZXc3gzYXZhMDdrTUtzMmJNQ0hmczhMRlh3NkVNLTdrYWdld3IyMTZwSDdyaGZxYTdTZm1DWG9sc1VY?oc=5\" target=\"_blank\" rel=\"nofollow noopener\">Tak wygl\u0105da gr\u00f3b Katarzyny Stoparczyk rok po \u015bmierci. Widok porusza<\/a>&nbsp;&nbsp;Plejada<\/li>\n<li><a href=\"https:\/\/news.google.com\/rss\/articles\/CBMiswFBVV95cUxNN3o3ZTVZUjNEWkNIWHlaTFNYb3Q1ajRNZVExa2NXZS1RNWtmM1RJbXFsZ0VyN0p2Y3RDVl8tS0pPcDgtTUUxTHIwalJZQ2NSd1U3R3F2bjZXdkJjZUtyYnIzVmNCaU5XMEVCRVZwcEh2NkFoQnpQRUdaWUVRNTI2dmhXaFBSYTBPTGh6TXgtcTZKVENmZkRlN2NkZmdsUGJzcFhSVm8yaE85Uy1XOEpFUmc3cw?oc=5\" target=\"_blank\" rel=\"nofollow noopener\">Ruszy\u0142a nowa zbi\u00f3rka funduszy na rzecz Pracowni im. Kasi Stoparczyk<\/a>&nbsp;&nbsp;Tr\u00f3jka \u2013 Program Trzeci Polskiego Radia<\/li>\n<li><a href=\"https:\/\/news.google.com\/rss\/articles\/CBMimAFBVV95cUxPUUkwaUZFbTYzXy1KT2tOd2tKZ3YxamZSZjhuVXhDY25fT0dPTTBmWUIyZ3B6UUpSUHhWZHY1eWlzbmdpWjZRemc0M1lKX2RxamsyRlJmTGp0anJkQlZSeTkyYjBSRG5rcWUwLVBnb1d4QzVDUTM4bVRsWVItWFd4S01jZjdITXNjN0l5OTF2b29faUtXbk5mbQ?oc=5\" target=\"_blank\" rel=\"nofollow noopener\">Festiwal Tauron M\u0142ode Horyzonty og\u0142osi\u0142 program. Ponad 170 film\u00f3w<\/a>&nbsp;&nbsp;TOK FM<\/li>\n<li><a href=\"https:\/\/news.google.com\/rss\/articles\/CBMirwFBVV95cUxOT2licVI0ZVNTTDhzeFYtcEM2d3U4OVdOUTUxYWRiR2RacXJwSVg1N1hGMGZ6S3Ywb2NMM2NqenprQ0lQSkU2NnhTa2FfOUVYcm5sb2lvcndHb3FuN0lCYlhzYjJ1VUkzbUlHWW1sM00wbjVIUi1pajFPV25XOUt3THhHcFpQZkdqWTVOUzdoczAzSlRVMElZRlB1WGVSX2NqYUtNMlFnU1Jad3RoRmlF?oc=5\" target=\"_blank\" rel=\"nofollow noopener\">&#8222;Pani Kasia by\u0142a \u015bwiat\u0142em&#8221;. Specjalne wydanie &#8222;Zagadkowej niedzieli&#8221;<\/a>&nbsp;&nbsp;Tr\u00f3jka \u2013 Program Trzeci Polskiego Radia<\/li>\n<li><a href=\"https:\/\/news.google.com\/rss\/articles\/CBMivwFBVV95cUxPTFA0WVIyeFpDb2dmYUtZSFdlLS1iUERCQkJra2pkd1l5ZXRzdE1IV1ZtS0R3b3FMZ3lMQng4QmwyVUlva3dKRHdnRi1hWVRXc3F2WGJwNjFieXEzb3htSGsyTEt6QU4yNmdIR0RLSGt4UDFxVm9yb2dPaUxBSnV1MFdGcm9reTg4LUVmWDM5bmhaY0Y3dmdsQzl2QlpaTTFyRkt6ZUtDZU5hUjd1bkRwcm9jUkxLTUI1UW1vdVQ3QQ?oc=5\" target=\"_blank\" rel=\"nofollow noopener\">U\u015bmiechni\u0119ta przyjaci\u00f3\u0142ka, kt\u00f3ra zmienia\u0142a \u015bwiat. Wspominamy Kasi\u0119 Stoparczyk<\/a>&nbsp;&nbsp;Tr\u00f3jka \u2013 Program Trzeci Polskiego Radia<\/li>\n<\/ol>\n","protected":false},"excerpt":{"rendered":"Tak wygl\u0105da gr\u00f3b Katarzyny Stoparczyk rok po \u015bmierci. Widok porusza&nbsp;&nbsp;Plejada Ruszy\u0142a nowa zbi\u00f3rka funduszy na rzecz Pracowni im.&hellip;\n","protected":false},"author":2,"featured_media":668595,"comment_status":"","ping_status":"","sticky":false,"template":"","format":"standard","meta":{"footnotes":"","_share_on_mastodon":"0"},"categories":[22],"tags":[61195,17267,122,322,48,125,46,42,38,40,39,41,123,47,338],"class_list":["post-668594","post","type-post","status-publish","format-standard","has-post-thumbnail","category-rozrywka","tag-bottomfeed_styl","tag-cmentarze_groby","tag-entertainment","tag-katarzyna_stoparczyk","tag-nat_styl","tag-newsy","tag-omp","tag-pl","tag-poland","tag-polish","tag-polska","tag-polski","tag-rozrywka","tag-screening_general","tag-tylko_w_plejadzie"],"share_on_mastodon":{"url":"","error":""},"_links":{"self":[{"href":"https:\/\/www.europesays.com\/pl\/wp-json\/wp\/v2\/posts\/668594","targetHints":{"allow":["GET"]}}],"collection":[{"href":"https:\/\/www.europesays.com\/pl\/wp-json\/wp\/v2\/posts"}],"about":[{"href":"https:\/\/www.europesays.com\/pl\/wp-json\/wp\/v2\/types\/post"}],"author":[{"embeddable":true,"href":"https:\/\/www.europesays.com\/pl\/wp-json\/wp\/v2\/users\/2"}],"replies":[{"embeddable":true,"href":"https:\/\/www.europesays.com\/pl\/wp-json\/wp\/v2\/comments?post=668594"}],"version-history":[{"count":0,"href":"https:\/\/www.europesays.com\/pl\/wp-json\/wp\/v2\/posts\/668594\/revisions"}],"wp:featuredmedia":[{"embeddable":true,"href":"https:\/\/www.europesays.com\/pl\/wp-json\/wp\/v2\/media\/668595"}],"wp:attachment":[{"href":"https:\/\/www.europesays.com\/pl\/wp-json\/wp\/v2\/media?parent=668594"}],"wp:term":[{"taxonomy":"category","embeddable":true,"href":"https:\/\/www.europesays.com\/pl\/wp-json\/wp\/v2\/categories?post=668594"},{"taxonomy":"post_tag","embeddable":true,"href":"https:\/\/www.europesays.com\/pl\/wp-json\/wp\/v2\/tags?post=668594"}],"curies":[{"name":"wp","href":"https:\/\/api.w.org\/{rel}","templated":true}]}}