{"id":668596,"date":"2026-09-05T06:28:15","date_gmt":"2026-09-05T06:28:15","guid":{"rendered":"https:\/\/www.europesays.com\/pl\/668596\/"},"modified":"2026-09-05T06:28:15","modified_gmt":"2026-09-05T06:28:15","slug":"zus-wyplaca-pieniadze-we-wrzesniu-kiedy-bedzie-i-ile-wyniesie-14-emerytura-2026","status":"publish","type":"post","link":"https:\/\/www.europesays.com\/pl\/668596\/","title":{"rendered":"ZUS wyp\u0142aca pieni\u0105dze we wrze\u015bniu. Kiedy b\u0119dzie i ile wyniesie 14. emerytura 2026?"},"content":{"rendered":"<p>Czternasta emerytura to coroczne, dodatkowe wsparcie finansowe dla senior\u00f3w, kt\u00f3re zosta\u0142o zagwarantowane ustaw\u0105 z 2023 r. Ostateczny termin wyp\u0142aty ustala Rada Ministr\u00f3w, bior\u0105c pod uwag\u0119 mo\u017cliwo\u015bci organizacyjne i techniczne Zak\u0142adu Ubezpiecze\u0144 Spo\u0142ecznych, Kasy Rolniczego Ubezpieczenia Spo\u0142ecznego oraz zak\u0142ad\u00f3w emerytalno-rentowych s\u0142u\u017cb mundurowych.<\/p>\n<p>W 2026 r. wska\u017anik waloryzacji emerytur wynosi 5,3 proc., co przek\u0142ada si\u0119 na wysoko\u015b\u0107 czternastej emerytury r\u00f3wn\u0105 najni\u017cszemu \u015bwiadczeniu obowi\u0105zuj\u0105cemu od marca, czyli 1978,49 z\u0142 brutto. ZUS przekaza\u0142, \u017ce tak\u0105 kwot\u0119 otrzymaj\u0105 osoby, kt\u00f3rych emerytura lub renta nie przekracza 2900 z\u0142 brutto. W przypadku wy\u017cszych \u015bwiadcze\u0144 obowi\u0105zuje zasada &#8222;z\u0142ot\u00f3wka za z\u0142ot\u00f3wk\u0119&#8221;, co oznacza, \u017ce czternasta emerytura zostanie pomniejszona o kwot\u0119 przekroczenia progu 2900 z\u0142.<\/p>\n<p><a href=\"https:\/\/www.onet.pl\/\" title=\"Strona G\u0142\u00f3wna\" aria-label=\"Strona G\u0142\u00f3wna\" data-astro-prefetch=\"tap\" class=\"ods-a-logo-main-desktop\" rel=\"nofollow noopener\" target=\"_blank\"><img src=\"https:\/\/cdn.wiadomosci.onet.pl\/img\/Logo_desktop_Onet.svg\" class=\"ods-a-logo-main-desktop__image\" alt=\"Logo\" width=\"107\" height=\"60\" fetchpriority=\"high\" decoding=\"sync\" style=\"height:60px\"\/><\/a><\/p>\n<p class=\"ods-m-google-article__text\">Czytaj nas cz\u0119\u015bciej w Google<\/p>\n<p><a href=\"https:\/\/google.com\/preferences\/source?q=wiadomosci.onet.pl\" target=\"_blank\" rel=\"noopener noreferrer nofollow\" aria-label=\"Dodaj w Google\" title=\"Dodaj w Google\" class=\"ods-a-button ods-a-button__primary ods-a-button__default ods-a-button-l\">Dodaj w Google<\/a><\/p>\n<p class=\"ods-o-frame-in-text__paragraph\"><a href=\"https:\/\/wiadomosci.onet.pl\/kraj\/dluzsze-zycie-to-nizsza-emerytura-ekspert-wyjasnia-paradoks-systemu\/57t44xf?tpcc=202608_bloczek_newsroom\" id=\"4aee1231-7afc-4343-ab96-c5d0eb55dda9\" rel=\"nofollow noopener\" target=\"_blank\">D\u0142u\u017csze \u017cycie to ni\u017csza emerytura? Ekspert wyja\u015bnia paradoks systemu emerytalnego [WYWIAD]<\/a><\/p>\n<p><img class=\"ods-a-photo ods-a-photo--background\" src=\"https:\/\/www.europesays.com\/pl\/wp-content\/uploads\/2026\/09\/3J8k9lBaHR0cHM6Ly9vY2RuLmV1L3B1bHNjbXMvTURBXy8yMmJkMTNhYjBhZTgzYmFjNWJhZTRkOWMwYmFjMDA2MS5qcGeRlQLNA.jpeg\" height=\"300\" width=\"450\" alt=\"Oskar Sobolewski \" loading=\"lazy\" fetchpriority=\"low\" decoding=\"async\"\/>Kiedy b\u0119dzie 14. emerytura w 2026 r.? <\/p>\n<p>Czternasta emerytura zostanie przekazana razem z podstawowym \u015bwiadczeniem. ZUS rozpocznie wyp\u0142aty 1 wrze\u015bnia 2026 r. Kolejne terminy to: 6, 10, 15, 20 i 25 wrze\u015bnia, a dla os\u00f3b pobieraj\u0105cych \u015bwiadczenia przedemerytalne \u2014 1 pa\u017adziernika. \u015awiadczenie zostanie wyp\u0142acone automatycznie, bez konieczno\u015bci sk\u0142adania dodatkowych dokument\u00f3w.<\/p>\n<p>W przypadku os\u00f3b, kt\u00f3rych emerytura przekracza 2900 z\u0142 brutto, czternasta emerytura b\u0119dzie odpowiednio ni\u017csza. Przyk\u0142adowo osoba otrzymuj\u0105ca emerytur\u0119 w wysoko\u015bci 3500 z\u0142 brutto dostanie dodatkowe \u015bwiadczenie w wysoko\u015bci 1378,49 z\u0142 brutto.<\/p>\n<p>Kto nie otrzyma czternastki?<\/p>\n<p>ZUS nie wyp\u0142aci czternastej emerytury, je\u015bli po zastosowaniu zasady &#8222;z\u0142ot\u00f3wka za z\u0142ot\u00f3wk\u0119&#8221; jej wysoko\u015b\u0107 b\u0119dzie ni\u017csza ni\u017c 50 z\u0142 brutto. W praktyce oznacza to, \u017ce osoby, kt\u00f3rych emerytura lub renta przekracza 4828,49 z\u0142 brutto, nie otrzymaj\u0105 dodatkowego \u015bwiadczenia. Ponadto czternasta emerytura nie przys\u0142uguje osobom, kt\u00f3re na dzie\u0144 poprzedzaj\u0105cy miesi\u0105c wyp\u0142aty maj\u0105 zawieszone prawo do emerytury lub renty.<\/p>\n","protected":false},"excerpt":{"rendered":"Czternasta emerytura to coroczne, dodatkowe wsparcie finansowe dla senior\u00f3w, kt\u00f3re zosta\u0142o zagwarantowane ustaw\u0105 z 2023 r. Ostateczny termin&hellip;\n","protected":false},"author":2,"featured_media":668597,"comment_status":"","ping_status":"","sticky":false,"template":"","format":"standard","meta":{"footnotes":"","_share_on_mastodon":"0"},"categories":[16],"tags":[113,61195,112,29086,49,48,46,42,38,40,39,41,47,5121],"class_list":["post-668596","post","type-post","status-publish","format-standard","has-post-thumbnail","category-biznes","tag-biznes","tag-bottomfeed_styl","tag-business","tag-emerytury_renty","tag-kraj","tag-nat_styl","tag-omp","tag-pl","tag-poland","tag-polish","tag-polska","tag-polski","tag-screening_general","tag-seniorzy"],"share_on_mastodon":{"url":"https:\/\/pubeurope.com\/@pl\/117217022666948786","error":""},"_links":{"self":[{"href":"https:\/\/www.europesays.com\/pl\/wp-json\/wp\/v2\/posts\/668596","targetHints":{"allow":["GET"]}}],"collection":[{"href":"https:\/\/www.europesays.com\/pl\/wp-json\/wp\/v2\/posts"}],"about":[{"href":"https:\/\/www.europesays.com\/pl\/wp-json\/wp\/v2\/types\/post"}],"author":[{"embeddable":true,"href":"https:\/\/www.europesays.com\/pl\/wp-json\/wp\/v2\/users\/2"}],"replies":[{"embeddable":true,"href":"https:\/\/www.europesays.com\/pl\/wp-json\/wp\/v2\/comments?post=668596"}],"version-history":[{"count":0,"href":"https:\/\/www.europesays.com\/pl\/wp-json\/wp\/v2\/posts\/668596\/revisions"}],"wp:featuredmedia":[{"embeddable":true,"href":"https:\/\/www.europesays.com\/pl\/wp-json\/wp\/v2\/media\/668597"}],"wp:attachment":[{"href":"https:\/\/www.europesays.com\/pl\/wp-json\/wp\/v2\/media?parent=668596"}],"wp:term":[{"taxonomy":"category","embeddable":true,"href":"https:\/\/www.europesays.com\/pl\/wp-json\/wp\/v2\/categories?post=668596"},{"taxonomy":"post_tag","embeddable":true,"href":"https:\/\/www.europesays.com\/pl\/wp-json\/wp\/v2\/tags?post=668596"}],"curies":[{"name":"wp","href":"https:\/\/api.w.org\/{rel}","templated":true}]}}