{"id":668604,"date":"2026-09-05T06:32:12","date_gmt":"2026-09-05T06:32:12","guid":{"rendered":"https:\/\/www.europesays.com\/pl\/668604\/"},"modified":"2026-09-05T06:32:12","modified_gmt":"2026-09-05T06:32:12","slug":"pojdzie-na-konfrontacje-z-rzadem-prezydent-bliski-decyzji","status":"publish","type":"post","link":"https:\/\/www.europesays.com\/pl\/668604\/","title":{"rendered":"&#8222;P\u00f3jdzie na konfrontacj\u0119 z rz\u0105dem&#8221;. Prezydent bliski decyzji"},"content":{"rendered":"\n<p>&#13;<br \/>\nW pi\u0105tek Sejm wybra\u0142 nowego s\u0119dziego Trybuna\u0142u Konstytucyjnego. Zosta\u0142 nim Maciej Berek, kt\u00f3ry do\u00a0niedawna pe\u0142ni\u0142 funkcj\u0119 ministra ds. nadzoru nad wdra\u017caniem polityki rz\u0105du, a\u00a0przez premiera Donalda Tuska by\u0142 nazywany &#8222;praw\u0105 r\u0119k\u0105&#8221;. W\u00a0g\u0142osowaniu wzi\u0119\u0142o udzia\u0142 437 pos\u0142\u00f3w. Berek uzyska\u0142 226 g\u0142os\u00f3w. Wi\u0119kszo\u015b\u0107 bezwzgl\u0119dna wynosi\u0142a 219. &#13;\n<\/p>\n<p>&#13;<br \/>\nPrzeciwko jego kandydaturze od\u00a0pocz\u0105tku protestowali politycy Prawa i\u00a0Sprawiedliwo\u015bci. Jak okaza\u0142o si\u0119 po\u00a0pi\u0105tkowym g\u0142osowaniu, r\u00f3wnie\u017c niekt\u00f3rzy cz\u0142onkowie koalicji 15 pa\u017adziernika dali wyraz swojemu niezadowoleniu z\u00a0wyboru Donalda Tuska. Przeciwko Berkowi zag\u0142osowali m.in. Klaudia Jachira, Franciszek Sterczewski <a href=\"https:\/\/dorzeczy.pl\/opinie\/938290\/czarzasty-zaglosowal-przeciwko-berkowi-teraz-zabral-glos.html\" rel=\"nofollow noopener\" target=\"_blank\">czy marsza\u0142ek Sejmu z\u00a0lewicy W\u0142odzimierz Czarzasty<\/a>. &#13;\n<\/p>\n<p>Prezydent nie\u00a0przyjmie \u015blubowania od\u00a0Berka<\/p>\n<p>&#13;<br \/>\nJak donosi Wirtualna Polska, w\u00a0obozie prezydenta r\u00f3wnie\u017c panuje niezadowolenie z\u00a0pi\u0105tkowej decyzji Sejmu. Wed\u0142ug jego wsp\u00f3\u0142pracownik\u00f3w, Karol Nawrocki jest bliski podj\u0119cia decyzji o\u00a0nieprzyjmowaniu \u015blubowania od\u00a0Berka. &#13;\n<\/p>\n<p>&#13;<br \/>\n\u2013 Karol p\u00f3jdzie na\u00a0konfrontacj\u0119 z\u00a0tym zak\u0142amanym rz\u0105dem \u2013\u00a0m\u00f3wi jedna z\u00a0os\u00f3b z\u00a0Pa\u0142acu Prezydenckiego. &#13;\n<\/p>\n<p>&#13;<br \/>\nWed\u0142ug informacji portalu, prawnicy prezydenta wskazuj\u0105 na\u00a0kilka przeszk\u00f3d, kt\u00f3re wykluczaj\u0105 Berka z\u00a0mo\u017cliwo\u015bci zasiadania w\u00a0Trybunale Konstytucyjnym. Pierwsza to\u00a0brak odpowiedniego do\u015bwiadczenia. Ka\u017cdy s\u0119dzia TK powinien przez przynajmniej 10 lat pe\u0142ni\u0107 funkcj\u0119 radcy prawnego. By\u0142y minister takiej aktywno\u015bci w\u00a0swoim CV nie\u00a0ma. &#13;\n<\/p>\n<p>&#13;<br \/>\nPo drugie, przeciwko Berkowi opowiada si\u0119 du\u017ca liczba organizacji prawniczych, kt\u00f3re na\u00a0co dzie\u0144 raczej wspieraj\u0105 obecn\u0105 w\u0142adz\u0119. Ich sceptycyzm wobec decyzji Sejm ma\u00a0pos\u0142u\u017cy\u0107 Pa\u0142acowi Prezydenckiemu jako mocny argument w\u00a0spodziewanym konflikcie z\u00a0koalicj\u0105 15 pa\u017adziernika. &#13;\n<\/p>\n<p>&#13;<br \/>\nWreszcie w\u00a0przypadku Berka zachodzi konflikt interes\u00f3w. Jako s\u0119dzia trybuna\u0142u musia\u0142by pracowa\u0107 nad ustawami rz\u0105du Donalda Tuska. Ustawami, kt\u00f3re przez ostatnie kilkana\u015bcie miesi\u0119cy sam tworzy\u0142. Jego oceny nie\u00a0mog\u0142yby by\u0107 zatem obiektywne. &#13;\n<\/p>\n<p>&#13;<br \/>\n   Czytaj te\u017c:<br \/><a href=\"https:\/\/dorzeczy.pl\/kraj\/938482\/waldemar-zurek-pojdzie-do-tk-przyszedlem-jako-fachowiec.html\" rel=\"follow nofollow noopener\" data-schema=\"DORZECZY\" data-image=\"https:\/\/img.dorzeczy.pl\/_thumb\/a2\/36\/bd4bc8baf1a56cc2d607d9c36e99.jpeg\" target=\"_blank\">\u017burek p\u00f3jdzie do\u00a0TK? &#8222;Przyszed\u0142em jako fachowiec&#8221;<\/a>   Czytaj te\u017c:<br \/><a href=\"https:\/\/dorzeczy.pl\/opinie\/938431\/ziemkiewicz-komentuje-sprawe-berka-publicysta-ostro-o-politykach-ko.html\" rel=\"follow nofollow noopener\" data-schema=\"DORZECZY\" data-image=\"https:\/\/img.dorzeczy.pl\/_thumb\/1f\/a4\/63753a3a0ef483d64c3a179812bf.jpeg\" target=\"_blank\">&#8222;Ka\u017cdy, kto b\u0119dzie bredzi\u0142&#8230;&#8221;. Ostry komentarz Ziemkiewicza ws. Berka<\/a>&#13;<\/p>\n","protected":false},"excerpt":{"rendered":"&#13; W pi\u0105tek Sejm wybra\u0142 nowego s\u0119dziego Trybuna\u0142u Konstytucyjnego. Zosta\u0142 nim Maciej Berek, kt\u00f3ry do\u00a0niedawna pe\u0142ni\u0142 funkcj\u0119 ministra&hellip;\n","protected":false},"author":2,"featured_media":668605,"comment_status":"","ping_status":"","sticky":false,"template":"","format":"standard","meta":{"footnotes":"","_share_on_mastodon":"0"},"categories":[62713],"tags":[15657,1345,98,49,601,1315,102,1005,3786,8232],"class_list":["post-668604","post","type-post","status-publish","format-standard","has-post-thumbnail","category-donald-tusk","tag-berek","tag-donald-tusk","tag-dorzeczy","tag-kraj","tag-marcin-bugaj","tag-nawrocki","tag-opinie","tag-prezydent","tag-spor","tag-trybunal-konstytucyjny"],"share_on_mastodon":{"url":"https:\/\/pubeurope.com\/@pl\/117217037258808096","error":""},"_links":{"self":[{"href":"https:\/\/www.europesays.com\/pl\/wp-json\/wp\/v2\/posts\/668604","targetHints":{"allow":["GET"]}}],"collection":[{"href":"https:\/\/www.europesays.com\/pl\/wp-json\/wp\/v2\/posts"}],"about":[{"href":"https:\/\/www.europesays.com\/pl\/wp-json\/wp\/v2\/types\/post"}],"author":[{"embeddable":true,"href":"https:\/\/www.europesays.com\/pl\/wp-json\/wp\/v2\/users\/2"}],"replies":[{"embeddable":true,"href":"https:\/\/www.europesays.com\/pl\/wp-json\/wp\/v2\/comments?post=668604"}],"version-history":[{"count":0,"href":"https:\/\/www.europesays.com\/pl\/wp-json\/wp\/v2\/posts\/668604\/revisions"}],"wp:featuredmedia":[{"embeddable":true,"href":"https:\/\/www.europesays.com\/pl\/wp-json\/wp\/v2\/media\/668605"}],"wp:attachment":[{"href":"https:\/\/www.europesays.com\/pl\/wp-json\/wp\/v2\/media?parent=668604"}],"wp:term":[{"taxonomy":"category","embeddable":true,"href":"https:\/\/www.europesays.com\/pl\/wp-json\/wp\/v2\/categories?post=668604"},{"taxonomy":"post_tag","embeddable":true,"href":"https:\/\/www.europesays.com\/pl\/wp-json\/wp\/v2\/tags?post=668604"}],"curies":[{"name":"wp","href":"https:\/\/api.w.org\/{rel}","templated":true}]}}