{"id":668626,"date":"2026-09-05T06:49:51","date_gmt":"2026-09-05T06:49:51","guid":{"rendered":"https:\/\/www.europesays.com\/pl\/668626\/"},"modified":"2026-09-05T06:49:51","modified_gmt":"2026-09-05T06:49:51","slug":"wks-slask-wroclaw-18-krotny-mistrz-polski-isaih-moore-nowym-podkoszowym-slaska-wroclaw","status":"publish","type":"post","link":"https:\/\/www.europesays.com\/pl\/668626\/","title":{"rendered":"WKS \u015al\u0105sk Wroc\u0142aw \u2013 18-krotny Mistrz Polski \u00bb Isaih Moore nowym podkoszowym \u015al\u0105ska Wroc\u0142aw!"},"content":{"rendered":"<p>Nowym zawodnikiem WKS-u zosta\u0142 ameryka\u0144ski wysoki Isaih Moore. Mierz\u0105cy 208 cm zawodnik podpisa\u0142 kontrakt ze \u015al\u0105skiem Wroc\u0142aw na sezon 2026\/27. 26-latek ma za sob\u0105 wyst\u0119py w NBA G League, a ostatni sezon sp\u0119dzi\u0142 w kanadyjskiej CEBL, gdzie reprezentowa\u0142 barwy Ottawa BlackJacks. To wa\u017cne wzmocnienie dru\u017cyny, zw\u0142aszcza przed meczami w BKT EuroCup.<\/p>\n<p>Urodzony 30 sierpnia 2000 roku w Columbia w Karolinie Po\u0142udniowej Moore swoj\u0105 koszykarsk\u0105 karier\u0119 budowa\u0142 na poziomie szko\u0142y \u015bredniej w Sumter High School, gdzie poprowadzi\u0142 zesp\u00f3\u0142 do mistrzostwa regionu, notuj\u0105c w ostatnim roku imponuj\u0105ce 25,5 punktu oraz 13,3 zbi\u00f3rki na mecz. Nast\u0119pnie rozpocz\u0105\u0142 wyst\u0119py akademickie. W NCAA i na szczeblu JUCO reprezentowa\u0142 m.in. College of Charleston, St. John\u2019s, Southern Miss oraz Fresno State. Szczeg\u00f3lnie udany by\u0142 dla niego sezon 2019\/20 w Pearl River Community College, kt\u00f3ry uko\u0144czy\u0142 ze \u015brednimi 15,9 punktu i 9,1 zbi\u00f3rki przy 54,3% skuteczno\u015bci z gry.<\/p>\n<p>W 2022 roku zg\u0142osi\u0142 si\u0119 do draftu NBA, a chwil\u0119 p\u00f3\u017aniej rozpocz\u0105\u0142 profesjonaln\u0105 karier\u0119 w NBA G League (m.in. Windy City Bulls) oraz w Kanadzie. Jako zawodnik Ottawa BlackJacks wyrobi\u0142 sobie mocne nazwisko \u2013 w sezonie 2025 notowa\u0142 a\u017c 19,3 punktu oraz 11,4 zbi\u00f3rki na mecz, trafiaj\u0105c do drugiej pi\u0105tki ligi CEBL.<\/p>\n<p>Ostatnie miesi\u0105ce to dla Amerykanina bardzo udany czas za oceanem. Na zapleczu NBA w barwach College Park SkyHawks zdobywa\u0142 \u015brednio 16,7 punktu i 9,1 zbi\u00f3rki, trafiaj\u0105c niesamowite 75,2% rzut\u00f3w za dwa punkty, po czym po raz kolejny potwierdzi\u0142 wysok\u0105 form\u0119 w lidze kanadyjskiej w barwach Edmonton Stingers i Ottawa BlackJacks.<\/p>\n<p>Moore to wszechstronny gracz, kt\u00f3ry potrafi dominowa\u0107 w grze pod koszem i na tablicach. W swojej dotychczasowej karierze da\u0142 si\u0119 pozna\u0107 jako twardo graj\u0105cy defensor i bardzo skuteczny egzekutor. Moore ma stanowi\u0107 wa\u017cne ogniwo \u015al\u0105ska przede wszystkim w rozgrywkach BKT EuroCup, w kt\u00f3rym WKS mo\u017ce wystawi\u0107 do gry siedmiu zagranicznych zawodnik\u00f3w.<\/p>\n<p>Witamy we Wroc\u0142awiu, Isaih!<\/p>\n<p>\nTagi:<br \/>\nIsiah Moorepre-seasonsezon 2026\/27transfer                    <\/p>\n","protected":false},"excerpt":{"rendered":"Nowym zawodnikiem WKS-u zosta\u0142 ameryka\u0144ski wysoki Isaih Moore. Mierz\u0105cy 208 cm zawodnik podpisa\u0142 kontrakt ze \u015al\u0105skiem Wroc\u0142aw na&hellip;\n","protected":false},"author":2,"featured_media":668627,"comment_status":"","ping_status":"","sticky":false,"template":"","format":"standard","meta":{"footnotes":"","_share_on_mastodon":"0"},"categories":[51607],"tags":[42,38,40,39,41,1853],"class_list":["post-668626","post","type-post","status-publish","format-standard","has-post-thumbnail","category-wroclaw","tag-pl","tag-poland","tag-polish","tag-polska","tag-polski","tag-wroclaw"],"share_on_mastodon":{"url":"https:\/\/pubeurope.com\/@pl\/117217108030559447","error":""},"_links":{"self":[{"href":"https:\/\/www.europesays.com\/pl\/wp-json\/wp\/v2\/posts\/668626","targetHints":{"allow":["GET"]}}],"collection":[{"href":"https:\/\/www.europesays.com\/pl\/wp-json\/wp\/v2\/posts"}],"about":[{"href":"https:\/\/www.europesays.com\/pl\/wp-json\/wp\/v2\/types\/post"}],"author":[{"embeddable":true,"href":"https:\/\/www.europesays.com\/pl\/wp-json\/wp\/v2\/users\/2"}],"replies":[{"embeddable":true,"href":"https:\/\/www.europesays.com\/pl\/wp-json\/wp\/v2\/comments?post=668626"}],"version-history":[{"count":0,"href":"https:\/\/www.europesays.com\/pl\/wp-json\/wp\/v2\/posts\/668626\/revisions"}],"wp:featuredmedia":[{"embeddable":true,"href":"https:\/\/www.europesays.com\/pl\/wp-json\/wp\/v2\/media\/668627"}],"wp:attachment":[{"href":"https:\/\/www.europesays.com\/pl\/wp-json\/wp\/v2\/media?parent=668626"}],"wp:term":[{"taxonomy":"category","embeddable":true,"href":"https:\/\/www.europesays.com\/pl\/wp-json\/wp\/v2\/categories?post=668626"},{"taxonomy":"post_tag","embeddable":true,"href":"https:\/\/www.europesays.com\/pl\/wp-json\/wp\/v2\/tags?post=668626"}],"curies":[{"name":"wp","href":"https:\/\/api.w.org\/{rel}","templated":true}]}}