{"id":668628,"date":"2026-09-05T06:51:13","date_gmt":"2026-09-05T06:51:13","guid":{"rendered":"https:\/\/www.europesays.com\/pl\/668628\/"},"modified":"2026-09-05T06:51:13","modified_gmt":"2026-09-05T06:51:13","slug":"lukasz-gibala-oficjalnie-kandydatem-na-prezydenta-krakowa-pokonal-problemy-z-podpisami","status":"publish","type":"post","link":"https:\/\/www.europesays.com\/pl\/668628\/","title":{"rendered":"\u0141ukasz Giba\u0142a oficjalnie kandydatem na prezydenta Krakowa. Pokona\u0142 problemy z podpisami"},"content":{"rendered":"<p>O tym, \u017ce miejska komisja wyborcza zatwierdzi\u0142a jego kandydatur\u0119, Giba\u0142a poinformowa\u0142 w pi\u0105tek wieczorem na platformie X.<\/p>\n<p>&#8222;Moi Drodzy, mamy to! Komisja wyborcza oficjalnie zarejestrowa\u0142a dzisiaj moj\u0105 kandydatur\u0119 w przedterminowych wyborach na prezydenta Krakowa. To wszystko nie uda\u0142oby si\u0119 bez Was. Jeszcze raz dzi\u0119kuj\u0119!&#8221; \u2014 napisa\u0142 radny na swoim profilu.<\/p>\n<p><a href=\"https:\/\/www.onet.pl\/\" title=\"Strona G\u0142\u00f3wna\" aria-label=\"Strona G\u0142\u00f3wna\" data-astro-prefetch=\"tap\" class=\"ods-a-logo-main-desktop\" rel=\"nofollow noopener\" target=\"_blank\"><img src=\"https:\/\/cdn.wiadomosci.onet.pl\/img\/Logo_desktop_Onet.svg\" class=\"ods-a-logo-main-desktop__image\" alt=\"Logo\" width=\"107\" height=\"60\" fetchpriority=\"high\" decoding=\"sync\" style=\"height:60px\"\/><\/a><\/p>\n<p class=\"ods-m-google-article__text\">Czytaj nas cz\u0119\u015bciej w Google<\/p>\n<p><a href=\"https:\/\/google.com\/preferences\/source?q=wiadomosci.onet.pl\" target=\"_blank\" rel=\"noopener noreferrer nofollow\" aria-label=\"Dodaj w Google\" title=\"Dodaj w Google\" class=\"ods-a-button ods-a-button__primary ods-a-button__default ods-a-button-l\">Dodaj w Google<\/a>Problemy \u0141ukasza Giba\u0142y na ostatniej prostej zbi\u00f3rki podpis\u00f3wZgodnie z uchwa\u0142\u0105 miejskiej komisji wyborczej, Giba\u0142a zadeklarowa\u0142 zebranie niemal 14,7 tys. podpis\u00f3w poparcia. Jednak jeszcze w poniedzia\u0142ek jego kandydatura stan\u0119\u0142a pod znakiem zapytania, <a href=\"https:\/\/wiadomosci.onet.pl\/krakow\/wybory-w-krakowie-klopoty-lukasza-gibaly-odrzuca-czesc-podpisow\/t7ny9gq\" id=\"356798d3-ab3d-4427-92af-75c303a8a9c5\" rel=\"nofollow noopener\" target=\"_blank\">gdy komisja odrzuci\u0142a 3,2 tys. podpis\u00f3w z powodu braku s\u0142owa &#8222;Krak\u00f3w&#8221; przy adresach os\u00f3b popieraj\u0105cych.<\/a> <\/p>\n<p>W efekcie \u015brodowisko Giba\u0142y musia\u0142o w kr\u00f3tkim czasie zebra\u0107 dodatkowe podpisy. Do czwartku, do godz. 16, czyli do ostatecznego terminu sk\u0142adania zg\u0142osze\u0144, komitet Giba\u0142y przekaza\u0142 komisji oko\u0142o dziewi\u0119ciu tys. nowych podpis\u00f3w, co pozwoli\u0142o na uzupe\u0142nienie brak\u00f3w z naddatkiem.<\/p>\n<p>Kto jeszcze zosta\u0142 zarejestrowany?<\/p>\n<p>Opr\u00f3cz \u0141ukasza Giba\u0142y, komisja wyborcza zarejestrowa\u0142a tak\u017ce kandydatury Micha\u0142a Drewnickiego z Prawa i Sprawiedliwo\u015bci, Jana Hoffmana, jednego z inicjator\u00f3w referendum odwo\u0142uj\u0105cego poprzedniego prezydenta, Aleksandry Owcy z partii Razem oraz Moniki Pi\u0105tkowskiej, kt\u00f3ra uzyska\u0142a poparcie Koalicji Obywatelskiej i Polskiego Stronnictwa Ludowego.<\/p>\n<p>B\u00f3j o Krak\u00f3w nabiera rozp\u0119du. Po\u017cary w sztabach kandydat\u00f3w. &#8222;Warszawa robi porz\u0105dki w Krakowie&#8221;<img class=\"ods-a-photo ods-a-photo--background\" src=\"https:\/\/www.europesays.com\/pl\/wp-content\/uploads\/2026\/09\/1788591073_309_5hZk9lBaHR0cHM6Ly9vY2RuLmV1L3B1bHNjbXMvTURBXy9jZjJmY2JhNWNiMzk4MzM1MTFlMTA2YTA3ZjRlNzIyYS5wbmeRlQLNA.jpeg\" height=\"253\" width=\"450\" alt=\"Na zdj\u0119ciu: plakaty i og\u0142oszenia kandydat\u00f3w na prezydenta Krakowa, jeden z mieszka\u0144c\u00f3w wpisuj\u0105cy si\u0119 na list\u0119 poparcia oraz faworyt wybor\u00f3w - \u0141ukasz Giba\u0142a\" loading=\"lazy\" fetchpriority=\"low\" decoding=\"async\"\/><\/p>\n<p>W pi\u0105tek komisja og\u0142osi\u0142a r\u00f3wnie\u017c decyzje o odrzuceniu kandydatur Stanis\u0142awa Ku\u0142achy oraz Marty Ratuszy\u0144skiej. Powodem by\u0142a niewystarczaj\u0105ca liczba zebranych podpis\u00f3w poparcia \u2014 Ku\u0142acha zgromadzi\u0142 382 podpisy, a Ratuszy\u0144ska 80.<\/p>\n<p>Obecnie komisja analizuje podpisy z\u0142o\u017cone przez pi\u0119\u0107 kolejnych komitet\u00f3w wyborczych. W\u015br\u00f3d nich s\u0105: Marian Bana\u015b, by\u0142y prezes Najwy\u017cszej Izby Kontroli, Bartosz Boche\u0144czak z Konfederacji, Daria Gosek-Popio\u0142ek reprezentuj\u0105ca Lewic\u0119, Micha\u0142 Klimek z Konfederacji Korony Polskiej oraz S\u0142awomir Pietrzyk z Socjaldemokracji Polskiej. Miejska komisja wyborcza zapowiedzia\u0142a, \u017ce wszystkie podpisy zostan\u0105 zweryfikowane do poniedzia\u0142ku.<\/p>\n","protected":false},"excerpt":{"rendered":"O tym, \u017ce miejska komisja wyborcza zatwierdzi\u0142a jego kandydatur\u0119, Giba\u0142a poinformowa\u0142 w pi\u0105tek wieczorem na platformie X. &#8222;Moi&hellip;\n","protected":false},"author":2,"featured_media":668629,"comment_status":"","ping_status":"","sticky":false,"template":"","format":"standard","meta":{"footnotes":"","_share_on_mastodon":"0"},"categories":[51606],"tags":[61195,49,1304,47267,48,46,4078,42,38,40,39,41,47,86897],"class_list":["post-668628","post","type-post","status-publish","format-standard","has-post-thumbnail","category-krakow","tag-bottomfeed_styl","tag-kraj","tag-krakow","tag-lukasz_gibala","tag-nat_styl","tag-omp","tag-pkw","tag-pl","tag-poland","tag-polish","tag-polska","tag-polski","tag-screening_general","tag-wybory_samorzadowe"],"share_on_mastodon":{"url":"https:\/\/pubeurope.com\/@pl\/117217113019008403","error":""},"_links":{"self":[{"href":"https:\/\/www.europesays.com\/pl\/wp-json\/wp\/v2\/posts\/668628","targetHints":{"allow":["GET"]}}],"collection":[{"href":"https:\/\/www.europesays.com\/pl\/wp-json\/wp\/v2\/posts"}],"about":[{"href":"https:\/\/www.europesays.com\/pl\/wp-json\/wp\/v2\/types\/post"}],"author":[{"embeddable":true,"href":"https:\/\/www.europesays.com\/pl\/wp-json\/wp\/v2\/users\/2"}],"replies":[{"embeddable":true,"href":"https:\/\/www.europesays.com\/pl\/wp-json\/wp\/v2\/comments?post=668628"}],"version-history":[{"count":0,"href":"https:\/\/www.europesays.com\/pl\/wp-json\/wp\/v2\/posts\/668628\/revisions"}],"wp:featuredmedia":[{"embeddable":true,"href":"https:\/\/www.europesays.com\/pl\/wp-json\/wp\/v2\/media\/668629"}],"wp:attachment":[{"href":"https:\/\/www.europesays.com\/pl\/wp-json\/wp\/v2\/media?parent=668628"}],"wp:term":[{"taxonomy":"category","embeddable":true,"href":"https:\/\/www.europesays.com\/pl\/wp-json\/wp\/v2\/categories?post=668628"},{"taxonomy":"post_tag","embeddable":true,"href":"https:\/\/www.europesays.com\/pl\/wp-json\/wp\/v2\/tags?post=668628"}],"curies":[{"name":"wp","href":"https:\/\/api.w.org\/{rel}","templated":true}]}}