{"id":668642,"date":"2026-09-05T07:00:29","date_gmt":"2026-09-05T07:00:29","guid":{"rendered":"https:\/\/www.europesays.com\/pl\/668642\/"},"modified":"2026-09-05T07:00:29","modified_gmt":"2026-09-05T07:00:29","slug":"zeekr-w-polsce-kiedy-debiut-brata-volvo-i-jakie-modele-trafia-do-sprzedazy","status":"publish","type":"post","link":"https:\/\/www.europesays.com\/pl\/668642\/","title":{"rendered":"Zeekr w Polsce. Kiedy debiut brata Volvo i jakie modele trafi\u0105 do sprzeda\u017cy?"},"content":{"rendered":"<p>W\u0119gierska grupa AutoWallis zapowiedzia\u0142a wprowadzenie na polski rynek Zeekra. To nale\u017c\u0105ca do Geely Auto Group (w\u0142a\u015bciciela Volvo) marka specjalizuj\u0105ca si\u0119 w elektrycznych samochodach segmentu premium. W dystrybucji samochod\u00f3w, kt\u00f3re zdoby\u0142y ju\u017c popularno\u015b\u0107 m.in. w pa\u0144stwach nordyckich (Dania, Szwecja, Norwegia), pomo\u017ce W\u0119grom portugalski koncern Salvador Caetano.<\/p>\n<blockquote class=\"ods-o-quote\">\n<p class=\"ods-o-quote__paragraph\">W miar\u0119 rozwoju naszej obecno\u015bci w Europie szukamy partner\u00f3w z do\u015bwiadczeniem i sukcesami na rynku motoryzacyjnym. AutoWallis spe\u0142nia te kryteria w Europie \u015arodkowej i Wschodniej, dlatego jest dla nas naturalnym wyborem przy ekspansji w Austrii i Polsce<\/p>\n<\/blockquote>\n<p>\u2014 wyja\u015bnia Lothar Schupet, prezes Zeekr Europe.<\/p>\n<p><a href=\"https:\/\/www.auto-swiat.pl\/\" title=\"Strona G\u0142\u00f3wna\" aria-label=\"Strona G\u0142\u00f3wna\" data-astro-prefetch=\"tap\" class=\"ods-a-logo-main-desktop\" rel=\"nofollow noopener\" target=\"_blank\"><img src=\"https:\/\/cdn.auto-swiat.pl\/img\/Logo_desktop_Auto-Swiat.svg\" class=\"ods-a-logo-main-desktop__image\" alt=\"Logo\" width=\"47\" height=\"60\" fetchpriority=\"high\" decoding=\"sync\" style=\"height:60px\"\/><\/a><\/p>\n<p class=\"ods-m-google-article__text\">Czytaj nas cz\u0119\u015bciej w Google<\/p>\n<p><a href=\"https:\/\/google.com\/preferences\/source?q=auto-swiat.pl\" target=\"_blank\" rel=\"noopener noreferrer nofollow\" aria-label=\"Dodaj w Google\" title=\"Dodaj w Google\" class=\"ods-a-button ods-a-button__primary ods-a-button__default ods-a-button-l\">Dodaj w Google<\/a>Zeekr \u2014 co to za marka?Zeekr to bardzo \u015bwie\u017cy gracz w segmencie premium, bo ma na karku zaledwie pi\u0119\u0107 lat. Jak twierdzi dystrybutor, firma stawia na po\u0142\u0105czenie najnowszych technologii i in\u017cynierii z europejsk\u0105 szko\u0142\u0105 projektowania. Samochody Zeekra s\u0105 opracowywane w Globalnym Centrum Projektowym w G\u00f6teborgu w Szwecji \u2014 <a href=\"https:\/\/www.auto-swiat.pl\/wiadomosci\/premiery\/rusza-produkcja-chinskiego-krewniaka-volvo-zeekr-001\/mhjbdhp\" id=\"40d16444-c706-49fb-8f33-a525d43247ed\" rel=\"nofollow noopener\" target=\"_blank\">st\u0105d w\u0142a\u015bnie mowa o chi\u0144skim krewniaku Volvo<\/a>.<img class=\"ods-a-photo ods-a-photo--background\" src=\"https:\/\/www.europesays.com\/pl\/wp-content\/uploads\/2026\/09\/b29k9lBaHR0cHM6Ly9vY2RuLmV1L3B1bHNjbXMvTURBXy81N2RhZWUyMWNjOWY4NWM4M2IwMWEzOGEzZTAwMjk0MC5qcGeSlQMAA.jpeg\" height=\"529\" width=\"940\" alt=\"W Chinach Zeekr 009 jest te\u017c sprzedawany jako Volvo EM90\" loading=\"lazy\" fetchpriority=\"auto\" decoding=\"auto\" url=\"https:\/\/ocdn.eu\/pulscms\/MDA_\/57daee21cc9f85c83b01a38a3e002940.jpg\" description=\"W Chinach Zeekr 009 jest te\u017c sprzedawany jako Volvo EM90\" author=\"Zeekr\" source=\"\" link=\"\"\/><\/p>\n<p>Zeekr<\/p>\n<p>W Chinach Zeekr 009 jest te\u017c sprzedawany jako Volvo EM90<\/p>\n<p>Nazwa marki sk\u0142ada si\u0119 z cz\u0142on\u00f3w: &#8222;ZE&#8221;, oznaczaj\u0105cego &#8222;zero&#8221; (zero emisji i punkt wyj\u015bcia), litery &#8222;E&#8221; firmuj\u0105cej &#8222;elektromobiln\u0105 er\u0119&#8221;, i oznaczenia kryptonu (&#8222;Kr&#8221;), czyli szlachetnego gazu emituj\u0105cego \u015bwiat\u0142o pod wp\u0142ywem pr\u0105du elektrycznego. Wed\u0142ug informacji prasowych Zeekr opiera swoj\u0105 dzia\u0142alno\u015b\u0107 na trzech filarach: innowacyjnym rzemio\u015ble, nowoczesnych technologiach i emocjonuj\u0105cych osi\u0105gach. W\u0119grzy zapewniaj\u0105, \u017ce marka \u0142\u0105czy mo\u017cliwo\u015bci technologiczne chi\u0144skiego Geely z europejskim podej\u015bciem do designu i do\u015bwiadcze\u0144 z jazdy.<\/p>\n<p>Czy warto kupi\u0107 nowego chi\u0144skiego SUV-a zamiast uznanego u\u017cywanego?<\/p>\n<p class=\"ods-o-frame-in-text__paragraph\"><a href=\"https:\/\/www.auto-swiat.pl\/testy\/testy-nowych-samochodow\/gac-emzoom-silnik-dane-techniczne-ceny-doradzam-czy-warto-go-kupic\/1e7n61n\" id=\"c6db86a1-857f-4247-9b86-a5370fa4aa38\" rel=\"nofollow noopener\" target=\"_blank\">Na papierze ka\u017cda okazja wygl\u0105da dobrze, w praktyce&#8230;<\/a><\/p>\n<p><img class=\"ods-a-photo ods-a-photo--background\" src=\"https:\/\/www.europesays.com\/pl\/wp-content\/uploads\/2026\/09\/iyak9lBaHR0cHM6Ly9vY2RuLmV1L3B1bHNjbXMvTURBXy81ZDFmYjdhZjJhNzRhMDllZmE1ZjA1YjAyNDU0Mjk3OC5qcGeRlQLNA.jpeg\" height=\"300\" width=\"450\" alt=\"Jak tysi\u0105ce Polak\u00f3w odebra\u0142em z salonu nowego chi\u0144skiego SUV-a. Warto?\" loading=\"lazy\" fetchpriority=\"low\" decoding=\"async\"\/>Kiedy Zeekr zadebiutuje w Polsce?<\/p>\n<p>Debiut Zeekra w Polsce to kolejny etap ekspansji tej marki na rynku europejskim. Zaplanowano go na ostatni kwarta\u0142 2026 r., czyli dok\u0142adnie w tym samym czasie, kiedy Zeekr wystartuje ze sprzeda\u017c\u0105 w Austrii. Polscy klienci od pocz\u0105tku b\u0119d\u0105 mogli wybiera\u0107 spo\u015br\u00f3d a\u017c sze\u015bciu modeli tej marki: 001, X, 7X, 8X, 9X oraz 7GT.<\/p>\n<p>AutoWallis z pewno\u015bci\u0105 wykorzysta swoje do\u015bwiadczenie zwi\u0105zane z dystrybucj\u0105 w Polsce dostawczych modeli Farizon, a od niedawna tak\u017ce samochod\u00f3w marki Nio. Wsp\u00f3lnym mianownikiem oferty s\u0105 w pe\u0142ni elektryczne nap\u0119dy, zaawansowane systemy wspomagania i nowoczesne technologie. Zeekr dorzuci do tego jeszcze wysok\u0105 jako\u015b\u0107 wykonania pozwalaj\u0105c\u0105 mu na konkurowanie w segmencie premium.<\/p>\n<p><img class=\"ods-a-photo ods-a-photo--background\" src=\"https:\/\/www.europesays.com\/pl\/wp-content\/uploads\/2026\/09\/uwHk9lBaHR0cHM6Ly9vY2RuLmV1L3B1bHNjbXMvTURBXy9kNzJhMzY0MTEwZjNmM2NhODI1YTM5YTM3NTUwZGRkNy5qcGeSlQMAA.jpeg\" height=\"529\" width=\"940\" alt=\"Zeekr X w salonie sprzeda\u017cy\" loading=\"lazy\" fetchpriority=\"auto\" decoding=\"auto\" url=\"https:\/\/ocdn.eu\/pulscms\/MDA_\/d72a364110f3f3ca825a39a37550ddd7.jpg\" description=\"Zeekr X w salonie sprzeda\u017cy\" author=\"Krzysztof Wojciechowicz \/ Auto \u015awiat\" source=\"\" link=\"\"\/><\/p>\n<p>Krzysztof Wojciechowicz \/ Auto \u015awiat<\/p>\n<p>Zeekr X w salonie sprzeda\u017cy<\/p>\n<p><a href=\"https:\/\/www.auto-swiat.pl\/ev\/wiadomosci\/zeekr-debiutuje-w-europie-w-niemczech-stawia-na-sprzedaz-online\/c251488\" id=\"15939cf4-f2ac-458e-88c7-fc0696ea2403\" rel=\"nofollow noopener\" target=\"_blank\">Zeekr w kr\u00f3tkim czasie zdoby\u0142 siln\u0105 pozycj\u0119 w segmencie premium<\/a>. Europejski design, zaawansowane technologie i szeroka gama modeli sprawiaj\u0105, \u017ce marka mo\u017ce by\u0107 atrakcyjn\u0105 alternatyw\u0105 dla klient\u00f3w w Austrii i Polsce \u2014 przekonuje Pal Bihari, szef dzia\u0142u dystrybucji w AutoWallis Group.1\/8Zeekr 9X<img class=\"ods-a-photo ods-a-photo--background\" src=\"https:\/\/www.europesays.com\/pl\/wp-content\/uploads\/2026\/09\/7LAk9lBaHR0cHM6Ly9vY2RuLmV1L3B1bHNjbXMvTURBXy83Y2ZhMThjNzhiNzNkMWJmYTczMmNlYWZjYWMwNzhmZS5qcGeRkwXNB.jpeg\" height=\"529\" width=\"940\" alt=\"Zeekr 9X\" loading=\"lazy\" fetchpriority=\"auto\" decoding=\"auto\" url=\"https:\/\/ocdn.eu\/pulscms\/MDA_\/7cfa18c78b73d1bfa732ceafcac078fe.jpg\" description=\"Zeekr 9X\" author=\"Zeekr\" source=\"\"\/><\/p>\n<p>Zeekr<\/p>\n<p>Zeekr 9X<\/p>\n<p>2\/8Zeekr 9X<img class=\"ods-a-photo ods-a-photo--background\" src=\"https:\/\/www.europesays.com\/pl\/wp-content\/uploads\/2026\/09\/w5Rk9lBaHR0cHM6Ly9vY2RuLmV1L3B1bHNjbXMvTURBXy8yM2Y1ZWUyZTQzNzJhOTUwNWQ0MjM4ZDgxYTk5OTg1Mi5qcGeRkwXNB.jpeg\" height=\"529\" width=\"940\" alt=\"Zeekr 9X\" loading=\"lazy\" fetchpriority=\"auto\" decoding=\"auto\" url=\"https:\/\/ocdn.eu\/pulscms\/MDA_\/23f5ee2e4372a9505d4238d81a999852.jpg\" description=\"Zeekr 9X\" author=\"Zeekr\" source=\"\"\/><\/p>\n<p>Zeekr<\/p>\n<p>Zeekr 9X<\/p>\n<p>3\/8Zeekr 9X<img class=\"ods-a-photo ods-a-photo--background\" src=\"https:\/\/www.europesays.com\/pl\/wp-content\/uploads\/2026\/09\/-sdk9lBaHR0cHM6Ly9vY2RuLmV1L3B1bHNjbXMvTURBXy9hNzdhMTk1ZGM0NjgxZmY4MTMxM2M3Y2FjZjA0ZTYwYi5qcGeRkwXNB.jpeg\" height=\"529\" width=\"940\" alt=\"Zeekr 9X\" loading=\"lazy\" fetchpriority=\"auto\" decoding=\"auto\" url=\"https:\/\/ocdn.eu\/pulscms\/MDA_\/a77a195dc4681ff81313c7cacf04e60b.jpg\" description=\"Zeekr 9X\" author=\"Zeekr\" source=\"\"\/><\/p>\n<p>Zeekr<\/p>\n<p>Zeekr 9X<\/p>\n<p>4\/8Zeekr X<img class=\"ods-a-photo ods-a-photo--background\" src=\"https:\/\/www.europesays.com\/pl\/wp-content\/uploads\/2026\/09\/gnVk9lBaHR0cHM6Ly9vY2RuLmV1L3B1bHNjbXMvTURBXy9iNWZhOWQ4N2JhMDA5NGZmYmYzODVlMzFjYTNiNDI0Ny5qcGeRkwXNB.jpeg\" height=\"627\" width=\"940\" alt=\"Zeekr X\" loading=\"lazy\" fetchpriority=\"auto\" decoding=\"auto\" url=\"https:\/\/ocdn.eu\/pulscms\/MDA_\/b5fa9d87ba0094ffbf385e31ca3b4247.jpg\" description=\"Zeekr X\" author=\"Zeekr\" source=\"\"\/><\/p>\n<p>Zeekr<\/p>\n<p>Zeekr X<\/p>\n<p>5\/8Zeekr 001<img class=\"ods-a-photo ods-a-photo--background\" src=\"https:\/\/www.europesays.com\/pl\/wp-content\/uploads\/2026\/09\/5CAk9lBaHR0cHM6Ly9vY2RuLmV1L3B1bHNjbXMvTURBXy9jMThkZTgzZDgwNzEyMWZjNzE4NTExYzZjNGFhYTZmYS5qcGeRkwXNB.jpeg\" height=\"627\" width=\"940\" alt=\"Zeekr 001\" loading=\"lazy\" fetchpriority=\"auto\" decoding=\"auto\" url=\"https:\/\/ocdn.eu\/pulscms\/MDA_\/c18de83d807121fc718511c6c4aaa6fa.jpg\" description=\"Zeekr 001\" author=\"Zeekr\" source=\"\"\/><\/p>\n<p>Zeekr<\/p>\n<p>Zeekr 001<\/p>\n<p>6\/8Zeekr 7X<img class=\"ods-a-photo ods-a-photo--background\" src=\"https:\/\/www.europesays.com\/pl\/wp-content\/uploads\/2026\/09\/3UVk9lBaHR0cHM6Ly9vY2RuLmV1L3B1bHNjbXMvTURBXy9jMTVlNzUwMDIyODk5NzZmODFiYmRmMTgxZjZkZDYwMC5qcGeRkwXNB.jpeg\" height=\"627\" width=\"940\" alt=\"Zeekr 7X\" loading=\"lazy\" fetchpriority=\"auto\" decoding=\"auto\" url=\"https:\/\/ocdn.eu\/pulscms\/MDA_\/c15e75002289976f81bbdf181f6dd600.jpg\" description=\"Zeekr 7X\" author=\"Zeekr\" source=\"\"\/><\/p>\n<p>Zeekr<\/p>\n<p>Zeekr 7X<\/p>\n<p>7\/8Zeekr 7GT testach zderzeniowych Euro NCAP<img class=\"ods-a-photo ods-a-photo--background\" src=\"https:\/\/www.europesays.com\/pl\/wp-content\/uploads\/2026\/09\/tkqk9lBaHR0cHM6Ly9vY2RuLmV1L3B1bHNjbXMvTURBXy9iMDYxNmRkOWFmNjYwNmY0MTFlOTk5OGVhZTZiYmMxMC5qcGeRkwXNB.jpeg\" height=\"627\" width=\"940\" alt=\"Zeekr 7GT testach zderzeniowych Euro NCAP\" loading=\"lazy\" fetchpriority=\"auto\" decoding=\"auto\" url=\"https:\/\/ocdn.eu\/pulscms\/MDA_\/b0616dd9af6606f411e9998eae6bbc10.jpg\" description=\"Zeekr 7GT testach zderzeniowych Euro NCAP\" author=\"Euro NCAP \/ Materia\u0142y prasowe\" source=\"\"\/><\/p>\n<p>Euro NCAP \/ Materia\u0142y prasowe<\/p>\n<p>Zeekr 7GT testach zderzeniowych Euro NCAP<\/p>\n<p>8\/8Zeekr 7GT testach zderzeniowych Euro NCAP<img class=\"ods-a-photo ods-a-photo--background\" src=\"https:\/\/www.europesays.com\/pl\/wp-content\/uploads\/2026\/09\/og7k9lBaHR0cHM6Ly9vY2RuLmV1L3B1bHNjbXMvTURBXy8yNTU1ODIxZjk4Zjc1NzgyZWQ0N2JkOGUzYjhmMWE4MC5qcGeRkwXNB.jpeg\" height=\"550\" width=\"940\" alt=\"Zeekr 7GT testach zderzeniowych Euro NCAP\" loading=\"lazy\" fetchpriority=\"auto\" decoding=\"auto\" url=\"https:\/\/ocdn.eu\/pulscms\/MDA_\/2555821f98f75782ed47bd8e3b8f1a80.jpg\" description=\"Zeekr 7GT testach zderzeniowych Euro NCAP\" author=\"Euro NCAP \/ Materia\u0142y prasowe\" source=\"\"\/><\/p>\n<p>Euro NCAP \/ Materia\u0142y prasowe<\/p>\n<p>Zeekr 7GT testach zderzeniowych Euro NCAP<\/p>\n","protected":false},"excerpt":{"rendered":"W\u0119gierska grupa AutoWallis zapowiedzia\u0142a wprowadzenie na polski rynek Zeekra. To nale\u017c\u0105ca do Geely Auto Group (w\u0142a\u015bciciela Volvo) marka&hellip;\n","protected":false},"author":2,"featured_media":668643,"comment_status":"","ping_status":"","sticky":false,"template":"","format":"standard","meta":{"footnotes":"","_share_on_mastodon":"0"},"categories":[16],"tags":[210,1833,113,61195,112,846,37487,48,46,42,38,40,39,41,47,9996,26,113860],"class_list":["post-668642","post","type-post","status-publish","format-standard","has-post-thumbnail","category-biznes","tag-aktualnosci","tag-auta_z_chin","tag-biznes","tag-bottomfeed_styl","tag-business","tag-chinskie_auta","tag-geely","tag-nat_styl","tag-omp","tag-pl","tag-poland","tag-polish","tag-polska","tag-polski","tag-screening_general","tag-volvo","tag-wiadomosci","tag-zeekr"],"share_on_mastodon":{"url":"https:\/\/pubeurope.com\/@pl\/117217148747256821","error":""},"_links":{"self":[{"href":"https:\/\/www.europesays.com\/pl\/wp-json\/wp\/v2\/posts\/668642","targetHints":{"allow":["GET"]}}],"collection":[{"href":"https:\/\/www.europesays.com\/pl\/wp-json\/wp\/v2\/posts"}],"about":[{"href":"https:\/\/www.europesays.com\/pl\/wp-json\/wp\/v2\/types\/post"}],"author":[{"embeddable":true,"href":"https:\/\/www.europesays.com\/pl\/wp-json\/wp\/v2\/users\/2"}],"replies":[{"embeddable":true,"href":"https:\/\/www.europesays.com\/pl\/wp-json\/wp\/v2\/comments?post=668642"}],"version-history":[{"count":0,"href":"https:\/\/www.europesays.com\/pl\/wp-json\/wp\/v2\/posts\/668642\/revisions"}],"wp:featuredmedia":[{"embeddable":true,"href":"https:\/\/www.europesays.com\/pl\/wp-json\/wp\/v2\/media\/668643"}],"wp:attachment":[{"href":"https:\/\/www.europesays.com\/pl\/wp-json\/wp\/v2\/media?parent=668642"}],"wp:term":[{"taxonomy":"category","embeddable":true,"href":"https:\/\/www.europesays.com\/pl\/wp-json\/wp\/v2\/categories?post=668642"},{"taxonomy":"post_tag","embeddable":true,"href":"https:\/\/www.europesays.com\/pl\/wp-json\/wp\/v2\/tags?post=668642"}],"curies":[{"name":"wp","href":"https:\/\/api.w.org\/{rel}","templated":true}]}}