{"id":668644,"date":"2026-09-05T07:01:14","date_gmt":"2026-09-05T07:01:14","guid":{"rendered":"https:\/\/www.europesays.com\/pl\/668644\/"},"modified":"2026-09-05T07:01:14","modified_gmt":"2026-09-05T07:01:14","slug":"wzywaja-putina-do-zakonczenia-wojny-to-sygnal-dla-zachodu","status":"publish","type":"post","link":"https:\/\/www.europesays.com\/pl\/668644\/","title":{"rendered":"Wzywaj\u0105 Putina do zako\u0144czenia wojny. &#8222;To sygna\u0142 dla Zachodu&#8221;"},"content":{"rendered":"<p>Ameryka\u0144ski dziennik przywo\u0142uje niedawne wypowiedzi dw\u00f3ch przyw\u00f3dc\u00f3w: premiera Indii Narendry Modiego oraz prezydenta Kazachstanu Kasyma-\u017bomarta Tokajewa.<\/p>\n<p>Dalszy ci\u0105g artyku\u0142u pod materia\u0142em wideoIndie i Kazachstan wzywaj\u0105 Putina do zako\u0144czenia wojny<a href=\"https:\/\/www.onet.pl\/\" title=\"Strona G\u0142\u00f3wna\" aria-label=\"Strona G\u0142\u00f3wna\" data-astro-prefetch=\"tap\" class=\"ods-a-logo-main-desktop\" rel=\"nofollow noopener\" target=\"_blank\"><img src=\"https:\/\/cdn.wiadomosci.onet.pl\/img\/Logo_desktop_Onet.svg\" class=\"ods-a-logo-main-desktop__image\" alt=\"Logo\" width=\"107\" height=\"60\" fetchpriority=\"high\" decoding=\"sync\" style=\"height:60px\"\/><\/a><\/p>\n<p class=\"ods-m-google-article__text\">Czytaj nas cz\u0119\u015bciej w Google<\/p>\n<p><a href=\"https:\/\/google.com\/preferences\/source?q=wiadomosci.onet.pl\" target=\"_blank\" rel=\"noopener noreferrer nofollow\" aria-label=\"Dodaj w Google\" title=\"Dodaj w Google\" class=\"ods-a-button ods-a-button__primary ods-a-button__default ods-a-button-l\">Dodaj w Google<\/a>Putin spotka\u0142 si\u0119 z Modim podczas szczytu Szanghajskiej Organizacji Wsp\u00f3\u0142pracy i <a href=\"https:\/\/wiadomosci.onet.pl\/politico\/przyjaciele-strofuja-putina-indie-przywoluja-rosje-do-porzadku-ekspert-moskwa-nie-ma\/68rx6j5\" id=\"9f76d015-b2ee-4863-9d86-fa722601e6db\" rel=\"nofollow noopener\" target=\"_blank\">us\u0142ysza\u0142<\/a> od niego, \u017ce najwy\u017cszy czas &#8222;przej\u015b\u0107 od nieko\u0144cz\u0105cej si\u0119 wojny do zako\u0144czenia wojny&#8221;. Miesi\u0105c wcze\u015bniej, <a href=\"https:\/\/wiadomosci.onet.pl\/swiat\/kluczowy-sojusznik-odwraca-sie-od-putina-wazne-ostrzezenie-dla-kremla-zagrywka-va\/z8vlcd1\" id=\"af004bca-b3b1-4310-89ed-219ed523c037\" rel=\"nofollow noopener\" target=\"_blank\">podczas spotkania z rosyjskim prezydentem w Omsku, Tokajew<\/a> r\u00f3wnie\u017c wezwa\u0142 Putina do zako\u0144czenia wojny i stwierdzi\u0142, \u017ce &#8222;dla wielu, w tym nas, natura tego konfliktu nie jest zbyt jasna&#8221;.<\/p>\n<p>&#8222;WSJ&#8221; ocenia, \u017ce powodem s\u0142\u00f3w prezydenta Kazachstanu by\u0142o to, \u017ce mo\u017ce sobie na to pozwoli\u0107 w obliczu s\u0142abn\u0105cych wp\u0142yw\u00f3w Rosji w Azji Centralnej. Zdaniem dziennika jest tak dlatego, \u017ce ameryka\u0144skie firmy zainwestowa\u0142y tam wiele \u015brodk\u00f3w, co daje tym pa\u0144stwom alternatyw\u0119 wobec Rosji.<\/p>\n<p>Je\u017celi chodzi o s\u0142owa Modiego, to &#8222;WSJ&#8221; uwa\u017ca, \u017ce wypowiedzia\u0142 je pod presj\u0105 ze strony USA. Chodzi o c\u0142a, kt\u00f3re Trump na\u0142o\u017cy\u0142 na Indie w zwi\u0105zku z tym, \u017ce kupuj\u0105 one rosyjsk\u0105 rop\u0119. &#8222;Ostatnie wypowiedzi Modiego by\u0142y r\u00f3wnie\u017c sygna\u0142em dla zachodnich partner\u00f3w Indii, \u017ce rozumie on ich obawy. I to w sytuacji, gdy Indie przygotowuj\u0105 si\u0119 do zorganizowania szczytu pa\u0144stw BRICS \u2014 ugrupowania, w sk\u0142ad kt\u00f3rego wchodz\u0105 Rosja, Chiny i Brazylia, a kt\u00f3re postrzegane jest jako wyzwanie dla porz\u0105dku \u015bwiatowego kierowanego przez Zach\u00f3d&#8221; \u2014 czytamy.<\/p>\n<p>Ukraina &#8222;powoli przegrywa&#8221; wojn\u0119. Diabelsko skuteczna strategia Rosji ma j\u0105 rzuci\u0107 na kolana. &#8222;Cudu nie b\u0119dzie&#8221;<img class=\"ods-a-photo ods-a-photo--background\" src=\"https:\/\/www.europesays.com\/pl\/wp-content\/uploads\/2026\/09\/jpqk9lBaHR0cHM6Ly9vY2RuLmV1L3B1bHNjbXMvTURBXy81YjU2Y2MxNzllZGM3M2NlOWJmM2I2ODQwZmI5MmZlMy5wbmeRlQLNA.jpeg\" height=\"254\" width=\"450\" alt=\"M\u0119\u017cczyzna obserwuj\u0105cy po\u017car du\u017cego magazynu opon w Buczy po rosyjskim ataku, Ukraina, 29 sierpnia 2026 r.\" loading=\"lazy\" fetchpriority=\"low\" decoding=\"async\"\/><\/p>\n<p>Opracowanie:\u0141ukasz Gadza\u0142a<\/p>\n<p>Data utworzenia:5 wrze\u015bnia 2026, 07:04<\/p>\n","protected":false},"excerpt":{"rendered":"Ameryka\u0144ski dziennik przywo\u0142uje niedawne wypowiedzi dw\u00f3ch przyw\u00f3dc\u00f3w: premiera Indii Narendry Modiego oraz prezydenta Kazachstanu Kasyma-\u017bomarta Tokajewa. Dalszy ci\u0105g&hellip;\n","protected":false},"author":2,"featured_media":668645,"comment_status":"","ping_status":"","sticky":false,"template":"","format":"standard","meta":{"footnotes":"","_share_on_mastodon":"0"},"categories":[14],"tags":[61195,32,33,27,1103,76,2274,34,35,28,31,48,25,46,40,41,47,80,29,30,415,26,408,82,83,84],"class_list":["post-668644","post","type-post","status-publish","format-standard","has-post-thumbnail","category-swiat","tag-bottomfeed_styl","tag-breaking-news","tag-breakingnews","tag-headlines","tag-indie","tag-inwazja_rosji_na_ukraine","tag-kazachstan","tag-latest-news","tag-latestnews","tag-naglowki","tag-najwazniejsze-artykuly","tag-nat_styl","tag-news","tag-omp","tag-polish","tag-polski","tag-screening_general","tag-swiat","tag-top-stories","tag-topstories","tag-ukraina","tag-wiadomosci","tag-wladimir_putin","tag-world","tag-world-news","tag-worldnews"],"share_on_mastodon":{"url":"https:\/\/pubeurope.com\/@pl\/117217151489112295","error":""},"_links":{"self":[{"href":"https:\/\/www.europesays.com\/pl\/wp-json\/wp\/v2\/posts\/668644","targetHints":{"allow":["GET"]}}],"collection":[{"href":"https:\/\/www.europesays.com\/pl\/wp-json\/wp\/v2\/posts"}],"about":[{"href":"https:\/\/www.europesays.com\/pl\/wp-json\/wp\/v2\/types\/post"}],"author":[{"embeddable":true,"href":"https:\/\/www.europesays.com\/pl\/wp-json\/wp\/v2\/users\/2"}],"replies":[{"embeddable":true,"href":"https:\/\/www.europesays.com\/pl\/wp-json\/wp\/v2\/comments?post=668644"}],"version-history":[{"count":0,"href":"https:\/\/www.europesays.com\/pl\/wp-json\/wp\/v2\/posts\/668644\/revisions"}],"wp:featuredmedia":[{"embeddable":true,"href":"https:\/\/www.europesays.com\/pl\/wp-json\/wp\/v2\/media\/668645"}],"wp:attachment":[{"href":"https:\/\/www.europesays.com\/pl\/wp-json\/wp\/v2\/media?parent=668644"}],"wp:term":[{"taxonomy":"category","embeddable":true,"href":"https:\/\/www.europesays.com\/pl\/wp-json\/wp\/v2\/categories?post=668644"},{"taxonomy":"post_tag","embeddable":true,"href":"https:\/\/www.europesays.com\/pl\/wp-json\/wp\/v2\/tags?post=668644"}],"curies":[{"name":"wp","href":"https:\/\/api.w.org\/{rel}","templated":true}]}}