{"id":668650,"date":"2026-09-05T07:04:07","date_gmt":"2026-09-05T07:04:07","guid":{"rendered":"https:\/\/www.europesays.com\/pl\/668650\/"},"modified":"2026-09-05T07:04:07","modified_gmt":"2026-09-05T07:04:07","slug":"zbigniew-ziobro-tusk-przekroczyl-nieprzekraczalna-granice","status":"publish","type":"post","link":"https:\/\/www.europesays.com\/pl\/668650\/","title":{"rendered":"Zbigniew Ziobro: Tusk przekroczy\u0142 nieprzekraczaln\u0105 granic\u0119"},"content":{"rendered":"\n<p>&#13;<br \/>\nW pi\u0105tek w\u00a0trakcie obrad Sejmu premier Donald Tusk informowa\u0142 o\u00a0\u015bledztwie w\u00a0sprawie Zondacrypto. Szef rz\u0105du cytowa\u0142 m.in. fragmenty przes\u0142uchania &#8222;g\u0142\u00f3wnego zeznaj\u0105cego&#8221; w\u00a0sprawie. Prawdopodobnie mowa o\u00a0Przemys\u0142awie Kralu, by\u0142ym szefie upad\u0142ej kryptogie\u0142dy, kt\u00f3ry od\u00a0pewnego czasu wsp\u00f3\u0142pracuje z\u00a0prokuratur\u0105 w\u00a0tej sprawie. &#13;\n<\/p>\n<p>&#13;<br \/>\n&#8222;Zbyszek zapozna\u0142 si\u0119 z\u00a0aktami (chodzi o\u00a0akty oskar\u017cenia wobec tej osoby) m\u00f3wi\u0142, \u017ce\u00a0gdyby wiedzia\u0142, \u017ce\u00a0taka sprawa si\u0119 toczy, to\u00a0natychmiast by\u00a0interweniowa\u0142. Obieca\u0142, \u017ce\u00a0jak wr\u00f3ci do\u00a0w\u0142adzy w\u00a0Ministerstwie Sprawiedliwo\u015bci, czego jest pewien, to\u00a0ukr\u0119ci \u0142eb wszystkim tym sprawom&#8221; \u2013\u00a0mia\u0142 wyja\u015bnia\u0107 \u015bwiadek. &#13;\n<\/p>\n<p>&#13;<br \/>\n\u2013 Ta\u00a0osoba zezna\u0142a te\u017c, \u017ce\u00a0rekompensata za\u00a0t\u0119 us\u0142ug\u0119 b\u0119dzie wyp\u0142acona panu ministrowi Ziobro za\u00a0po\u015brednictwem fundacji, kt\u00f3r\u0105 zak\u0142ada\u0142 brat pana Ziobry, a\u00a0by\u0142a to\u00a0Fundacja Suwerennej Polski \u2013\u00a0przekaza\u0142 premier Donald Tusk w\u00a0Sejmie. &#13;\n<\/p>\n<p>&#13;<br \/>\nBrat by\u0142ego ministra sprawiedliwo\u015bci twierdzi, \u017ce\u00a0s\u0142owa szefa rz\u0105du to\u00a0k\u0142amstwo. Witold Kornicki wyda\u0142 w\u00a0tej sprawie o\u015bwiadczenie, kt\u00f3rego tre\u015b\u0107 <a href=\"https:\/\/dorzeczy.pl\/kraj\/938470\/brat-ziobry-zada-od-tuska-przeprosin-to-absurdalny-atak.html\" rel=\"nofollow noopener\" target=\"_blank\">zamie\u015bcili\u015bmy na\u00a0naszym portalu<\/a>. G\u0142os w\u00a0sprawie zabra\u0142 tak\u017ce sam Zbigniew Ziobro. Polityk PiS nie\u00a0przebiera\u0142 w\u00a0s\u0142owach, stwierdzaj\u0105c, \u017ce\u00a0Donald Tusk &#8222;przekroczy\u0142 nieprzekraczaln\u0105 granic\u0119&#8221; i\u00a0&#8222;si\u0119gn\u0105\u0142 po\u00a0bandyt\u00f3w i\u00a0k\u0142amstwa, aby\u00a0uruchomi\u0107 operacj\u0119 zniszczenia prawicowej opozycji&#8221;. Jak uwa\u017ca polityk, premier mia\u0142 dzi\u0119ki temu liczy\u0107, \u017ce\u00a0&#8222;odwr\u00f3ci w\u00a0ten spos\u00f3b uwag\u0119 Polak\u00f3w od\u00a0rujnuj\u0105cej ich rodziny dro\u017cyzny, szpitalnych salonik\u00f3w VIP dla\u00a0partyjnych dzia\u0142aczy i\u00a0wyp\u0142acania im\u00a0milion\u00f3w za\u00a0szkody powodziowe, kt\u00f3rych nie\u00a0by\u0142o&#8221;. &#13;\n<\/p>\n<p>Mocny wpis Ziobry<\/p>\n<p>&#13;<br \/>\n&#8222;Jako wieloletni Prokurator Generalny nieraz styka\u0142em si\u0119 z\u00a0k\u0142amliwymi pom\u00f3wieniami przest\u0119pc\u00f3w kupuj\u0105cych sobie ni\u017cszy wyrok. Donald Tusk zna t\u0119\u00a0metod\u0119 \u2013\u00a0sam jej do\u015bwiadczy\u0142. W\u00a02022 roku domaga\u0142 si\u0119 powo\u0142ania sejmowej komisji \u015bledczej, powo\u0142uj\u0105c si\u0119 na\u00a0\u00abnajbardziej wiarygodnego w\u00a0Polsce\u00bb ma\u0142ego \u015bwiadka koronnego, Marcina W. Nagle zmieni\u0142 zdanie, gdy okaza\u0142o si\u0119, \u017ce\u00a0ten \u00abwiarygodny\u00bb przest\u0119pca opisa\u0142, jak przekaza\u0142 jego synowi 600 tysi\u0119cy euro \u0142ap\u00f3wki w\u00a0reklam\u00f3wce z\u00a0Biedronki&#8221; \u2013\u00a0pisze Ziobro na\u00a0swoim koncie na\u00a0platformie X. &#13;\n<\/p>\n<p>&#13;<br \/>\nBy\u0142y szef resortu sprawiedliwo\u015bci \u017c\u0105da od\u00a0premiera, aby\u00a0&#8222;pokaza\u0142 Polakom fakty&#8221;. Chodzi o\u00a0informacje, kto i\u00a0kiedy wszczyna\u0142 \u015bledztwa w\u00a0sprawie Zondacrypto, a\u00a0kto i\u00a0kiedy je\u00a0umarza\u0142 \u2013\u00a0za\u00a0rz\u0105d\u00f3w Zjednoczonej Prawicy i\u00a0za rz\u0105d\u00f3w obecnej koalicji. Dzi\u0119ki temu ka\u017cdy oceni, &#8222;kto naprawd\u0119 \u015bciga\u0142 przest\u0119pc\u00f3w, a\u00a0kto ich kry\u0142&#8221;. &#13;\n<\/p>\n<p>&#13;<br \/>\n&#8222;Niech Polacy zobacz\u0105, jak\u0105 perfidn\u0105 rol\u0119 pe\u0142ni w\u00a0tej intrydze adwokat rodziny Donalda Tuska i\u00a0w\u0142a\u015bciciela Zondacrypto, Roman Giertych. To\u00a0w\u0142a\u015bnie wtedy, gdy rz\u0105d Donalda Tuska nielegalnie przej\u0105\u0142 prokuratur\u0119, prokurator awansowany przez Adama Bodnara umorzy\u0142 g\u0142\u00f3wne \u015bledztwo w\u00a0sprawie gie\u0142dy kryptowalut, co\u00a0da\u0142o przyzwolenie na\u00a0jej dalsze dzia\u0142anie&#8221; \u2013\u00a0wskaza\u0142 Ziobro. &#13;\n<\/p>\n<p>&#13;<br \/>\nPose\u0142 PiS przypomnia\u0142, \u017ce\u00a0to\u00a0za czas\u00f3w obecnego rz\u0105du pracownicy Zondacrypto szkolili policjant\u00f3w, prokurator\u00f3w oraz\u00a0przedstawicieli s\u0142u\u017cby skarbowej. Ziobro twierdzi r\u00f3wnie\u017c, \u017ce\u00a0zar\u00f3wno sam Tusk, jak i\u00a0jego ministrowie &#8222;promowali si\u0119 na\u00a0suto op\u0142acanych przez Zondacrypto publicznych wydarzeniach, cho\u0107 p\u00f3\u017aniej twierdzili, \u017ce\u00a0za\u00a0t\u0105 firm\u0105 stoi rosyjska mafia&#8221;. &#13;\n<\/p>\n<p>&#13;<br \/>\n&#8222;Dlatego zwracam si\u0119 do\u00a0Donalda Tuska z\u00a0apelem o\u00a0ujawnienie akt z\u00a0wszystkich \u015bledztw dotycz\u0105cych Przemys\u0142awa Krala, Zondacrypto i\u00a0wszelkich podmiot\u00f3w z\u00a0nimi zwi\u0105zanych&#8221; \u2013\u00a0podsumowa\u0142 Ziobro. &#13;\n<\/p>\n<p>&#13;<br \/>\n   Czytaj te\u017c:<br \/><a href=\"https:\/\/dorzeczy.pl\/opinie\/938368\/weto-ws-kryptowalut-bosak-o-slowach-tuska-dezinformowanie-opinii-publicznej.html\" rel=\"follow nofollow noopener\" data-schema=\"DORZECZY\" data-image=\"https:\/\/img.dorzeczy.pl\/_thumb\/8c\/1a\/288b2a216c0cf9360fbd564fd760.jpeg\" target=\"_blank\">Bosak o\u00a0s\u0142owach Tuska: Dezinformowanie opinii publicznej<\/a>   Czytaj te\u017c:<br \/><a href=\"https:\/\/dorzeczy.pl\/kraj\/938305\/burza-w-sejmie-wokol-zondacrypto-ziobro-odpowiada-na-slowa-tuska.html\" rel=\"follow nofollow noopener\" data-schema=\"DORZECZY\" data-image=\"https:\/\/img.dorzeczy.pl\/_thumb\/a8\/92\/9c201d00f3e6ab1b228b407bf98c.jpeg\" target=\"_blank\">Burza w\u00a0Sejmie. Ziobro odpowiada na\u00a0s\u0142owa Tuska<\/a>&#13;<\/p>\n","protected":false},"excerpt":{"rendered":"&#13; W pi\u0105tek w\u00a0trakcie obrad Sejmu premier Donald Tusk informowa\u0142 o\u00a0\u015bledztwie w\u00a0sprawie Zondacrypto. Szef rz\u0105du cytowa\u0142 m.in. fragmenty&hellip;\n","protected":false},"author":2,"featured_media":668651,"comment_status":"","ping_status":"","sticky":false,"template":"","format":"standard","meta":{"footnotes":"","_share_on_mastodon":"0"},"categories":[62713],"tags":[11215,1345,98,49,601,102,423,99,3817,17994],"class_list":["post-668650","post","type-post","status-publish","format-standard","has-post-thumbnail","category-donald-tusk","tag-afera","tag-donald-tusk","tag-dorzeczy","tag-kraj","tag-marcin-bugaj","tag-opinie","tag-sejm","tag-tusk","tag-ziobro","tag-zondacrypto"],"share_on_mastodon":{"url":"https:\/\/pubeurope.com\/@pl\/117217163256046946","error":""},"_links":{"self":[{"href":"https:\/\/www.europesays.com\/pl\/wp-json\/wp\/v2\/posts\/668650","targetHints":{"allow":["GET"]}}],"collection":[{"href":"https:\/\/www.europesays.com\/pl\/wp-json\/wp\/v2\/posts"}],"about":[{"href":"https:\/\/www.europesays.com\/pl\/wp-json\/wp\/v2\/types\/post"}],"author":[{"embeddable":true,"href":"https:\/\/www.europesays.com\/pl\/wp-json\/wp\/v2\/users\/2"}],"replies":[{"embeddable":true,"href":"https:\/\/www.europesays.com\/pl\/wp-json\/wp\/v2\/comments?post=668650"}],"version-history":[{"count":0,"href":"https:\/\/www.europesays.com\/pl\/wp-json\/wp\/v2\/posts\/668650\/revisions"}],"wp:featuredmedia":[{"embeddable":true,"href":"https:\/\/www.europesays.com\/pl\/wp-json\/wp\/v2\/media\/668651"}],"wp:attachment":[{"href":"https:\/\/www.europesays.com\/pl\/wp-json\/wp\/v2\/media?parent=668650"}],"wp:term":[{"taxonomy":"category","embeddable":true,"href":"https:\/\/www.europesays.com\/pl\/wp-json\/wp\/v2\/categories?post=668650"},{"taxonomy":"post_tag","embeddable":true,"href":"https:\/\/www.europesays.com\/pl\/wp-json\/wp\/v2\/tags?post=668650"}],"curies":[{"name":"wp","href":"https:\/\/api.w.org\/{rel}","templated":true}]}}