{"id":668666,"date":"2026-09-05T07:16:16","date_gmt":"2026-09-05T07:16:16","guid":{"rendered":"https:\/\/www.europesays.com\/pl\/668666\/"},"modified":"2026-09-05T07:16:16","modified_gmt":"2026-09-05T07:16:16","slug":"codzienny-raport-utrudnien-drogowych-5-09-2026-w-woj-pomorskim","status":"publish","type":"post","link":"https:\/\/www.europesays.com\/pl\/668666\/","title":{"rendered":"Codzienny raport utrudnie\u0144 drogowych 5.09.2026 w woj. pomorskim"},"content":{"rendered":"<p><img decoding=\"async\" loading=\"eager\" fetchpriority=\"high\" class=\"atomsArticleGalleryImage__mainImg\" src=\"https:\/\/www.europesays.com\/pl\/wp-content\/uploads\/2026\/09\/1788592576_879_iladb05293_665459703_medium.jpg\" alt=\"Informacje o utrudnieniach drogowych w pomorskim uzyskujemy od Generalnej Dyrekcji Dr&#xF3;g Krajowych i Autostrad.\" width=\"1920\" height=\"1280\"\/><\/p>\n<p>\n        Informacje o utrudnieniach drogowych w pomorskim uzyskujemy od Generalnej Dyrekcji Dr\u00f3g Krajowych i Autostrad.<\/p>\n<p>          fot. DARIUSZ GDESZ \/ POLSKAPRESSE\n        <\/p>\n<p>Gdzie w wojew\u00f3dztwie pomorskim nale\u017cy spodziewa\u0107 si\u0119 dzisiaj (5.09.2026) utrudnie\u0144? Roboty drogowe: droga S6, Straszyn &#8211; A1 (344.\u00a0km na odc. 4.0\u00a0km) Remont nawierzcni  w kierunku A1 naprzemienni b\u0119d\u0105 wy\u0142\u0105czane lewy lub prawy pas na d\u0142ugo\u015bci do 1km.<\/p>\n","protected":false},"excerpt":{"rendered":"Informacje o utrudnieniach drogowych w pomorskim uzyskujemy od Generalnej Dyrekcji Dr\u00f3g Krajowych i Autostrad. fot. DARIUSZ GDESZ \/&hellip;\n","protected":false},"author":2,"featured_media":668667,"comment_status":"","ping_status":"","sticky":false,"template":"","format":"standard","meta":{"footnotes":"","_share_on_mastodon":"0"},"categories":[51610],"tags":[1048,1856,42,38,40,39,41,38947,8990],"class_list":["post-668666","post","type-post","status-publish","format-standard","has-post-thumbnail","category-gdansk","tag-gdansk","tag-gddkia","tag-pl","tag-poland","tag-polish","tag-polska","tag-polski","tag-pomorskie","tag-utrudnienia"],"share_on_mastodon":{"url":"https:\/\/pubeurope.com\/@pl\/117217211075809509","error":""},"_links":{"self":[{"href":"https:\/\/www.europesays.com\/pl\/wp-json\/wp\/v2\/posts\/668666","targetHints":{"allow":["GET"]}}],"collection":[{"href":"https:\/\/www.europesays.com\/pl\/wp-json\/wp\/v2\/posts"}],"about":[{"href":"https:\/\/www.europesays.com\/pl\/wp-json\/wp\/v2\/types\/post"}],"author":[{"embeddable":true,"href":"https:\/\/www.europesays.com\/pl\/wp-json\/wp\/v2\/users\/2"}],"replies":[{"embeddable":true,"href":"https:\/\/www.europesays.com\/pl\/wp-json\/wp\/v2\/comments?post=668666"}],"version-history":[{"count":0,"href":"https:\/\/www.europesays.com\/pl\/wp-json\/wp\/v2\/posts\/668666\/revisions"}],"wp:featuredmedia":[{"embeddable":true,"href":"https:\/\/www.europesays.com\/pl\/wp-json\/wp\/v2\/media\/668667"}],"wp:attachment":[{"href":"https:\/\/www.europesays.com\/pl\/wp-json\/wp\/v2\/media?parent=668666"}],"wp:term":[{"taxonomy":"category","embeddable":true,"href":"https:\/\/www.europesays.com\/pl\/wp-json\/wp\/v2\/categories?post=668666"},{"taxonomy":"post_tag","embeddable":true,"href":"https:\/\/www.europesays.com\/pl\/wp-json\/wp\/v2\/tags?post=668666"}],"curies":[{"name":"wp","href":"https:\/\/api.w.org\/{rel}","templated":true}]}}