{"id":668672,"date":"2026-09-05T07:22:01","date_gmt":"2026-09-05T07:22:01","guid":{"rendered":"https:\/\/www.europesays.com\/pl\/668672\/"},"modified":"2026-09-05T07:22:01","modified_gmt":"2026-09-05T07:22:01","slug":"makro-gastro-lab-2026-wroclaw-gospodarzem-najwiekszego-w-polsce-spotkania-branzy-horeca","status":"publish","type":"post","link":"https:\/\/www.europesays.com\/pl\/668672\/","title":{"rendered":"MAKRO GASTRO LAB 2026. Wroc\u0142aw gospodarzem najwi\u0119kszego w Polsce spotkania bran\u017cy HoReCa"},"content":{"rendered":"<p>&#13;<br \/>\n                                            &#13;<br \/>\n                    &#13;<br \/>\n                    &#13;<br \/>\n&#13;<\/p>\n<p>&#13;<br \/>\n                            &#13;<br \/>\n                                                            Publikacja: \u015aroda, 2 wrze\u015bnia (13:06)&#13;\n                                                                                <\/p>\n<p>                    &#13;<br \/>\n&#13;<\/p>\n<p>0:00<\/p>\n<p>5:23<\/p>\n<p>                    Pos\u0142uchaj artyku\u0142u<br \/>\n                    &#13;<br \/>\n                        Czytane g\u0142osem AI&#13;<br \/>\n                        &#13;<\/p>\n<p>&#13;<br \/>\n&#13;<br \/>\n&#13;<\/p>\n<p class=\"article-page__lead\">Bran\u017ca gastronomiczna spotka si\u0119 30 wrze\u015bnia w Hali Stulecia we Wroc\u0142awiu podczas MAKRO GASTRO LAB 2026. Wydarzenie skierowane jest do w\u0142a\u015bcicieli restauracji, szef\u00f3w kuchni i profesjonalist\u00f3w HoReCa. W programie znalaz\u0142y si\u0119 kulinarne pokazy, rozmowy z ekspertami, prezentacje produkt\u00f3w i rozwi\u0105zania odpowiadaj\u0105ce na codzienne wyzwania gastronomii.<\/p>\n<p>&#13;<br \/>\n                                    &#13;<br \/>\n                        &#13;<br \/>\n                        &#13;<br \/>\n                        <img decoding=\"async\" src=\"https:\/\/www.europesays.com\/pl\/wp-content\/uploads\/2026\/09\/zdjecie-ilustracyjne-966x643-b574f267.jpg\" alt=\"MAKRO GASTRO LAB 2026. Wroc\u0142aw gospodarzem najwi\u0119kszego w Polsce spotkania bran\u017cy HoReCa\" class=\"article-page__image\" loading=\"lazy\"\/>&#13;<\/p>\n<p>&#13;<br \/>\n                                                                    (zdj\u0119cie ilustracyjne)&#13;<br \/>\n                                                                                                    \/materia\u0142y prasowe&#13;\n                                                            <\/p>\n<p>&#13;<\/p>\n<p>                    Gastronomia potrzebuje wymiany do\u015bwiadcze\u0144<\/p>\n<p>Prowadzenie restauracji wymaga dzi\u015b sprawnego zarz\u0105dzania nie tylko kuchni\u0105, ale ca\u0142ym zapleczem biznesowym. Rosn\u0105ce koszty produkt\u00f3w i pracy, zmieniaj\u0105ce si\u0119 oczekiwania go\u015bci oraz coraz wi\u0119ksza konkurencja sprawiaj\u0105, \u017ce restauratorzy szukaj\u0105 sposob\u00f3w na usprawnienie codziennej dzia\u0142alno\u015bci.\u00a0Spotkania bran\u017cowe daj\u0105 mo\u017cliwo\u015b\u0107 spojrzenia na te problemy z innej perspektywy. Bezpo\u015bredni kontakt z praktykami pozwala zobaczy\u0107, jak konkretne rozwi\u0105zania sprawdzaj\u0105 si\u0119 w codziennej pracy kuchni, porozmawia\u0107 o do\u015bwiadczeniach i pozna\u0107 sposoby radzenia sobie z podobnymi wyzwaniami. Taki charakter ma MAKRO GASTRO LAB. Wydarzenie \u0142\u0105czy \u015bwiat profesjonalnej kuchni z tematami zwi\u0105zanymi z prowadzeniem restauracji i rozwojem biznesu.<\/p>\n<p>Szefowie kuchni w centrum wydarzenia<\/p>\n<p>W\u0142a\u015bciciele restauracji, szefowie kuchni i osoby odpowiedzialne za zakupy szukaj\u0105 przede wszystkim rozwi\u0105za\u0144, kt\u00f3re mo\u017cna wykorzysta\u0107 w codziennej pracy. Jak usprawni\u0107 prac\u0119 zespo\u0142u? Jak ograniczy\u0107 straty? Jak stworzy\u0107 kart\u0119, kt\u00f3ra odpowiada oczekiwaniom go\u015bci, a jednocze\u015bnie jest mo\u017cliwa do sprawnej realizacji przez kuchni\u0119? Odpowiedzi na takie pytania mo\u017cna szuka\u0107 podczas pokaz\u00f3w kulinarnych i prezentacji przygotowanych przez profesjonalist\u00f3w.\u00a0<\/p>\n<p>Nie chodzi przy tym o kopiowanie gotowych rozwi\u0105za\u0144. Restauracje r\u00f3\u017cni\u0105 si\u0119 profilem, zespo\u0142em i grup\u0105 klient\u00f3w. Bran\u017cowe spotkania pozwalaj\u0105 jednak znale\u017a\u0107 pomys\u0142y, kt\u00f3re mo\u017cna prze\u0142o\u017cy\u0107 na w\u0142asne warunki.<\/p>\n<p>Restauracja to dobrze zorganizowany biznes<\/p>\n<p>Dobra kuchnia jest podstaw\u0105 restauracji, ale to nie wystarczy, by lokal sprawnie dzia\u0142a\u0142. Restaurator musi pilnowa\u0107 koszt\u00f3w, planowa\u0107 zakupy, organizowa\u0107 prac\u0119 zespo\u0142u i zapewni\u0107 kuchni ci\u0105g\u0142o\u015b\u0107 dostaw produkt\u00f3w.\u00a0W\u0142a\u015bnie dlatego zaopatrzenie jest jednym z element\u00f3w codziennego zarz\u0105dzania lokalem. Dobrze zaplanowane zam\u00f3wienia u\u0142atwiaj\u0105 kontrolowanie wydatk\u00f3w, ograniczaj\u0105 ryzyko brak\u00f3w i pozwalaj\u0105 zespo\u0142owi skupi\u0107 si\u0119 na pracy. <a href=\"https:\/\/www.makro.pl\/dostawy-dla-gastronomii\/\" target=\"_blank\" rel=\"noopener noreferrer nofollow\">Oferta dostaw dla gastronomii<\/a> mo\u017ce by\u0107 rozwi\u0105zaniem dla lokali, kt\u00f3re potrzebuj\u0105 regularnego dost\u0119pu do szerokiego asortymentu bez organizowania ka\u017cdego zakupu osobno.<\/p>\n<p>MAKRO GASTRO LAB pokazuje gastronomi\u0119 z szerszej perspektywy. Obok temat\u00f3w kulinarnych pojawiaj\u0105 si\u0119 rozwi\u0105zania dotycz\u0105ce prowadzenia lokalu, pracy kuchni i codziennych wyzwa\u0144, z kt\u00f3rymi mierz\u0105 si\u0119 restauratorzy.<\/p>\n<p>Pomys\u0142y, kt\u00f3re mo\u017cna zabra\u0107 ze sob\u0105 do restauracji<\/p>\n<p>Trendy gastronomiczne pojawiaj\u0105 si\u0119 szybko, ale nie ka\u017cdy pasuje do ka\u017cdej kuchni. Restauratorzy potrzebuj\u0105 wi\u0119c nie kolejnej listy modnych produkt\u00f3w, lecz pomys\u0142\u00f3w, kt\u00f3re mo\u017cna oceni\u0107 pod k\u0105tem w\u0142asnego menu, koszt\u00f3w i mo\u017cliwo\u015bci zespo\u0142u. MAKRO GASTRO LAB ma by\u0107 przestrzeni\u0105 do zdobywania takich do\u015bwiadcze\u0144. <a href=\"https:\/\/www.makro.pl\/inspiracje-i-przepisy\/dla-gastronomii\/\" target=\"_blank\" rel=\"noopener noreferrer nofollow\">Inspiracje dla gastronomii<\/a> obejmuj\u0105 zar\u00f3wno kuchni\u0119 i prac\u0119 z produktem, jak i rozwi\u0105zania dotycz\u0105ce organizacji lokalu.<\/p>\n<p>Istotna jest tak\u017ce mo\u017cliwo\u015b\u0107 bezpo\u015bredniego kontaktu z osobami zwi\u0105zanymi z bran\u017c\u0105. Rozmowa z szefem kuchni czy innym restauratorem cz\u0119sto pozwala spojrze\u0107 na znany problem z zupe\u0142nie innej strony.<\/p>\n<p>Jedno miejsce, wiele perspektyw<\/p>\n<p>W wydarzeniu mog\u0105 uczestniczy\u0107 przedstawiciele r\u00f3\u017cnych segment\u00f3w HoReCa \u2013 od w\u0142a\u015bcicieli niezale\u017cnych restauracji po osoby odpowiedzialne za kuchnie hotelowe, catering czy gastronomi\u0119 w wi\u0119kszych obiektach. Ka\u017cda z tych grup mierzy si\u0119 z nieco innymi problemami, ale wiele wyzwa\u0144 pozostaje wsp\u00f3lnych. Jak utrzyma\u0107 jako\u015b\u0107 przy rosn\u0105cych kosztach? Jak znale\u017a\u0107 i zatrzyma\u0107 pracownik\u00f3w? Jak planowa\u0107 zakupy? Jak zmienia\u0107 menu bez generowania niepotrzebnych strat?<\/p>\n<p>Spotkanie ca\u0142ej bran\u017cy w jednym miejscu mo\u017ce by\u0107 \u017ar\u00f3d\u0142em praktycznej wiedzy i nowych kontakt\u00f3w.<\/p>\n<p>Wroc\u0142aw zaprasza bran\u017c\u0119 HoReCa<\/p>\n<p><a href=\"https:\/\/landing.meetingapplication.com\/event\/makro-gastro-lab\" target=\"_blank\" rel=\"noopener noreferrer nofollow\">Zapisy na MAKRO GASTRO LAB<\/a> trwaj\u0105. Wydarzenie zosta\u0142o przygotowane z my\u015bl\u0105 o osobach, kt\u00f3re na co dzie\u0144 pracuj\u0105 w gastronomii \u2013 gotuj\u0105, zarz\u0105dzaj\u0105 lokalami, odpowiadaj\u0105 za zakupy i podejmuj\u0105 decyzje dotycz\u0105ce rozwoju swoich biznes\u00f3w.<\/p>\n<p>Uczestnicy b\u0119d\u0105 mogli pozna\u0107 nowe produkty, rozwi\u0105zania i trendy, a tak\u017ce spotka\u0107 innych profesjonalist\u00f3w z bran\u017cy.\u00a0Szczeg\u00f3\u0142y dotycz\u0105ce programu oraz udzia\u0142u mo\u017cna znale\u017a\u0107 na stronie wydarzenia.<\/p>\n<p>FAQ \u2013 Najcz\u0119\u015bciej zadawane pytaniaGdzie odb\u0119dzie si\u0119 MAKRO GASTRO LAB 2026?<\/p>\n<p>MAKRO GASTRO LAB 2026 odb\u0119dzie si\u0119 w Hali Stulecia we Wroc\u0142awiu. To w\u0142a\u015bnie tam spotkaj\u0105 si\u0119 przedstawiciele bran\u017cy HoReCa, w tym restauratorzy i szefowie kuchni. Wydarzenie b\u0119dzie okazj\u0105 do poznania nowych rozwi\u0105za\u0144 dla gastronomii, rozm\u00f3w z ekspertami oraz wymiany do\u015bwiadcze\u0144 z innymi profesjonalistami.<\/p>\n<p>Jak zapisa\u0107 si\u0119 na MAKRO GASTRO LAB 2026?<\/p>\n<p>Aby wzi\u0105\u0107 udzia\u0142 w wydarzeniu, nale\u017cy skorzysta\u0107 z formularza rejestracyjnego dost\u0119pnego na stronie MAKRO. Przed zg\u0142oszeniem warto zapozna\u0107 si\u0119 z informacjami dotycz\u0105cymi wydarzenia i sprawdzi\u0107 warunki uczestnictwa. Liczba miejsc mo\u017ce by\u0107 ograniczona, dlatego rejestracji lepiej nie odk\u0142ada\u0107 na ostatni\u0105 chwil\u0119.<\/p>\n<p>Czy MAKRO GASTRO LAB jest przeznaczone tylko dla szef\u00f3w kuchni?<\/p>\n<p>Nie. MAKRO GASTRO LAB kierowane jest do szerokiego grona profesjonalist\u00f3w zwi\u0105zanych z HoReCa. W wydarzeniu mog\u0105 uczestniczy\u0107 mi\u0119dzy innymi w\u0142a\u015bciciele i osoby zarz\u0105dzaj\u0105ce restauracjami, szefowie kuchni oraz inni przedstawiciele gastronomii. Program pozwala spojrze\u0107 na bran\u017c\u0119 zar\u00f3wno od strony kulinarnej, jak i organizacyjnej czy biznesowej.<\/p>\n","protected":false},"excerpt":{"rendered":"&#13; &#13; &#13; &#13; &#13; &#13; &#13; Publikacja: \u015aroda, 2 wrze\u015bnia (13:06)&#13; &#13; &#13; 0:00 5:23 Pos\u0142uchaj artyku\u0142u&hellip;\n","protected":false},"author":2,"featured_media":668673,"comment_status":"","ping_status":"","sticky":false,"template":"","format":"standard","meta":{"footnotes":"","_share_on_mastodon":"0"},"categories":[51607],"tags":[42,38,40,39,41,1853],"class_list":["post-668672","post","type-post","status-publish","format-standard","has-post-thumbnail","category-wroclaw","tag-pl","tag-poland","tag-polish","tag-polska","tag-polski","tag-wroclaw"],"share_on_mastodon":{"url":"https:\/\/pubeurope.com\/@pl\/117217235177960249","error":""},"_links":{"self":[{"href":"https:\/\/www.europesays.com\/pl\/wp-json\/wp\/v2\/posts\/668672","targetHints":{"allow":["GET"]}}],"collection":[{"href":"https:\/\/www.europesays.com\/pl\/wp-json\/wp\/v2\/posts"}],"about":[{"href":"https:\/\/www.europesays.com\/pl\/wp-json\/wp\/v2\/types\/post"}],"author":[{"embeddable":true,"href":"https:\/\/www.europesays.com\/pl\/wp-json\/wp\/v2\/users\/2"}],"replies":[{"embeddable":true,"href":"https:\/\/www.europesays.com\/pl\/wp-json\/wp\/v2\/comments?post=668672"}],"version-history":[{"count":0,"href":"https:\/\/www.europesays.com\/pl\/wp-json\/wp\/v2\/posts\/668672\/revisions"}],"wp:featuredmedia":[{"embeddable":true,"href":"https:\/\/www.europesays.com\/pl\/wp-json\/wp\/v2\/media\/668673"}],"wp:attachment":[{"href":"https:\/\/www.europesays.com\/pl\/wp-json\/wp\/v2\/media?parent=668672"}],"wp:term":[{"taxonomy":"category","embeddable":true,"href":"https:\/\/www.europesays.com\/pl\/wp-json\/wp\/v2\/categories?post=668672"},{"taxonomy":"post_tag","embeddable":true,"href":"https:\/\/www.europesays.com\/pl\/wp-json\/wp\/v2\/tags?post=668672"}],"curies":[{"name":"wp","href":"https:\/\/api.w.org\/{rel}","templated":true}]}}