{"id":668702,"date":"2026-09-05T07:40:12","date_gmt":"2026-09-05T07:40:12","guid":{"rendered":"https:\/\/www.europesays.com\/pl\/668702\/"},"modified":"2026-09-05T07:40:12","modified_gmt":"2026-09-05T07:40:12","slug":"plan-transmisji-meczow-na-sobote-bedzie-sie-dzialo-pilkanozna-pl","status":"publish","type":"post","link":"https:\/\/www.europesays.com\/pl\/668702\/","title":{"rendered":"Plan transmisji mecz\u00f3w na sobot\u0119. B\u0119dzie si\u0119 dzia\u0142o! \u2013 Pi\u0142kaNo\u017cna.pl"},"content":{"rendered":"<p>\n            fot. Norbert Barczyk \/ PressFocus\n        <\/p>\n<p class=\"text-4 text-center text-global-text-primary\">W sobot\u0119 odb\u0119dzie si\u0119 sporo ciekawie zapowiadaj\u0105cych si\u0119 mecz\u00f3w, w Polsce i za granic\u0105. Oto plan ich transmisji.\n        <\/p>\n<p class=\"wp-block-paragraph\">11.55 Podhale Nowy Targ \u2013 Sandecja Nowy S\u0105cz, Betclic 2 Liga, TVP Sport, sport.tvp.pl<\/p>\n<p class=\"wp-block-paragraph\">12.53 Sok\u00f3\u0142 Kleczew \u2013 G\u00f3rnik \u0141\u0119czna, Betclic 2 Liga, sport.tvp.pl<\/p>\n<p class=\"wp-block-paragraph\">13.25 Newcastle United \u2013 AFC Bournemouth, Premier League, Canal+ Extra 1<\/p>\n<p class=\"wp-block-paragraph\">14.40 Widzew \u0141\u00f3d\u017a \u2013 Radomiak Radom, PKO Bank Polski Ekstraklasa, Canal+ Sport 3<\/p>\n<p class=\"wp-block-paragraph\">14.55 ACF Fiorentina \u2013 Torino FC, Serie A, Eleven Sports 2<\/p>\n<p class=\"wp-block-paragraph\">14.55 Polska \u2013 Argentyna, Mistrzostwa \u015bwiata kobiet U-20, TVP Sport, sport.tvp.pl<\/p>\n<p class=\"wp-block-paragraph\">15.23 Multiliga: Mied\u017a Legnica \u2013 Chrobry G\u0142og\u00f3w, Stal Mielec \u2013 Odra Opole, Stal Rzesz\u00f3w \u2013 Polonia Warszawa, Betclic 1 Liga, TVP 3, sport.tvp.pl<\/p>\n<p class=\"wp-block-paragraph\">15.55 Legendarny mecz: Polska \u2013 Anglia, Mecz pokazowy, TVP 1, TVP Polonia, sport.tvp.pl<\/p>\n<p class=\"wp-block-paragraph\">15.55 Manchester City \u2013 Coventry City, Premier League, Canal+ Extra 1<\/p>\n<p class=\"wp-block-paragraph\">17.25 Korona Kielce \u2013 Wis\u0142a Krak\u00f3w, PKO Bank Polski Ekstraklasa, Canal+ Sport 3<\/p>\n<p class=\"wp-block-paragraph\">17.55 Inter Mediolan \u2013 SSC Napoli, Serie A, Eleven Sports 2<\/p>\n<p class=\"wp-block-paragraph\">18.25 Hull City \u2013 Aston Villa, Premier League, Canal+ Extra 1<\/p>\n<p class=\"wp-block-paragraph\">18.25 Rayo Vallecano \u2013 Racing Santander, La Liga, Canal+ Sport<\/p>\n<p class=\"wp-block-paragraph\">18.25 Schalke 04 Gelsenkirchen \u2013 Bayern Monachium, Bundesliga, Eleven Sports 1<\/p>\n<p class=\"wp-block-paragraph\">20.10 Motor Lublin \u2013 Legia Warszawa, PKO Bank Polski Ekstraklasa, Canal+ Sport 3, Canal+ 4K<\/p>\n<p class=\"wp-block-paragraph\">20.40 AS Roma \u2013 Atalanta BC, Serie A, Eleven Sports 1<\/p>\n<p class=\"wp-block-paragraph\">20.40 OGC Nice \u2013 Le Mans FC, Ligue 1, Eleven Sports 2<\/p>\n<p class=\"wp-block-paragraph\">20.55 Villarreal CF \u2013 Deportivo La Coruna, La Liga, Canal+ Sport<\/p>\n","protected":false},"excerpt":{"rendered":"fot. Norbert Barczyk \/ PressFocus W sobot\u0119 odb\u0119dzie si\u0119 sporo ciekawie zapowiadaj\u0105cych si\u0119 mecz\u00f3w, w Polsce i za&hellip;\n","protected":false},"author":2,"featured_media":668703,"comment_status":"","ping_status":"","sticky":false,"template":"","format":"standard","meta":{"footnotes":"","_share_on_mastodon":"0"},"categories":[52122],"tags":[6010,752,42,38,40,39,41,25068,25065,545],"class_list":["post-668702","post","type-post","status-publish","format-standard","has-post-thumbnail","category-pko-bank-polski","tag-pko-bank-polski","tag-pko-bp","tag-pl","tag-poland","tag-polish","tag-polska","tag-polski","tag-program-telewizyjny","tag-program-tv","tag-transmisja"],"share_on_mastodon":{"url":"https:\/\/pubeurope.com\/@pl\/117217304492830669","error":""},"_links":{"self":[{"href":"https:\/\/www.europesays.com\/pl\/wp-json\/wp\/v2\/posts\/668702","targetHints":{"allow":["GET"]}}],"collection":[{"href":"https:\/\/www.europesays.com\/pl\/wp-json\/wp\/v2\/posts"}],"about":[{"href":"https:\/\/www.europesays.com\/pl\/wp-json\/wp\/v2\/types\/post"}],"author":[{"embeddable":true,"href":"https:\/\/www.europesays.com\/pl\/wp-json\/wp\/v2\/users\/2"}],"replies":[{"embeddable":true,"href":"https:\/\/www.europesays.com\/pl\/wp-json\/wp\/v2\/comments?post=668702"}],"version-history":[{"count":0,"href":"https:\/\/www.europesays.com\/pl\/wp-json\/wp\/v2\/posts\/668702\/revisions"}],"wp:featuredmedia":[{"embeddable":true,"href":"https:\/\/www.europesays.com\/pl\/wp-json\/wp\/v2\/media\/668703"}],"wp:attachment":[{"href":"https:\/\/www.europesays.com\/pl\/wp-json\/wp\/v2\/media?parent=668702"}],"wp:term":[{"taxonomy":"category","embeddable":true,"href":"https:\/\/www.europesays.com\/pl\/wp-json\/wp\/v2\/categories?post=668702"},{"taxonomy":"post_tag","embeddable":true,"href":"https:\/\/www.europesays.com\/pl\/wp-json\/wp\/v2\/tags?post=668702"}],"curies":[{"name":"wp","href":"https:\/\/api.w.org\/{rel}","templated":true}]}}