{"id":668712,"date":"2026-09-05T07:45:13","date_gmt":"2026-09-05T07:45:13","guid":{"rendered":"https:\/\/www.europesays.com\/pl\/668712\/"},"modified":"2026-09-05T07:45:13","modified_gmt":"2026-09-05T07:45:13","slug":"media-pogon-szczecin-rozwaza-kandydature-pilkarza-z-ligi-rosyjskiej","status":"publish","type":"post","link":"https:\/\/www.europesays.com\/pl\/668712\/","title":{"rendered":"Media: Pogo\u0144 Szczecin rozwa\u017ca kandydatur\u0119 pi\u0142karza z ligi rosyjskiej"},"content":{"rendered":"<p>\n                        23-letni reprezentant Iranu, kt\u00f3ry na co dzie\u0144 wyst\u0119puje w rosyjskim Dynamie Machaczka\u0142a, na celowniku Pogoni Szczecin. Tak ustali\u0142 serwis pogonsportnet.pl. Chodzi o Mohhammadjavada Hosseinnejada. Zdania kibic\u00f3w i ekspert\u00f3w na temat negocjacji z Rosjanami s\u0105 podzielone.\n                    <\/p>\n<p align=\"LEFT\">Jego wiod\u0105c\u0105 nog\u0105 jest lewa, a na murawie czuje si\u0119 najlepiej jako klasyczny ofensywny pomocnik. Co wa\u017cne dla sztabu szkoleniowego, z powodzeniem mo\u017ce operowa\u0107 r\u00f3wnie\u017c na prawym skrzydle, a w razie potrzeby wcieli\u0107 si\u0119 w rol\u0119 napastnika.<\/p>\n<p align=\"LEFT\">Jeszcze pod koniec ubieg\u0142ego roku, w grudniu 2025, g\u0142o\u015bno m\u00f3wi\u0142o si\u0119 o jego przenosinach do tureckiego Istanbulu Ba\u015fak\u015fehir, z kt\u00f3rych ostatecznie nic nie wysz\u0142o. Z kolei w ostatnim czasie media \u0142\u0105czy\u0142y go z portugalskim Rio Ave. Wszystko wskazuje jednak na to, \u017ce ostateczne porozumienie na linii klub-zawodnik zostanie wkr\u00f3tce wypracowane w\u0142a\u015bnie w Szczecinie \u2013 sugeruje portal.<\/p>\n<p>Czy Pogo\u0144 powinna negocjowa\u0107 z rosyjskimi klubami?<\/p>\n<p align=\"LEFT\">W\u0142a\u015bciciel Pogoni Szczecin, Alex Haditaghi, nie chcia\u0142 wcze\u015bniej robi\u0107 interes\u00f3w z reprezentuj\u0105cym Izrael Maccabi Tel-Aviv. \u201eWymordowali\u015bcie ponad 400 tys. ludzi w Strefie Gazy: dzieci, kobiety, osoby starsze, dziennikarzy, lekarzy, piel\u0119gniarki\u201d \u2013pisa\u0142 w\u00f3wczas w mediach spo\u0142eczno\u015bciowych biznesmen, krytykuj\u0105c dzia\u0142ania wojenne Izraela. Rosja natomiast wywo\u0142a\u0142a wojn\u0119 z Ukrain\u0105, kt\u00f3ra trwa za nasz\u0105 wschodni\u0105 granic\u0105 ju\u017c od ponad 4,5 roku.<\/p>\n<p align=\"LEFT\">T\u0142umaczy\u0107 ten ruch stara si\u0119 w serwisie X Daniel Trzepacz, kt\u00f3ry prowadzi portal pogonsportnet.pl. \u201eWidz\u0119 spore poruszenie w temacie Javada i klubu, z kt\u00f3rego mia\u0142by trafi\u0107 do Pogoni. Sprawdzi\u0142em z ciekawo\u015bci i tylko w tym okienku pi\u0142karze z tej ligi trafiali do Turcji, Chorwacji, Grecji, Belgii, Serbii, S\u0142owenii, Norwegii, Rumunii, Hiszpanii czy na Cypr\u201d \u2013 napisa\u0142 Trzepacz.<\/p>\n<p align=\"LEFT\">\u015awiat sportu nie powinien otwiera\u0107 si\u0119 na Rosj\u0119 \u2013 uwa\u017ca Sebastian Szczytkowski z redakcji WP Sportowe Fakty.<\/p>\n<p align=\"LEFT\">\u2013 Alex Haditaghi kreuje si\u0119 w mediach spo\u0142eczno\u015bciowych na idealist\u0119 w \u015bwiecie sportu. Pierwsze dwa s\u0142owa w opisie jego profilu, w portalu X, nie pozostawiaj\u0105 w\u0105tpliwo\u015bci, jak ceni sobie pok\u00f3j na \u015bwiecie. Dlatego, robi\u0105c interesy z Rosjanami, chodzi\u0142by wizerunkowo po cienkim lodzie. Przecie\u017c niedawno, bo w maju, zaprasza\u0142 ukrai\u0144skie zespo\u0142y do rozgrywania swoich mecz\u00f3w w Szczecinie. Teraz chce robi\u0107 przelewy Rosjanom? Kompletnie k\u0142\u00f3ci mi si\u0119 to, jak i nie jest dla mnie argumentem, \u017ce \u015bwiat sportu powoli otwiera si\u0119 na Rosj\u0119. Nie bez powodu lata temu si\u0119 zamkn\u0105\u0142, a wojna jak trwa\u0142a tak trwa \u2013stwierdzi\u0142 Szczytkowski.<\/p>\n<p align=\"LEFT\">Robert Juszczyk z podcastu \u201eSkazani na Pogo\u0144\u201d zgadza si\u0119 z Alexem Haditaghim w kontek\u015bcie podej\u015bcia do Izraela. Teraz oczekuje tego samego w kwestii rozm\u00f3w z Rosjanami.<\/p>\n<p align=\"LEFT\">\u2013 Ci\u0119\u017cko dzi\u015b rzetelnie oceni\u0107 tego gracza. Liga rosyjska po wybuchu wojny to sportowe peryferie, a jego w\u0142asny, s\u0142aby zesp\u00f3\u0142 musia\u0142 broni\u0107 si\u0119 przed spadkiem w bara\u017cach. Pomijaj\u0105c jednak sam sport, robienie tam biznes\u00f3w jest zwyczajnie nieetyczne. Zgadzam si\u0119 z postaw\u0105 Alexa Haditaghiego wobec Izraela i uwa\u017cam, \u017ce w tym przypadku powinien on zachowa\u0107 dok\u0142adnie te same standardy \u2013 skomentowa\u0142 Juszczyk.<\/p>\n<p align=\"LEFT\">Pogo\u0144 Szczecin rozpocz\u0119\u0142a w kratk\u0119 sezon 2026\/2027. Portowcy po kilku solidnych meczach w lidze przegrali mecz Pucharu Polski ze \u015al\u0105skiem Wroc\u0142aw.<\/p>\n","protected":false},"excerpt":{"rendered":"23-letni reprezentant Iranu, kt\u00f3ry na co dzie\u0144 wyst\u0119puje w rosyjskim Dynamie Machaczka\u0142a, na celowniku Pogoni Szczecin. Tak ustali\u0142&hellip;\n","protected":false},"author":2,"featured_media":668713,"comment_status":"","ping_status":"","sticky":false,"template":"","format":"standard","meta":{"footnotes":"","_share_on_mastodon":"0"},"categories":[51611],"tags":[291,1089,3839,3511,261,3840,42,38,40,907,39,41,123,2307,26,1092],"class_list":["post-668712","post","type-post","status-publish","format-standard","has-post-thumbnail","category-szczecin","tag-historia","tag-imprezy","tag-interwencje","tag-inwestycje","tag-kultura","tag-lokale","tag-pl","tag-poland","tag-polish","tag-polityka","tag-polska","tag-polski","tag-rozrywka","tag-szczecin","tag-wiadomosci","tag-wydarzenia"],"share_on_mastodon":{"url":"https:\/\/pubeurope.com\/@pl\/117217324081551703","error":""},"_links":{"self":[{"href":"https:\/\/www.europesays.com\/pl\/wp-json\/wp\/v2\/posts\/668712","targetHints":{"allow":["GET"]}}],"collection":[{"href":"https:\/\/www.europesays.com\/pl\/wp-json\/wp\/v2\/posts"}],"about":[{"href":"https:\/\/www.europesays.com\/pl\/wp-json\/wp\/v2\/types\/post"}],"author":[{"embeddable":true,"href":"https:\/\/www.europesays.com\/pl\/wp-json\/wp\/v2\/users\/2"}],"replies":[{"embeddable":true,"href":"https:\/\/www.europesays.com\/pl\/wp-json\/wp\/v2\/comments?post=668712"}],"version-history":[{"count":0,"href":"https:\/\/www.europesays.com\/pl\/wp-json\/wp\/v2\/posts\/668712\/revisions"}],"wp:featuredmedia":[{"embeddable":true,"href":"https:\/\/www.europesays.com\/pl\/wp-json\/wp\/v2\/media\/668713"}],"wp:attachment":[{"href":"https:\/\/www.europesays.com\/pl\/wp-json\/wp\/v2\/media?parent=668712"}],"wp:term":[{"taxonomy":"category","embeddable":true,"href":"https:\/\/www.europesays.com\/pl\/wp-json\/wp\/v2\/categories?post=668712"},{"taxonomy":"post_tag","embeddable":true,"href":"https:\/\/www.europesays.com\/pl\/wp-json\/wp\/v2\/tags?post=668712"}],"curies":[{"name":"wp","href":"https:\/\/api.w.org\/{rel}","templated":true}]}}